{"id":21972,"date":"2024-02-22T09:30:14","date_gmt":"2024-02-22T12:30:14","guid":{"rendered":"https:\/\/imais.online\/portal\/?p=21972"},"modified":"2024-02-22T09:30:14","modified_gmt":"2024-02-22T12:30:14","slug":"aula-inaugural-marca-parceria-inovadora-entre-os-cursos-tecnologos-na-fiec","status":"publish","type":"post","link":"https:\/\/imais.online\/portal\/aula-inaugural-marca-parceria-inovadora-entre-os-cursos-tecnologos-na-fiec\/","title":{"rendered":"Aula inaugural marca parceria inovadora entre os cursos tecn\u00f3logos na FIEC"},"content":{"rendered":"<div class=\"imais-before-content-placement\" id=\"imais-3493419931\"><script async src=\"\/\/pagead2.googlesyndication.com\/pagead\/js\/adsbygoogle.js?client=ca-pub-8787528412751566\" crossorigin=\"anonymous\"><\/script><ins class=\"adsbygoogle\" style=\"display:block;\" data-ad-client=\"ca-pub-8787528412751566\" \ndata-ad-slot=\"\" \ndata-ad-format=\"auto\"><\/ins>\n<script> \n(adsbygoogle = window.adsbygoogle || []).push({}); \n<\/script>\n<\/div>\n<p><em><small>Colabora\u00e7\u00e3o inovadora resulta em Planta Did\u00e1tica de Baixo Custo e Alta Tecnologia<\/small><\/em><\/p>\n\n\n\n<p>No dia 14 de fevereiro o audit\u00f3rio da Funda\u00e7\u00e3o Indaiatubana de Educa\u00e7\u00e3o e Cultura &#8211; FIEC, testemunhou um marco de colabora\u00e7\u00e3o e inova\u00e7\u00e3o durante a aula inaugural dos estudantes dos cursos t\u00e9cnicos e do Tecn\u00f3logo em Processos Qu\u00edmicos da Funda\u00e7\u00e3o.<\/p>\n\n\n\n<p>O evento contou com a presen\u00e7a da Diretora Nilza Chavier, pela Vice-Diretora Marta Elisa B\u00e9rgamo, representante do Conselho Regional de Qu\u00edmica (CRQ IV-Regi\u00e3o) da institui\u00e7\u00e3o, incluindo o Superintendente da FIEC, Geraldo Garcia, e o Prefeito de Indaiatuba, Nilson Gaspar, al\u00e9m de outros convidados como Sr. Carlos Fernandes Greff, Supervisor de Fiscaliza\u00e7\u00e3o do CRQ IV-Regi\u00e3o, e os coordenadores de curso do Tecn\u00f3logo em Processos Qu\u00edmicos, Claudemir Borgo, e Lucas Mariano Konishi T\u00e9cnico em Mecatr\u00f4nica.<\/p>\n\n\n\n<p>O destaque do evento foi a entrega de uma planta did\u00e1tica inovadora, desenvolvida para simular as vari\u00e1veis de temperatura, press\u00e3o, vaz\u00e3o e n\u00edvel de um tanque industrial. O projeto, concebido em 2022, surgiu da necessidade do curso de Tecn\u00f3logo em Processos Qu\u00edmicos de dispor de uma mini planta industrial para a realiza\u00e7\u00e3o de aulas pr\u00e1ticas.<\/p>\n\n\n\n<p>Professores e estudantes do Tecn\u00f3logo em Processos Qu\u00edmicos colaboraram estreitamente com seus colegas do curso de Mecatr\u00f4nica, estabelecendo uma parceria que resultou no desenvolvimento e constru\u00e7\u00e3o dessa planta did\u00e1tica inovadora.<\/p>\n\n\n\n<p>O projeto, alinhado aos princ\u00edpios da Ind\u00fastria 4.0, permite o controle das vari\u00e1veis do tanque industrial por meio de dispositivos m\u00f3veis, proporcionando acesso instant\u00e2neo e remoto \u00e0s informa\u00e7\u00f5es vitais. O investimento necess\u00e1rio para a implanta\u00e7\u00e3o do projeto, que alcan\u00e7a aproximadamente R$7.000,00 (sete mil reais), representa uma economia significativa em compara\u00e7\u00e3o aos custos m\u00e9dios de uma planta industrial pronta, estimados em R$300.000,00 (trezentos mil reais).<\/p>\n\n\n\n<p>O mais inspirador \u00e9 que essa iniciativa n\u00e3o apenas oferece uma ferramenta pr\u00e1tica para os estudantes, mas tamb\u00e9m promove a colabora\u00e7\u00e3o interdisciplinar e o aprendizado em equipe. Estudantes de Mecatr\u00f4nica e Tecn\u00f3logo em Processos Qu\u00edmicos uniram for\u00e7as para enfrentar desafios e alcan\u00e7ar um objetivo comum, demonstrando assim os valores fundamentais da educa\u00e7\u00e3o e da inova\u00e7\u00e3o.<\/p>\n\n\n\n<p>A planta did\u00e1tica, al\u00e9m de beneficiar os estudantes dos cursos T\u00e9cnicos de Mecatr\u00f4nica, Automa\u00e7\u00e3o, Eletroeletr\u00f4nica, Qu\u00edmica, Farm\u00e1cia e do Tecn\u00f3logo em Processos Qu\u00edmicos, representa um passo significativo em dire\u00e7\u00e3o \u00e0 moderniza\u00e7\u00e3o e excel\u00eancia educacional na Funda\u00e7\u00e3o Indaiatubana de Educa\u00e7\u00e3o e Cultura \u2013 FIEC em apoio a Prefeitura de Indaiatuba.&nbsp;<\/p>\n\n\n\n<p><strong>#PraTodosVerem:&nbsp;<\/strong>Grupo de pessoas posando para foto, incluindo o Prefeito Nilson Gaspar, junto do projeto da Planta Industrial. Fim da descri\u00e7\u00e3o.&nbsp;<\/p>\n","protected":false},"excerpt":{"rendered":"<p>Colabora\u00e7\u00e3o inovadora resulta em Planta Did\u00e1tica de Baixo Custo e Alta Tecnologia No dia 14 de fevereiro o audit\u00f3rio da Funda\u00e7\u00e3o Indaiatubana de Educa\u00e7\u00e3o e Cultura &#8211; FIEC, testemunhou um marco de colabora\u00e7\u00e3o e inova\u00e7\u00e3o durante a aula inaugural dos estudantes dos cursos t\u00e9cnicos e do Tecn\u00f3logo em Processos Qu\u00edmicos da Funda\u00e7\u00e3o. O evento contou [&hellip;]<\/p>\n","protected":false},"author":8,"featured_media":21973,"comment_status":"closed","ping_status":"open","sticky":false,"template":"","format":"standard","meta":{"rop_custom_images_group":[],"rop_custom_messages_group":[],"rop_publish_now":"initial","rop_publish_now_accounts":[],"rop_publish_now_history":[],"rop_publish_now_status":"pending","footnotes":""},"categories":[188],"tags":[],"class_list":["post-21972","post","type-post","status-publish","format-standard","has-post-thumbnail","hentry","category-indaiatuba"],"amp_enabled":true,"_links":{"self":[{"href":"https:\/\/imais.online\/portal\/wp-json\/wp\/v2\/posts\/21972","targetHints":{"allow":["GET"]}}],"collection":[{"href":"https:\/\/imais.online\/portal\/wp-json\/wp\/v2\/posts"}],"about":[{"href":"https:\/\/imais.online\/portal\/wp-json\/wp\/v2\/types\/post"}],"author":[{"embeddable":true,"href":"https:\/\/imais.online\/portal\/wp-json\/wp\/v2\/users\/8"}],"replies":[{"embeddable":true,"href":"https:\/\/imais.online\/portal\/wp-json\/wp\/v2\/comments?post=21972"}],"version-history":[{"count":1,"href":"https:\/\/imais.online\/portal\/wp-json\/wp\/v2\/posts\/21972\/revisions"}],"predecessor-version":[{"id":21974,"href":"https:\/\/imais.online\/portal\/wp-json\/wp\/v2\/posts\/21972\/revisions\/21974"}],"wp:featuredmedia":[{"embeddable":true,"href":"https:\/\/imais.online\/portal\/wp-json\/wp\/v2\/media\/21973"}],"wp:attachment":[{"href":"https:\/\/imais.online\/portal\/wp-json\/wp\/v2\/media?parent=21972"}],"wp:term":[{"taxonomy":"category","embeddable":true,"href":"https:\/\/imais.online\/portal\/wp-json\/wp\/v2\/categories?post=21972"},{"taxonomy":"post_tag","embeddable":true,"href":"https:\/\/imais.online\/portal\/wp-json\/wp\/v2\/tags?post=21972"}],"curies":[{"name":"wp","href":"https:\/\/api.w.org\/{rel}","templated":true}]}}