{"id":21989,"date":"2024-02-29T10:33:20","date_gmt":"2024-02-29T13:33:20","guid":{"rendered":"https:\/\/imais.online\/portal\/?p=21989"},"modified":"2024-02-29T10:33:37","modified_gmt":"2024-02-29T13:33:37","slug":"secretaria-de-obras-faz-interdicoes-parciais-no-transito-no-entorno-do-novo-elevado","status":"publish","type":"post","link":"https:\/\/imais.online\/portal\/secretaria-de-obras-faz-interdicoes-parciais-no-transito-no-entorno-do-novo-elevado\/","title":{"rendered":"Secretaria de Obras faz interdi\u00e7\u00f5es parciais no tr\u00e2nsito no entorno do novo elevado"},"content":{"rendered":"<div class=\"imais-before-content-placement\" id=\"imais-2841037639\"><script async src=\"\/\/pagead2.googlesyndication.com\/pagead\/js\/adsbygoogle.js?client=ca-pub-8787528412751566\" crossorigin=\"anonymous\"><\/script><ins class=\"adsbygoogle\" style=\"display:block;\" data-ad-client=\"ca-pub-8787528412751566\" \ndata-ad-slot=\"\" \ndata-ad-format=\"auto\"><\/ins>\n<script> \n(adsbygoogle = window.adsbygoogle || []).push({}); \n<\/script>\n<\/div>\n<p><em><small>Obras que complementam projeto do novo elevado podem causar lentid\u00e3o no tr\u00e2nsito no trecho<\/small><\/em><\/p>\n\n\n\n<p>A Secretaria de Obras e Vias P\u00fablicas informa que iniciou nesta quarta-feira (28\/02) mais uma etapa de servi\u00e7os para a conclus\u00e3o do projeto do novo elevado, na altura do Jardim Tancredo Neves. Interdi\u00e7\u00f5es parciais das vias no entorno foram necess\u00e1rias para dar andamento aos trabalhos, que devem ser conclu\u00eddos no prazo de 10 dias. A orienta\u00e7\u00e3o do Departamento de Tr\u00e2nsito \u00e9 para que os motoristas busquem rotas alternativas e evitem o trecho durante o per\u00edodo.<\/p>\n\n\n\n<p>A pista do novo elevado constru\u00eddo na avenida Engenheiro F\u00e1bio Roberto Barnab\u00e9 &#8211; Marginal Esquerda, foi liberada para o tr\u00e1fego de ve\u00edculos em dezembro, mas o projeto ainda inclui a reformula\u00e7\u00e3o de tr\u00e2nsito para a interliga\u00e7\u00e3o das al\u00e7as de acesso e a retirada dos sem\u00e1foros do local.&nbsp;&nbsp;Os trabalhos completar\u00e3o o projeto de mobilidade urbana iniciado em 2018, quando foi entregue o elevado da Marginal Direita, com o objetivo de dar mais fluidez ao tr\u00e2nsito nessa regi\u00e3o da cidade.<\/p>\n\n\n\n<p><strong>#PraTodosVerem:&nbsp;<\/strong>a foto mostra funcion\u00e1rios da Secretaria de Obras e Vias P\u00fablicas trabalhando no trecho da avenida Manoel Ruz Peres, embaixo do novo elevado. Dois ve\u00edculos do Departamento de Tr\u00e2nsito est\u00e3o estacionados \u00e0 direita e um caminh\u00e3o de Obras est\u00e1 estacionado \u00e0 esquerda da via, que est\u00e1 parcialmente interditada com cones e cavaletes na cor laranja. Fim da descri\u00e7\u00e3o.<\/p>\n","protected":false},"excerpt":{"rendered":"<p>Obras que complementam projeto do novo elevado podem causar lentid\u00e3o no tr\u00e2nsito no trecho A Secretaria de Obras e Vias P\u00fablicas informa que iniciou nesta quarta-feira (28\/02) mais uma etapa de servi\u00e7os para a conclus\u00e3o do projeto do novo elevado, na altura do Jardim Tancredo Neves. Interdi\u00e7\u00f5es parciais das vias no entorno foram necess\u00e1rias para [&hellip;]<\/p>\n","protected":false},"author":8,"featured_media":21990,"comment_status":"closed","ping_status":"open","sticky":false,"template":"","format":"standard","meta":{"rop_custom_images_group":[],"rop_custom_messages_group":[],"rop_publish_now":"initial","rop_publish_now_accounts":[],"rop_publish_now_history":[],"rop_publish_now_status":"pending","footnotes":""},"categories":[188],"tags":[],"class_list":["post-21989","post","type-post","status-publish","format-standard","has-post-thumbnail","hentry","category-indaiatuba"],"amp_enabled":true,"_links":{"self":[{"href":"https:\/\/imais.online\/portal\/wp-json\/wp\/v2\/posts\/21989","targetHints":{"allow":["GET"]}}],"collection":[{"href":"https:\/\/imais.online\/portal\/wp-json\/wp\/v2\/posts"}],"about":[{"href":"https:\/\/imais.online\/portal\/wp-json\/wp\/v2\/types\/post"}],"author":[{"embeddable":true,"href":"https:\/\/imais.online\/portal\/wp-json\/wp\/v2\/users\/8"}],"replies":[{"embeddable":true,"href":"https:\/\/imais.online\/portal\/wp-json\/wp\/v2\/comments?post=21989"}],"version-history":[{"count":1,"href":"https:\/\/imais.online\/portal\/wp-json\/wp\/v2\/posts\/21989\/revisions"}],"predecessor-version":[{"id":21991,"href":"https:\/\/imais.online\/portal\/wp-json\/wp\/v2\/posts\/21989\/revisions\/21991"}],"wp:featuredmedia":[{"embeddable":true,"href":"https:\/\/imais.online\/portal\/wp-json\/wp\/v2\/media\/21990"}],"wp:attachment":[{"href":"https:\/\/imais.online\/portal\/wp-json\/wp\/v2\/media?parent=21989"}],"wp:term":[{"taxonomy":"category","embeddable":true,"href":"https:\/\/imais.online\/portal\/wp-json\/wp\/v2\/categories?post=21989"},{"taxonomy":"post_tag","embeddable":true,"href":"https:\/\/imais.online\/portal\/wp-json\/wp\/v2\/tags?post=21989"}],"curies":[{"name":"wp","href":"https:\/\/api.w.org\/{rel}","templated":true}]}}