{"id":21996,"date":"2024-02-29T10:40:48","date_gmt":"2024-02-29T13:40:48","guid":{"rendered":"https:\/\/imais.online\/portal\/?p=21996"},"modified":"2024-02-29T10:40:49","modified_gmt":"2024-02-29T13:40:49","slug":"prefeito-nilson-gaspar-inaugura-creche-barbara-de-almeida-ferraz","status":"publish","type":"post","link":"https:\/\/imais.online\/portal\/prefeito-nilson-gaspar-inaugura-creche-barbara-de-almeida-ferraz\/","title":{"rendered":"Prefeito Nilson Gaspar inaugura Creche &#8220;B\u00e1rbara de Almeida Ferraz&#8221;"},"content":{"rendered":"<div class=\"imais-before-content-placement\" id=\"imais-2516255897\"><script async src=\"\/\/pagead2.googlesyndication.com\/pagead\/js\/adsbygoogle.js?client=ca-pub-8787528412751566\" crossorigin=\"anonymous\"><\/script><ins class=\"adsbygoogle\" style=\"display:block;\" data-ad-client=\"ca-pub-8787528412751566\" \ndata-ad-slot=\"\" \ndata-ad-format=\"auto\"><\/ins>\n<script> \n(adsbygoogle = window.adsbygoogle || []).push({}); \n<\/script>\n<\/div>\n<p><em><small>Nova unidade est\u00e1 localizada no Centro e tem capacidade de atendimento para at\u00e9 89 crian\u00e7as<\/small><\/em><\/p>\n\n\n\n<p>O prefeito Nilson Gaspar inaugurou a Creche \u201cB\u00e1rbara de Almeida Ferraz\u201d, localizada na rua 9 de Julho, no Centro, sexta-feira, dia 23 de fevereiro. A nova unidade tem capacidade para tender at\u00e9 89 crian\u00e7as e contou com investimento de R$ 3,3 milh\u00f5es da Prefeitura. A unidade foi constru\u00edda em \u00e1rea doada por Mathilde Bannwart, atrav\u00e9s da Lei n\u00ba 7.440.<\/p>\n\n\n\n<p>O projeto da Secretaria de Engenharia conta com 1.034m\u00b2 de constru\u00e7\u00e3o em dois pavimentos, com quatro salas de atividades, dois trocadores, sanit\u00e1rios com banho elevado, salas de repouso, de enfermagem e de reuni\u00e3o, p\u00e1tios, refeit\u00f3rio e cozinha.<\/p>\n\n\n\n<p>O prefeito Nilson Gaspar agradeceu&nbsp;\u00e0 fam\u00edlia Bannwart pela generosidade do ato e parabeniza pela escolha da homenageada. \u201cO projeto de uma creche no Centro s\u00f3 foi poss\u00edvel gra\u00e7as a doa\u00e7\u00e3o desta \u00e1rea \u00e0 Prefeitura pela dona Mathildes Bannwart.&nbsp;A unidade j\u00e1 est\u00e1 em funcionamento, atendendo 66 crian\u00e7as e sob a responsabilidade da Casa da Provid\u00eancia, nossa parceira na Educa\u00e7\u00e3o. O objetivo desta creche \u00e9 atender os trabalhadores do com\u00e9rcio, que agora t\u00eam um local pr\u00f3ximo do trabalho para deixar seus filhos\u201d, explicou Gaspar.<\/p>\n\n\n\n<p>O secret\u00e1rio de educa\u00e7\u00e3o cumprimentou os pais, as autoridades e a fam\u00edlia presente na inaugura\u00e7\u00e3o. \u201c\u00c9 uma alegria muito grande a gente poder realizar um sonho antigo da cidade. A Creche&nbsp;B\u00e1rbara de Almeida Ferraz, a creche do centro \u00e9&nbsp;mais um compromisso cumprido pelo nosso prefeito Nilson Gaspar. Os filhos dos trabalhadores desta regi\u00e3o agora contam com este espa\u00e7o todo planejado para cuidar e ensinar essas crian\u00e7as como elas merecem e t\u00eam o direito\u201d,&nbsp;encerrou o professor Eddye Rafaeta.<\/p>\n\n\n\n<p>Os vereadores Dr\u00ba Othiniel Harfuch, Alexandre Peres, engenheira Luci e o vereador licenciado Cebolinha marcaram presen\u00e7a no evento.<\/p>\n\n\n\n<p>No pavimento t\u00e9rreo foram constru\u00eddas quatro salas de atividades; dois trocadores; dois sanit\u00e1rios com banho elevado; p\u00e1tio coberto; \u00e1rea de dep\u00f3sito para brinquedos, lact\u00e1rio; sanit\u00e1rios para funcion\u00e1rios administrativos e professores; sala de coordena\u00e7\u00e3o; refeit\u00f3rio; recep\u00e7\u00e3o; banheiros masculinos e femininos adaptados; cozinha; despensa e \u00e1rea de triagem e de servi\u00e7os.<\/p>\n\n\n\n<p>A \u00e1rea externa ter\u00e1 quatro sol\u00e1rios e o acesso ao pavimento superior ser\u00e1 por rampa, atendendo as normas de acessibilidade.<\/p>\n\n\n\n<p>No pavimento superior fica uma sala de repouso; dois almoxarifados; sala de enfermagem; sala de reuni\u00e3o; copa; p\u00e1tio coberto; sanit\u00e1rios masculinos e femininos adaptados; \u00e1rea de servi\u00e7os e rouparia. O piso superior tamb\u00e9m contar\u00e1 com vesti\u00e1rios masculinos e femininos para funcion\u00e1rios e um amplo p\u00e1tio descoberto.<\/p>\n\n\n\n<p>Para 2024 a Rede Municipal de Educa\u00e7\u00e3o conta com a amplia\u00e7\u00e3o de atendimento para mais de 1.700 crian\u00e7as. S\u00e3o quatro novas creches, no Centro, no Jardim Tucanos, no Jardim Residencial Veneza e no Residencial C\u00e9u Azul, al\u00e9m do complexo educacional no Jardim Veneza e as amplia\u00e7\u00f5es do Espa\u00e7o Avan\u00e7ar e da Emeb \u201cProfessora Walda Maria Stocco Prandini\u201d do Campo Bonito.<\/p>\n\n\n\n<p><strong>Homenagem<\/strong><\/p>\n\n\n\n<p>A nova creche foi constru\u00edda em \u00e1rea doada por Mathilde Bannwart, atrav\u00e9s da Lei n\u00ba 7.440, a qual denomina B\u00e1rbara de Almeida Ferraz, nos termos da manifesta\u00e7\u00e3o de vontade da doadora.<\/p>\n\n\n\n<p>B\u00e1rbara de Almeida Ferraz, nasceu em Indaiatuba em 10 de setembro de 1884 e morou no munic\u00edpio por 89 anos, vindo a falecer em 11 de maio de 1974. Filha de pais escravos, nasceu livre e em sua juventude iniciou uma amizade que perdurou por toda sua vida com as filhas do Sr\u00ba Luiz Em\u00edlio Bannwart. Pessoa de origem humilde, semianalfabeta, por\u00e9m dotada de intelig\u00eancia e sabedoria.<\/p>\n\n\n\n<p><strong>#PraTodosVerem:&nbsp;<\/strong>A imagem mostra o p\u00e1tio da creche com a placa de inaugura\u00e7\u00e3o com o prefeito Nilson Gaspar, secret\u00e1rio de Educa\u00e7\u00e3o Eddye Rafaeta, a doadora da \u00e1rea,&nbsp;dona Mathildes Bannwart e demais autoridades e familiares. Fim da Descri\u00e7\u00e3o.<strong>&nbsp;<\/strong><\/p>\n","protected":false},"excerpt":{"rendered":"<p>Nova unidade est\u00e1 localizada no Centro e tem capacidade de atendimento para at\u00e9 89 crian\u00e7as O prefeito Nilson Gaspar inaugurou a Creche \u201cB\u00e1rbara de Almeida Ferraz\u201d, localizada na rua 9 de Julho, no Centro, sexta-feira, dia 23 de fevereiro. A nova unidade tem capacidade para tender at\u00e9 89 crian\u00e7as e contou com investimento de R$ [&hellip;]<\/p>\n","protected":false},"author":8,"featured_media":21997,"comment_status":"closed","ping_status":"open","sticky":false,"template":"","format":"standard","meta":{"rop_custom_images_group":[],"rop_custom_messages_group":[],"rop_publish_now":"initial","rop_publish_now_accounts":[],"rop_publish_now_history":[],"rop_publish_now_status":"pending","footnotes":""},"categories":[188],"tags":[73],"class_list":["post-21996","post","type-post","status-publish","format-standard","has-post-thumbnail","hentry","category-indaiatuba","tag-featured"],"amp_enabled":true,"_links":{"self":[{"href":"https:\/\/imais.online\/portal\/wp-json\/wp\/v2\/posts\/21996","targetHints":{"allow":["GET"]}}],"collection":[{"href":"https:\/\/imais.online\/portal\/wp-json\/wp\/v2\/posts"}],"about":[{"href":"https:\/\/imais.online\/portal\/wp-json\/wp\/v2\/types\/post"}],"author":[{"embeddable":true,"href":"https:\/\/imais.online\/portal\/wp-json\/wp\/v2\/users\/8"}],"replies":[{"embeddable":true,"href":"https:\/\/imais.online\/portal\/wp-json\/wp\/v2\/comments?post=21996"}],"version-history":[{"count":1,"href":"https:\/\/imais.online\/portal\/wp-json\/wp\/v2\/posts\/21996\/revisions"}],"predecessor-version":[{"id":21998,"href":"https:\/\/imais.online\/portal\/wp-json\/wp\/v2\/posts\/21996\/revisions\/21998"}],"wp:featuredmedia":[{"embeddable":true,"href":"https:\/\/imais.online\/portal\/wp-json\/wp\/v2\/media\/21997"}],"wp:attachment":[{"href":"https:\/\/imais.online\/portal\/wp-json\/wp\/v2\/media?parent=21996"}],"wp:term":[{"taxonomy":"category","embeddable":true,"href":"https:\/\/imais.online\/portal\/wp-json\/wp\/v2\/categories?post=21996"},{"taxonomy":"post_tag","embeddable":true,"href":"https:\/\/imais.online\/portal\/wp-json\/wp\/v2\/tags?post=21996"}],"curies":[{"name":"wp","href":"https:\/\/api.w.org\/{rel}","templated":true}]}}