{"id":21999,"date":"2024-02-29T10:46:54","date_gmt":"2024-02-29T13:46:54","guid":{"rendered":"https:\/\/imais.online\/portal\/?p=21999"},"modified":"2024-02-29T10:46:55","modified_gmt":"2024-02-29T13:46:55","slug":"desemprego-volta-a-subir-em-janeiro-e-atinge-83-milhoes-de-brasileiros","status":"publish","type":"post","link":"https:\/\/imais.online\/portal\/desemprego-volta-a-subir-em-janeiro-e-atinge-83-milhoes-de-brasileiros\/","title":{"rendered":"Desemprego volta a subir em janeiro e atinge 8,3 milh\u00f5es de brasileiros"},"content":{"rendered":"<div class=\"imais-before-content-placement\" id=\"imais-184619446\"><script async src=\"\/\/pagead2.googlesyndication.com\/pagead\/js\/adsbygoogle.js?client=ca-pub-8787528412751566\" crossorigin=\"anonymous\"><\/script><ins class=\"adsbygoogle\" style=\"display:block;\" data-ad-client=\"ca-pub-8787528412751566\" \ndata-ad-slot=\"\" \ndata-ad-format=\"auto\"><\/ins>\n<script> \n(adsbygoogle = window.adsbygoogle || []).push({}); \n<\/script>\n<\/div>\n<h2 class=\"wp-block-heading\">Taxa de desocupa\u00e7\u00e3o no pa\u00eds chegou ao menor n\u00edvel para o m\u00eas desde 2015,\u00a0e o sal\u00e1rio m\u00e9dio da popula\u00e7\u00e3o ficou em R$ 3.034<\/h2>\n\n\n\n<p>Depois de fechar 2023 com a nona queda consecutiva, a\u00a0<a rel=\"noreferrer noopener\" href=\"http:\/\/noticias.r7.com\/economia\/desemprego-brasil-2023-dezembro-pnad-continua-31012024\" target=\"_blank\">taxa de desemprego no Brasil<\/a>\u00a0voltou a subir e chegou a 7,6% no trimestre entre novembro de 2023 e janeiro deste ano. \u00c9 o menor n\u00edvel para o m\u00eas desde 2015. Os dados s\u00e3o da Pnad Cont\u00ednua (Pesquisa Nacional por Amostra de Domic\u00edlios), divulgada nesta quinta-feira (29) pelo IBGE (Instituto Brasileiro de Geografia e Estat\u00edstica).<\/p>\n\n\n\n<p>A pesquisa mostra que, apesar do recuo, 8,3 milh\u00f5es de brasileiros n\u00e3o ocupam uma vaga de trabalho. O \u00edndice ficou est\u00e1vel no trimestre e caiu 7,8% (menos 703 mil pessoas) no ano.<\/p>\n\n\n\n<p>O n\u00famero de pessoas ocupadas (100,5 milh\u00f5es), cresceu 0,4% no trimestre e 2,0% no ano.<\/p>\n\n\n\n<p>A massa de empregados com carteira de trabalho no setor privado chegou a 37,9 milh\u00f5es, com alta de 3,1% (mais 1,1 milh\u00e3o) no ano. Esse n\u00famero inclui os trabalhadores dom\u00e9sticos.<\/p>\n\n\n\n<figure class=\"wp-block-embed is-type-wp-embed is-provider-genially wp-block-embed-genially\"><div class=\"wp-block-embed__wrapper\">\n<iframe class=\"wp-embedded-content\" sandbox=\"allow-scripts\" security=\"restricted\" title=\"EVOLU\u00c7\u00c3O DA TAXA DE\u00a0 Desemprego NO BRASIL\" frameborder='0' width='769.9999999999999' height='600' src='https:\/\/view.genial.ly\/65df6f9b6f2f1200142beb63#?secret=YVym5tOgaN' data-secret='YVym5tOgaN' scrolling='yes'><\/iframe>\n<\/div><\/figure>\n\n\n\n<p>J\u00e1 o n\u00famero de empregados sem carteira no setor privado (13,4 milh\u00f5es) ficou est\u00e1vel no trimestre e cresceu 2,6% (mais 335 mil pessoas) no ano.<\/p>\n\n\n\n<p>Vale lembrar que, do final de 2015 at\u00e9 o come\u00e7o de 2017, o Brasil passou pela sua mais profunda crise econ\u00f4mica. Na \u00e9poca, o PIB (Produto Interno Bruto, que mede o tamanho de uma economia) trimestral teve tombo de at\u00e9 4,5%. Para efeito de compara\u00e7\u00e3o, a queda na pandemia foi de 3,3%, no final de 2020.<\/p>\n\n\n\n<h3 class=\"wp-block-heading\">Sal\u00e1rio m\u00e9dio do brasileiro<\/h3>\n\n\n\n<p>Os brasileiros empregados recebem, em m\u00e9dia, R$ 3.034 \u2014 sem varia\u00e7\u00e3o significativa na compara\u00e7\u00e3o com o trimestre anterior. Apenas os funcion\u00e1rios da administra\u00e7\u00e3o p\u00fablica, defesa, seguridade social, educa\u00e7\u00e3o, sa\u00fade humana e servi\u00e7os sociais tiveram um reajuste m\u00e9dio de R$ 94.<\/p>\n\n\n\n<p>Na compara\u00e7\u00e3o com o trimestre de novembro de 2022 a janeiro de 2023, os colaboradores da ind\u00fastria tiveram alta de 5,3% no sal\u00e1rio (mais R$ 152), enquanto os funcion\u00e1rios do com\u00e9rcio, repara\u00e7\u00e3o de ve\u00edculos automotores e motocicletas receberam, em m\u00e9dia, um aumento de R$ 125.\u00a0<\/p>\n\n\n\n<p>A massa de rendimento real habitual totalizou R$ 305,1 bilh\u00f5es em janeiro de 2024, um novo recorde para a s\u00e9rie hist\u00f3rica iniciada em 2012.<\/p>\n\n\n\n<h3 class=\"wp-block-heading\">Desalentados e subutiliza\u00e7\u00e3o<\/h3>\n\n\n\n<p>A popula\u00e7\u00e3o desalentada registrou 3,6 milh\u00f5es, ficando est\u00e1vel em compara\u00e7\u00e3o com o trimestre anterior. No ano, o \u00edndice recuou 9,8% (menos 388 mil pessoas).<\/p>\n\n\n\n<p>Essa categoria \u00e9 classificada como todos aqueles com mais de 14 anos que estavam fora do mercado de trabalho e n\u00e3o haviam realizado busca efetiva por uma coloca\u00e7\u00e3o.<\/p>\n\n\n\n<p>J\u00e1 a taxa de subutiliza\u00e7\u00e3o, que calcula o percentual de desocupados, subocupados por insufici\u00eancia de horas trabalhadas, e a for\u00e7a de trabalho potencial, ficou em 17,6%.<\/p>\n\n\n\n<p>Fonte R7<\/p>\n","protected":false},"excerpt":{"rendered":"<p>Taxa de desocupa\u00e7\u00e3o no pa\u00eds chegou ao menor n\u00edvel para o m\u00eas desde 2015,\u00a0e o sal\u00e1rio m\u00e9dio da popula\u00e7\u00e3o ficou em R$ 3.034 Depois de fechar 2023 com a nona queda consecutiva, a\u00a0taxa de desemprego no Brasil\u00a0voltou a subir e chegou a 7,6% no trimestre entre novembro de 2023 e janeiro deste ano. \u00c9 o [&hellip;]<\/p>\n","protected":false},"author":8,"featured_media":22000,"comment_status":"closed","ping_status":"open","sticky":false,"template":"","format":"standard","meta":{"rop_custom_images_group":[],"rop_custom_messages_group":[],"rop_publish_now":"initial","rop_publish_now_accounts":[],"rop_publish_now_history":[],"rop_publish_now_status":"pending","footnotes":""},"categories":[192],"tags":[73],"class_list":["post-21999","post","type-post","status-publish","format-standard","has-post-thumbnail","hentry","category-economia","tag-featured"],"amp_enabled":true,"_links":{"self":[{"href":"https:\/\/imais.online\/portal\/wp-json\/wp\/v2\/posts\/21999","targetHints":{"allow":["GET"]}}],"collection":[{"href":"https:\/\/imais.online\/portal\/wp-json\/wp\/v2\/posts"}],"about":[{"href":"https:\/\/imais.online\/portal\/wp-json\/wp\/v2\/types\/post"}],"author":[{"embeddable":true,"href":"https:\/\/imais.online\/portal\/wp-json\/wp\/v2\/users\/8"}],"replies":[{"embeddable":true,"href":"https:\/\/imais.online\/portal\/wp-json\/wp\/v2\/comments?post=21999"}],"version-history":[{"count":1,"href":"https:\/\/imais.online\/portal\/wp-json\/wp\/v2\/posts\/21999\/revisions"}],"predecessor-version":[{"id":22001,"href":"https:\/\/imais.online\/portal\/wp-json\/wp\/v2\/posts\/21999\/revisions\/22001"}],"wp:featuredmedia":[{"embeddable":true,"href":"https:\/\/imais.online\/portal\/wp-json\/wp\/v2\/media\/22000"}],"wp:attachment":[{"href":"https:\/\/imais.online\/portal\/wp-json\/wp\/v2\/media?parent=21999"}],"wp:term":[{"taxonomy":"category","embeddable":true,"href":"https:\/\/imais.online\/portal\/wp-json\/wp\/v2\/categories?post=21999"},{"taxonomy":"post_tag","embeddable":true,"href":"https:\/\/imais.online\/portal\/wp-json\/wp\/v2\/tags?post=21999"}],"curies":[{"name":"wp","href":"https:\/\/api.w.org\/{rel}","templated":true}]}}