{"id":22005,"date":"2024-02-29T10:59:00","date_gmt":"2024-02-29T13:59:00","guid":{"rendered":"https:\/\/imais.online\/portal\/?p=22005"},"modified":"2024-02-29T10:59:02","modified_gmt":"2024-02-29T13:59:02","slug":"putin-diz-que-ocidente-arrisca-guerra-nuclear-na-ucrania","status":"publish","type":"post","link":"https:\/\/imais.online\/portal\/putin-diz-que-ocidente-arrisca-guerra-nuclear-na-ucrania\/","title":{"rendered":"Putin diz que Ocidente arrisca guerra nuclear na Ucr\u00e2nia"},"content":{"rendered":"<div class=\"imais-before-content-placement\" id=\"imais-785029977\"><script async src=\"\/\/pagead2.googlesyndication.com\/pagead\/js\/adsbygoogle.js?client=ca-pub-8787528412751566\" crossorigin=\"anonymous\"><\/script><ins class=\"adsbygoogle\" style=\"display:block;\" data-ad-client=\"ca-pub-8787528412751566\" \ndata-ad-slot=\"\" \ndata-ad-format=\"auto\"><\/ins>\n<script> \n(adsbygoogle = window.adsbygoogle || []).push({}); \n<\/script>\n<\/div>\n<h2 class=\"wp-block-heading\">As coloca\u00e7\u00f5es de Putin ocorreram durante seu discurso anual, previsto pela Constitui\u00e7\u00e3o russa, \u00e0 Assembleia Federal (Congresso), em um centro de conven\u00e7\u00f5es no centro de Moscou<\/h2>\n\n\n\n<p>O presidente da R\u00fassia, Vladimir Putin, acusou nesta quinta (29) o Ocidente de arriscar uma guerra nuclear que \u201cir\u00e1 destruir a civiliza\u00e7\u00e3o\u201d ao sugerir o envio de soldados da alian\u00e7a militar Otan para a Ucr\u00e2nia.<\/p>\n\n\n\n<p>O l\u00edder tamb\u00e9m disse que o Ocidente quer \u201crepetir o truque que foi bem-sucedido nos anos 1980 com a Uni\u00e3o Sovi\u00e9tica\u201d ao \u201ctentar nos arrastar para uma corrida armamentista\u201d. \u201cTemos de distribuir recursos da forma mais racional poss\u00edvel para construir uma economia eficaz de nossas For\u00e7as Armadas\u201d, afirmou.<\/p>\n\n\n\n<p>As coloca\u00e7\u00f5es de Putin ocorreram durante seu discurso anual, previsto pela Constitui\u00e7\u00e3o russa, \u00e0 Assembleia Federal (Congresso), em um centro de conven\u00e7\u00f5es no centro de Moscou. Com a elei\u00e7\u00e3o presidencial a menos de um m\u00eas de dist\u00e2ncia, a fala \u00e9 uma esp\u00e9cie de resumo de seus temas de campanha e um roteiro de sua ret\u00f3rica.<\/p>\n\n\n\n<p>Assim, al\u00e9m de falar grosso sobre advers\u00e1rios, boa parte do discurso foi dedicada para assuntos dom\u00e9sticos: incentivos para aumentar a natalidade, dados econ\u00f4micos, programas para a redu\u00e7\u00e3o do alcoolismo, intelig\u00eancia artificial, melhorias para pequenos empres\u00e1rios.<\/p>\n\n\n\n<p>Putin ser\u00e1 reeleito, mas para o Kremlin uma boa vota\u00e7\u00e3o e comparecimento \u00e0s urnas \u00e9 essencial para a legitima\u00e7\u00e3o de seu poder.<\/p>\n\n\n\n<p>Mas o tema que permeou a fala foi a Guerra da Ucr\u00e2nia, iniciada por Putin h\u00e1 dois anos, e o confronto com os Estados Unidos e seus aliados. \u00c9 algo que ressoa no eleitorado: o temor de uma guerra com o Ocidente \u00e9 o maior para 55% dos russos, segundo pesquisa divulgada dia 20 pelo Centro Levada, instituto independente.<\/p>\n\n\n\n<p>\u201cN\u00f3s lembramos do destino de todos que enviaram contingentes ao nosso pa\u00eds\u201d, afirmou, em refer\u00eancia \u00e0s invas\u00f5es francesa e alem\u00e3 no passado. \u201cAgora, as consequ\u00eancias para os potenciais interventores s\u00e3o muito mais tr\u00e1gicas. Eles precisam finalmente entender, e eu acabei de falar a eles, que n\u00f3s tamb\u00e9m temos armas que podem destruir alvos nos territ\u00f3rios deles.\u201d<\/p>\n\n\n\n<p>Foi um recado particular ao presidente franc\u00eas, Emmanuel Macron, que levantou a ideia de ajudar a Ucr\u00e2nia n\u00e3o s\u00f3 com armas, mas com for\u00e7as. \u201cEles n\u00e3o entendem que existe o risco de um conflito nuclear?\u201d, disse.<\/p>\n\n\n\n<p>A proposta foi rejeitada por colegas europeus, ciosos da disposi\u00e7\u00e3o russa \u2013o porta-voz de Putin, Dmitri Peskov, j\u00e1 havia falado na \u201cinevitabilidade\u201d de uma guerra com a Otan se isso ocorresse.<\/p>\n\n\n\n<p>A refer\u00eancia \u00e0 corrida armamentista que ajudou a implodir a Uni\u00e3o Sovi\u00e9tica remete \u00e0 obsess\u00e3o hist\u00f3rica de Putin de recolocar a R\u00fassia como pot\u00eancia global. Com efeito, o pa\u00eds entrou em ritmo de economia de guerra ap\u00f3s a invas\u00e3o do vizinho, e hoje um ter\u00e7o de seu investimento federal livre vai para defesa. O gasto militar foi de 4% do PIB em 2023, e pode chegar a 7% neste ano.<\/p>\n\n\n\n<p>O russo aproveitou o bom momento em campo na guerra, que viu mais uma cidade no leste cair para as suas for\u00e7as nesta quinta. \u201cN\u00f3s estamos com a iniciativa, na ofensiva. N\u00f3s n\u00e3o come\u00e7amos essa guerra, mas faremos tudo para acabar com ela, erradicar o nazismo\u201d, disse, repetindo o mantra de sua invas\u00e3o.<\/p>\n\n\n\n<p>\u201cGanhamos grande experi\u00eancia de combate. Sabemos que ainda temos problemas, mas ao mesmo tempo sabemos o que fazer\u201d, afirmou, oferecendo um minuto de sil\u00eancio para \u201cos her\u00f3is ca\u00eddos\u201d na defesa dos interesses \u201cdas popula\u00e7\u00f5es do Donbass (leste ucraniano) e da Nova R\u00fassia (sul do pa\u00eds)\u201d, \u00e1reas hoje sob controle parcial do Kremlin.<\/p>\n\n\n\n<p>Ele celebrou tamb\u00e9m os dez anos do que chamou de Primavera Russa, a anexa\u00e7\u00e3o da Crimeia e o in\u00edcio da guerra civil no leste ucraniano. Ao se gabar de capacidades nucleares avan\u00e7adas, disse que o \u201ctorpedo do ju\u00edzo final\u201d Poseidon est\u00e1 quase pronto para uso.<\/p>\n\n\n\n<p>Confirmou que, al\u00e9m do m\u00edssil bal\u00edstico lan\u00e7ado por ca\u00e7as Kinjal, a R\u00fassia usou na Ucr\u00e2nia outra de suas \u201carmas invenc\u00edveis\u201d anunciadas em 2018, o tamb\u00e9m hipers\u00f4nico Tsirkon.<\/p>\n\n\n\n<p>Putin come\u00e7ou a falar \u00e0s 12h15 (6h15 em Bras\u00edlia). O discurso sempre \u00e9 muito antecipado: no ano passado, ele acabou com o an\u00fancio da sa\u00edda russa do \u00faltimo acordo de controle de armas nucleares em vigor. Este foi o 19\u00ba discurso feito por Putin, no Kremlin desde o fim de 1999.<\/p>\n\n\n\n<p>O presidente repetiu sua vis\u00e3o de mundo segundo a qual os Brics, bloco do qual o Brasil faz parte, ser\u00e1 vital para a reconstru\u00e7\u00e3o da ordem internacional. \u201cEm 2028, os Brics, com seus novos membros, ser\u00e3o respons\u00e1veis por 72% do PIB mundial\u201d, disse.<\/p>\n\n\n\n<p>Defendeu o fim do d\u00f3lar como padr\u00e3o de negocia\u00e7\u00f5es mundiais devido a seu uso pol\u00edtico pelos EUA, posi\u00e7\u00e3o que encontra eco no governo brasileiro. \u201cO Ocidente desacreditou suas moedas com o regime de san\u00e7\u00f5es\u201d adotado contra a R\u00fassia devido \u00e0 guerra, que por ora falhou em imobilizar o pa\u00eds.<\/p>\n\n\n\n<p>Como seria previs\u00edvel, nenhuma palavra at\u00e9 aqui acerca de dissenso interno ou a morte do ativista Alexei Navalni na cadeia, ocorrida h\u00e1 duas semanas. O opositor seria enterrado nesta quinta, mas seus aliados disseram n\u00e3o encontrar ningu\u00e9m para fazer o servi\u00e7o devido ao discurso de Putin \u2013a cerim\u00f4nia ser\u00e1 nesta sexta (1\u00ba).<\/p>\n\n\n\n<p>Fonte Jornal de Brasilia <\/p>\n","protected":false},"excerpt":{"rendered":"<p>As coloca\u00e7\u00f5es de Putin ocorreram durante seu discurso anual, previsto pela Constitui\u00e7\u00e3o russa, \u00e0 Assembleia Federal (Congresso), em um centro de conven\u00e7\u00f5es no centro de Moscou O presidente da R\u00fassia, Vladimir Putin, acusou nesta quinta (29) o Ocidente de arriscar uma guerra nuclear que \u201cir\u00e1 destruir a civiliza\u00e7\u00e3o\u201d ao sugerir o envio de soldados da [&hellip;]<\/p>\n","protected":false},"author":8,"featured_media":22006,"comment_status":"closed","ping_status":"open","sticky":false,"template":"","format":"standard","meta":{"rop_custom_images_group":[],"rop_custom_messages_group":[],"rop_publish_now":"initial","rop_publish_now_accounts":[],"rop_publish_now_history":[],"rop_publish_now_status":"pending","footnotes":""},"categories":[212],"tags":[],"class_list":["post-22005","post","type-post","status-publish","format-standard","has-post-thumbnail","hentry","category-internacional"],"amp_enabled":true,"_links":{"self":[{"href":"https:\/\/imais.online\/portal\/wp-json\/wp\/v2\/posts\/22005","targetHints":{"allow":["GET"]}}],"collection":[{"href":"https:\/\/imais.online\/portal\/wp-json\/wp\/v2\/posts"}],"about":[{"href":"https:\/\/imais.online\/portal\/wp-json\/wp\/v2\/types\/post"}],"author":[{"embeddable":true,"href":"https:\/\/imais.online\/portal\/wp-json\/wp\/v2\/users\/8"}],"replies":[{"embeddable":true,"href":"https:\/\/imais.online\/portal\/wp-json\/wp\/v2\/comments?post=22005"}],"version-history":[{"count":1,"href":"https:\/\/imais.online\/portal\/wp-json\/wp\/v2\/posts\/22005\/revisions"}],"predecessor-version":[{"id":22007,"href":"https:\/\/imais.online\/portal\/wp-json\/wp\/v2\/posts\/22005\/revisions\/22007"}],"wp:featuredmedia":[{"embeddable":true,"href":"https:\/\/imais.online\/portal\/wp-json\/wp\/v2\/media\/22006"}],"wp:attachment":[{"href":"https:\/\/imais.online\/portal\/wp-json\/wp\/v2\/media?parent=22005"}],"wp:term":[{"taxonomy":"category","embeddable":true,"href":"https:\/\/imais.online\/portal\/wp-json\/wp\/v2\/categories?post=22005"},{"taxonomy":"post_tag","embeddable":true,"href":"https:\/\/imais.online\/portal\/wp-json\/wp\/v2\/tags?post=22005"}],"curies":[{"name":"wp","href":"https:\/\/api.w.org\/{rel}","templated":true}]}}