{"id":2201,"date":"2021-10-11T17:02:08","date_gmt":"2021-10-11T20:02:08","guid":{"rendered":"https:\/\/imais.online\/portal\/?p=2201"},"modified":"2021-10-11T17:03:10","modified_gmt":"2021-10-11T20:03:10","slug":"apos-2-anos-lima-duarte-reune-a-familia-em-sitio-no-interior-de-sp","status":"publish","type":"post","link":"https:\/\/imais.online\/portal\/apos-2-anos-lima-duarte-reune-a-familia-em-sitio-no-interior-de-sp\/","title":{"rendered":"Ap\u00f3s 2 anos, Lima Duarte re\u00fane a fam\u00edlia em s\u00edtio no interior de SP"},"content":{"rendered":"<div class=\"imais-before-content-placement\" id=\"imais-3334779370\"><script async src=\"\/\/pagead2.googlesyndication.com\/pagead\/js\/adsbygoogle.js?client=ca-pub-8787528412751566\" crossorigin=\"anonymous\"><\/script><ins class=\"adsbygoogle\" style=\"display:block;\" data-ad-client=\"ca-pub-8787528412751566\" \ndata-ad-slot=\"\" \ndata-ad-format=\"auto\"><\/ins>\n<script> \n(adsbygoogle = window.adsbygoogle || []).push({}); \n<\/script>\n<\/div>\n<h2 class=\"has-text-align-center wp-block-heading\">Atriz postou fotos e v\u00eddeos da reuni\u00e3o familiar em Indaiatuba, em S\u00e3o Paulo<\/h2>\n\n\n\n<p>A atriz\u00a0Paloma Duarte\u00a0compartilhou no Instagram nesta segunda-feira (11) momentos com a fam\u00edlia no s\u00edtio do av\u00f4, o ator\u00a0Lima Duarte, de 91 anos, em Indaiatuba, interior de S\u00e3o Paulo. &#8220;N\u00f3s n\u00e3o nos reun\u00edamos h\u00e1 dois anos! Foi dif\u00edcil, pandemia, testes, todos negativos (am\u00e9m), vida! Conseguimos esse dia lindo, direito a almo\u00e7o divino e tarde cheia de causos e brincadeiras. Monica Maluf, inclusive vou postar nossa cena de improviso! Amo muito voc\u00eas, fam\u00edlia. Karina Maluf, a mais gata do cl\u00e3, tinha que sair cagada (risos)&#8221;, escreveu Paloma, usando ainda as hashtags &#8220;meu cl\u00e3&#8221;, &#8220;meus amores&#8221;, &#8220;melhores improvisos&#8221; e &#8220;casa do v\u00f4&#8221;.<\/p>\n\n\n\n<p>A atriz ainda postou um v\u00eddeo com a seguinte legenda: &#8220;Resum\u00e3o de ontem e efeito cont\u00ednuo de calor no cuore! Bah! Quanta bagun\u00e7a a gente faz, a gente \u00e9 (<em>risos<\/em>). A trilha (&#8216;Dez a Dez&#8217;, de Elymar Santos) foi o &#8216;v\u00f4&#8217; que determinou pois ele explica: esse \u00e9 o hino de quando estamos no s\u00edtio! (depois ele dubla e morre de rir). Minha family \u00e9 t\u00e3o goxtosa, a gente parece tudo crian\u00e7a quando se re\u00fane&#8221;.<\/p>\n\n\n\n<p>Lima postou o mesmo v\u00eddeo em sua rede social. &#8220;O hino do s\u00edtio e a bagun\u00e7a da fam\u00edlia. Obrigado pelo v\u00eddeo minha neta lind\u00edssima, Paloma Duarte!&#8221;, escreveu o veterano. A atriz Debora Duarte, filha de Lima e m\u00e3e de Paloma, tamb\u00e9m postou uma foto da reuni\u00e3o de fam\u00edlia em seu Instagram. &#8220;Boa noite para todos n\u00f3s!&#8221;, postou ela.<\/p>\n\n\n\n<p>Paloma tamb\u00e9m publicou uma foto s\u00f3 com Lima e falou sobre a expectativa de contracenar com o av\u00f4 em\u00a0<em>Al\u00e9m da Ilus\u00e3o<\/em>, pr\u00f3xima novela das seis da Globo. Eles foram escalados para viverem pai e filha na hist\u00f3ria de Alessandra Poggi, que tem previs\u00e3o de estrear no ano que vem, ap\u00f3s\u00a0<em>Nos Tempos do Imperador<\/em>. &#8220;Te pego em cena&#8221;, escreveu a atriz.\u00a0Ana Clara Winter, filha de Paloma, interpretar\u00e1 a filha da atriz na trama. Dessa forma, Lima vai contracenar com a neta e bisneta na hist\u00f3ria.<\/p>\n","protected":false},"excerpt":{"rendered":"<p>Atriz postou fotos e v\u00eddeos da reuni\u00e3o familiar em Indaiatuba, em S\u00e3o Paulo A atriz\u00a0Paloma Duarte\u00a0compartilhou no Instagram nesta segunda-feira (11) momentos com a fam\u00edlia no s\u00edtio do av\u00f4, o ator\u00a0Lima Duarte, de 91 anos, em Indaiatuba, interior de S\u00e3o Paulo. &#8220;N\u00f3s n\u00e3o nos reun\u00edamos h\u00e1 dois anos! Foi dif\u00edcil, pandemia, testes, todos negativos (am\u00e9m), [&hellip;]<\/p>\n","protected":false},"author":8,"featured_media":2202,"comment_status":"closed","ping_status":"open","sticky":false,"template":"","format":"standard","meta":{"rop_custom_images_group":[],"rop_custom_messages_group":[],"rop_publish_now":"initial","rop_publish_now_accounts":[],"rop_publish_now_history":[],"rop_publish_now_status":"pending","footnotes":""},"categories":[16],"tags":[],"class_list":["post-2201","post","type-post","status-publish","format-standard","has-post-thumbnail","hentry","category-entertainment"],"amp_enabled":true,"_links":{"self":[{"href":"https:\/\/imais.online\/portal\/wp-json\/wp\/v2\/posts\/2201","targetHints":{"allow":["GET"]}}],"collection":[{"href":"https:\/\/imais.online\/portal\/wp-json\/wp\/v2\/posts"}],"about":[{"href":"https:\/\/imais.online\/portal\/wp-json\/wp\/v2\/types\/post"}],"author":[{"embeddable":true,"href":"https:\/\/imais.online\/portal\/wp-json\/wp\/v2\/users\/8"}],"replies":[{"embeddable":true,"href":"https:\/\/imais.online\/portal\/wp-json\/wp\/v2\/comments?post=2201"}],"version-history":[{"count":1,"href":"https:\/\/imais.online\/portal\/wp-json\/wp\/v2\/posts\/2201\/revisions"}],"predecessor-version":[{"id":2203,"href":"https:\/\/imais.online\/portal\/wp-json\/wp\/v2\/posts\/2201\/revisions\/2203"}],"wp:featuredmedia":[{"embeddable":true,"href":"https:\/\/imais.online\/portal\/wp-json\/wp\/v2\/media\/2202"}],"wp:attachment":[{"href":"https:\/\/imais.online\/portal\/wp-json\/wp\/v2\/media?parent=2201"}],"wp:term":[{"taxonomy":"category","embeddable":true,"href":"https:\/\/imais.online\/portal\/wp-json\/wp\/v2\/categories?post=2201"},{"taxonomy":"post_tag","embeddable":true,"href":"https:\/\/imais.online\/portal\/wp-json\/wp\/v2\/tags?post=2201"}],"curies":[{"name":"wp","href":"https:\/\/api.w.org\/{rel}","templated":true}]}}