{"id":22011,"date":"2024-02-29T11:15:19","date_gmt":"2024-02-29T14:15:19","guid":{"rendered":"https:\/\/imais.online\/portal\/?p=22011"},"modified":"2024-02-29T11:15:20","modified_gmt":"2024-02-29T14:15:20","slug":"semana-de-moda-de-paris-2024-5-tendencias-da-temporada-ate-o-momento","status":"publish","type":"post","link":"https:\/\/imais.online\/portal\/semana-de-moda-de-paris-2024-5-tendencias-da-temporada-ate-o-momento\/","title":{"rendered":"Semana de Moda de Paris 2024: 5 tend\u00eancias da temporada at\u00e9 o momento"},"content":{"rendered":"<div class=\"imais-before-content-placement\" id=\"imais-1202677926\"><script async src=\"\/\/pagead2.googlesyndication.com\/pagead\/js\/adsbygoogle.js?client=ca-pub-8787528412751566\" crossorigin=\"anonymous\"><\/script><ins class=\"adsbygoogle\" style=\"display:block;\" data-ad-client=\"ca-pub-8787528412751566\" \ndata-ad-slot=\"\" \ndata-ad-format=\"auto\"><\/ins>\n<script> \n(adsbygoogle = window.adsbygoogle || []).push({}); \n<\/script>\n<\/div>\n<p>Programa\u00e7\u00e3o teve in\u00edcio na \u00faltima segunda-feira (26) e segue at\u00e9 o dia 5 de mar\u00e7o; confira<\/p>\n\n\n\n<p>Encerrando a temporada de outono-inverno 2024, a\u00a0<strong>Semana de Moda de Paris<\/strong>\u00a0teve in\u00edcio na \u00faltima segunda-feira (26) e segue at\u00e9 o dia 5 de mar\u00e7o.<\/p>\n\n\n\n<p>Diretamente da capital francesa, etiquetas como&nbsp;<a href=\"https:\/\/www.cnnbrasil.com.br\/internacional\/como-uma-bolsa-da-dior-abalou-a-politica-da-coreia-do-sul\/\" target=\"_blank\" rel=\"noreferrer noopener\">Dior<\/a>,&nbsp;<a href=\"https:\/\/www.cnnbrasil.com.br\/lifestyle\/em-paris-bruna-marquezine-acompanha-desfile-da-saint-laurent\/\" target=\"_blank\" rel=\"noreferrer noopener\">Saint Laurent<\/a>&nbsp;e Balmain j\u00e1 demonstraram suas apostas em desfiles ic\u00f4nicos que, al\u00e9m de alertarem tend\u00eancias, tamb\u00e9m prometem estar em alto nos pr\u00f3ximos meses. Confira:<\/p>\n\n\n\n<h2 class=\"wp-block-heading\">Oncinha<\/h2>\n\n\n\n<p>Durante a apresenta\u00e7\u00e3o da&nbsp;<strong>Dior<\/strong>, o foco de Maria Grazia Chiuri esteve direcionado para o fim da d\u00e9cada de 1960, para manter a est\u00e9tica carregada de feminilidade que conecta com a arte e o legado da maison francesa.<\/p>\n\n\n\n<p>Na passarela, al\u00e9m da simplicidade que marca a sua assinatura, a cole\u00e7\u00e3o de inverno trouxe um ar leve com looks \u00e0 base de alfaiataria. A oncinha, estampa cl\u00e1ssica e que nunca perde a eleg\u00e2ncia, tamb\u00e9m se consagrou em cena.<\/p>\n\n\n\n<h2 class=\"wp-block-heading\">Botas de cano longo<\/h2>\n\n\n\n<p>Garantindo o peso certo para o look, as botas de cano longo v\u00eam se mostrando uma das tend\u00eancias da temporada, ao provar o quanto a moda \u00e9 c\u00edclica, al\u00e9m de destacar a pegada sexy na composi\u00e7\u00e3o do estilo.<\/p>\n\n\n\n<h2 class=\"wp-block-heading\">Transpar\u00eancia<\/h2>\n\n\n\n<p>E por falar em\u00a0<a rel=\"noreferrer noopener\" href=\"https:\/\/www.cnnbrasil.com.br\/lifestyle\/bbb24-veja-o-valor-do-vestido-que-yasmin-brunet-emprestou-para-beatriz\/\" target=\"_blank\">sensualidade<\/a>, como j\u00e1 era de se esperar, a\u00a0<strong>Saint Laurent<\/strong>, por exemplo, cravou a palavra ao desenhar uma cole\u00e7\u00e3o em que os seios femininos ganham total evid\u00eancia e liberdade.<\/p>\n\n\n\n<h2 class=\"wp-block-heading\">Meia-cal\u00e7a<\/h2>\n\n\n\n<p>Ainda na passarela de Vaccarello, a meia-cal\u00e7a ganhou protagonismo em looks que iam muito al\u00e9m das pernas, uma vez que apareceu em vestidos sem mangas e cinta-liga, por exemplo.<\/p>\n\n\n\n<h2 class=\"wp-block-heading\">Frutas em cena<\/h2>\n\n\n\n<p>Na passarela da\u00a0<strong>Balmain<\/strong>, o inverno chegou acompanhado de frutas, com destaque para as uvas, s\u00edmbolo que marca o principal produto da cidade natal do diretor criativo\u00a0<strong>Oliver Rousteing<\/strong>. O desfile contemplou os cachos em chaveiros das bolsas, brincos, colares, bordados e outras composi\u00e7\u00f5es.<\/p>\n\n\n\n<p>Fonte CNN Brasil <\/p>\n","protected":false},"excerpt":{"rendered":"<p>Programa\u00e7\u00e3o teve in\u00edcio na \u00faltima segunda-feira (26) e segue at\u00e9 o dia 5 de mar\u00e7o; confira Encerrando a temporada de outono-inverno 2024, a\u00a0Semana de Moda de Paris\u00a0teve in\u00edcio na \u00faltima segunda-feira (26) e segue at\u00e9 o dia 5 de mar\u00e7o. Diretamente da capital francesa, etiquetas como&nbsp;Dior,&nbsp;Saint Laurent&nbsp;e Balmain j\u00e1 demonstraram suas apostas em desfiles ic\u00f4nicos [&hellip;]<\/p>\n","protected":false},"author":8,"featured_media":22012,"comment_status":"closed","ping_status":"open","sticky":false,"template":"","format":"standard","meta":{"rop_custom_images_group":[],"rop_custom_messages_group":[],"rop_publish_now":"initial","rop_publish_now_accounts":[],"rop_publish_now_history":[],"rop_publish_now_status":"pending","footnotes":""},"categories":[17],"tags":[73],"class_list":["post-22011","post","type-post","status-publish","format-standard","has-post-thumbnail","hentry","category-fashion","tag-featured"],"amp_enabled":true,"_links":{"self":[{"href":"https:\/\/imais.online\/portal\/wp-json\/wp\/v2\/posts\/22011","targetHints":{"allow":["GET"]}}],"collection":[{"href":"https:\/\/imais.online\/portal\/wp-json\/wp\/v2\/posts"}],"about":[{"href":"https:\/\/imais.online\/portal\/wp-json\/wp\/v2\/types\/post"}],"author":[{"embeddable":true,"href":"https:\/\/imais.online\/portal\/wp-json\/wp\/v2\/users\/8"}],"replies":[{"embeddable":true,"href":"https:\/\/imais.online\/portal\/wp-json\/wp\/v2\/comments?post=22011"}],"version-history":[{"count":1,"href":"https:\/\/imais.online\/portal\/wp-json\/wp\/v2\/posts\/22011\/revisions"}],"predecessor-version":[{"id":22013,"href":"https:\/\/imais.online\/portal\/wp-json\/wp\/v2\/posts\/22011\/revisions\/22013"}],"wp:featuredmedia":[{"embeddable":true,"href":"https:\/\/imais.online\/portal\/wp-json\/wp\/v2\/media\/22012"}],"wp:attachment":[{"href":"https:\/\/imais.online\/portal\/wp-json\/wp\/v2\/media?parent=22011"}],"wp:term":[{"taxonomy":"category","embeddable":true,"href":"https:\/\/imais.online\/portal\/wp-json\/wp\/v2\/categories?post=22011"},{"taxonomy":"post_tag","embeddable":true,"href":"https:\/\/imais.online\/portal\/wp-json\/wp\/v2\/tags?post=22011"}],"curies":[{"name":"wp","href":"https:\/\/api.w.org\/{rel}","templated":true}]}}