{"id":22017,"date":"2024-02-29T11:37:02","date_gmt":"2024-02-29T14:37:02","guid":{"rendered":"https:\/\/imais.online\/portal\/?p=22017"},"modified":"2024-02-29T11:37:03","modified_gmt":"2024-02-29T14:37:03","slug":"nascidos-no-dia-29-de-fevereiro-veja-como-funciona-registro-de-quem-chega-ao-mundo-em-ano-bissexto","status":"publish","type":"post","link":"https:\/\/imais.online\/portal\/nascidos-no-dia-29-de-fevereiro-veja-como-funciona-registro-de-quem-chega-ao-mundo-em-ano-bissexto\/","title":{"rendered":"Nascidos no dia 29 de fevereiro: veja como funciona registro de quem chega ao mundo em ano bissexto"},"content":{"rendered":"<div class=\"imais-before-content-placement\" id=\"imais-2657761034\"><script async src=\"\/\/pagead2.googlesyndication.com\/pagead\/js\/adsbygoogle.js?client=ca-pub-8787528412751566\" crossorigin=\"anonymous\"><\/script><ins class=\"adsbygoogle\" style=\"display:block;\" data-ad-client=\"ca-pub-8787528412751566\" \ndata-ad-slot=\"\" \ndata-ad-format=\"auto\"><\/ins>\n<script> \n(adsbygoogle = window.adsbygoogle || []).push({}); \n<\/script>\n<\/div>\n<h2 class=\"wp-block-heading\">De acordo com lei federal, cart\u00f3rios t\u00eam que registrar os beb\u00eas exatamente na data em que eles nasceram.<\/h2>\n\n\n\n<p><strong>J\u00e1 imaginou fazer anivers\u00e1rio a cada quatro anos?<\/strong><strong>&nbsp;<\/strong>Pessoas nascidas no dia 29 de fevereiro, ano bissexto, vivem esta realidade. Mas e na hora de registrar o beb\u00ea no cart\u00f3rio? Ser\u00e1 que tem que mudar a data? A resposta \u00e9&nbsp;<strong>n\u00e3o<\/strong>.<\/p>\n\n\n\n<p>De acordo com o<strong>&nbsp;<\/strong>Sindicato dos Oficiais de Registro Civil das Pessoas Naturais (Recivil), todas as pessoas nascidas no dia 29 de fevereiro&nbsp;devem ser registradas nesta mesma data.<\/p>\n\n\n\n<p>Isso porque a certifica\u00e7\u00e3o deve seguir o tr\u00e2mite legal constando obrigatoriamente o dia correto do nascimento, al\u00e9m de vir descrita no documento que serve de base para o registro em cart\u00f3rio: a Declara\u00e7\u00e3o de Nascido Vivo (DNV).<\/p>\n\n\n\n<p>De acordo com uma legisla\u00e7\u00e3o federal de 2012, a DNV\u00a0<strong>deve apresentar nome e prenome, sexo, data, hor\u00e1rio, munic\u00edpio de nascimento e os dados da m\u00e3e.<\/strong>\u00a0Al\u00e9m disso, os pais devem apresentar os documentos pessoais (RG, CPF, certid\u00e3o de nascimento ou casamento) para que o registro seja feito corretamente.<\/p>\n\n\n\n<p>Essa declara\u00e7\u00e3o \u00e9 emitida pelo hospital e assinada pelo m\u00e9dico no momento do nascimento&nbsp;e, caso n\u00e3o haja a possibilidade de determina\u00e7\u00e3o da hora correta do nascimento, o hor\u00e1rio pode ser aproximado.<\/p>\n\n\n\n<p>Assim como o nascimento em data comuns,\u00a0<strong>a DNV n\u00e3o substitui o registro civil oficial em cart\u00f3rio<\/strong>,\u00a0sendo necess\u00e1rio que os pais procurem o cart\u00f3rio local de nascimento ou resid\u00eancia para registro da crian\u00e7a.<\/p>\n\n\n\n<blockquote class=\"wp-block-quote is-layout-flow wp-block-quote-is-layout-flow\">\n<p>\u201c\u00c9 pela certid\u00e3o de nascimento que a crian\u00e7a tem seu reconhecimento como cidad\u00e3o e pode ter acesso a servi\u00e7os de sa\u00fade e educa\u00e7\u00e3o por exemplo\u201d , disse Genilson Gomes, presidente do Recivil em Minas Gerais.<\/p>\n<\/blockquote>\n\n\n\n<ul class=\"wp-block-list\">\n<li>De acordo com dados da Central Nacional de Informa\u00e7\u00f5es do Registro Civil (CRC Nacional),&nbsp;o recorde no Brasil de nascimentos registrados no dia 29 de fevereiro aconteceu em 2016:&nbsp;<strong>6.640.<\/strong><\/li>\n<\/ul>\n\n\n\n<p><strong>Nasci dia 29, e agora?\u00a0<\/strong><\/p>\n\n\n\n<figure class=\"wp-block-image\"><img decoding=\"async\" src=\"https:\/\/s2-g1.glbimg.com\/-HGmY6SIRJd2HGP993pdrX_ZYtw=\/0x616:1449x1600\/984x0\/smart\/filters:strip_icc()\/i.s3.glbimg.com\/v1\/AUTH_59edd422c0c84a879bd37670ae4f538a\/internal_photos\/bs\/2024\/C\/x\/6sqYHZRj6gsTCZZJlVrw\/whatsapp-image-2024-02-27-at-13.19.58.jpeg\" alt=\"Lorena Carolina Pereira \u2014 Foto: Foto: Arquivo Pessoal\/Lorena Carolina\"\/><\/figure>\n\n\n\n<p>Lorena Carolina Pereira \u2014 Foto: Foto: Arquivo Pessoal\/Lorena Carolina<\/p>\n\n\n\n<p>A estudante&nbsp;<strong>Lorena Carolina,&nbsp;<\/strong>de 23 anos,&nbsp;natural de&nbsp;<a class=\"\" href=\"https:\/\/g1.globo.com\/mg\/minas-gerais\/cidade\/mariana\/\">Mariana<\/a>, na Regi\u00e3o Central de Minas Gerais, nasceu no dia 29 de fevereiro, mas, diferente do que prega a Recivil, acabou sendo registrada<strong>&nbsp;no dia 28 de fevereiro.<\/strong><\/p>\n\n\n\n<p>Geralmente, em anos bissextos, ela recebe muitas felicita\u00e7\u00f5es de anivers\u00e1rio no dia 28, mas&nbsp;tem que explicar que faz anivers\u00e1rio mesmo no dia 29.<\/p>\n\n\n\n<blockquote class=\"wp-block-quote is-layout-flow wp-block-quote-is-layout-flow\">\n<p>\u2060&#8221;J\u00e1 ganhei festa surpresa com tema infantil mesmo fazendo 16 anos de idade. Como na conta dos anos bissextos seriam 4 anos de idade, essa seria a justificativa. A festa teve direito a tudo de um cl\u00e1ssico anivers\u00e1rio dos anos 2000, tendo de bal\u00f5es coloridos e bolo personalizado, a docinhos de palha\u00e7o, que eram comuns nas festas l\u00e1 em casa, quando eu era crian\u00e7a&#8221; , contou.<\/p>\n<\/blockquote>\n\n\n\n<figure class=\"wp-block-image\"><img decoding=\"async\" src=\"https:\/\/s2-g1.glbimg.com\/-HZ6kXMVvGtr5FGrf6oiCW_Mugo=\/0x226:960x1121\/984x0\/smart\/filters:strip_icc()\/i.s3.glbimg.com\/v1\/AUTH_59edd422c0c84a879bd37670ae4f538a\/internal_photos\/bs\/2024\/R\/B\/u6pAjQTTGFZDuPvkrvdA\/whatsapp-image-2024-02-27-at-11.36.26.jpeg\" alt=\"Jos\u00e9 Henrique Lopes \u2014 Foto: Foto: Arquivo Pessoal\/Jos\u00e9 Henrique Lopes\"\/><\/figure>\n\n\n\n<p>Jos\u00e9 Henrique Lopes \u2014 Foto: Foto: Arquivo Pessoal\/Jos\u00e9 Henrique Lopes<\/p>\n\n\n\n<p>O auxiliar de escrit\u00f3rio&nbsp;<strong>Jos\u00e9 Henrique Lopes,&nbsp;<\/strong>tem 23 anos, e \u00e9 uma dessas pessoas que nasceram no dia 29 de fevereiro. Ele que \u00e9 natural de&nbsp;<a class=\"\" href=\"https:\/\/g1.globo.com\/mg\/minas-gerais\/cidade\/belo-horizonte\/\">Belo Horizonte<\/a>&nbsp;foi registrado no dia de nascimento e disse&nbsp;<strong>que j\u00e1 passou alguns perrengues por ter nascido na data at\u00edpica.<\/strong><\/p>\n\n\n\n<blockquote class=\"wp-block-quote is-layout-flow wp-block-quote-is-layout-flow\">\n<p>\u201cUma vez, eu fui fazer a rescis\u00e3o de contrato e eles n\u00e3o queriam aceitar, alegando que a data do meu anivers\u00e1rio estava errada. Eu era menor de idade na \u00e9poca e tive que ir com os meus pais para comprovar o caso. Foi muita burocracia e muito perrengue esse dia\u201d, relembrou.<\/p>\n<\/blockquote>\n\n\n\n<p>Ele disse que n\u00e3o gosta de comemorar o anivers\u00e1rio em anos n\u00e3o bissextos,&nbsp;mas faz quest\u00e3o de celebrar em todos os 29 de fevereiro.&nbsp;Al\u00e9m disso, ele contou que os amigos e fam\u00edlia acham engra\u00e7ado o fato do anivers\u00e1rio dele &#8220;existir apenas a cada quatro anos&#8221;.<\/p>\n\n\n\n<blockquote class=\"wp-block-quote is-layout-flow wp-block-quote-is-layout-flow\">\n<p>&#8220;Minha m\u00e3e fala que eu sou um milagre por ter nascido dia 29 de fevereiro&#8221;, brincou Jos\u00e9 Henrique Lopes.<\/p>\n<\/blockquote>\n\n\n\n<p>A\u00a0<strong>Sirlene M\u00e1rcia Rodrigues de Castro,\u00a0<\/strong>natural de<strong>\u00a0Belo Horizonte,\u00a0<\/strong>tamb\u00e9m nasceu no dia 29 de fevereiro e afirma que n\u00e3o se sente nem um pouco incomodada e sim privilegiada de fazer anivers\u00e1rio a cada quatro anos. Em anos n\u00e3o bissextos, ela\u00a0<strong>comemora o anivers\u00e1rio em dose dupla, no dia 28 de fevereiro e 1 de mar\u00e7o<\/strong>.<\/p>\n\n\n\n<blockquote class=\"wp-block-quote is-layout-flow wp-block-quote-is-layout-flow\">\n<p>&#8220;Fui registrada dia 29 de Fevereiro por exig\u00eancia do meu pai. Tive problema uma vez, quando fui fazer um cadastro em uma loja e o sistema n\u00e3o reconheceu a minha data de nascimento, porque n\u00e3o est\u00e1vamos no ano bissexto&#8221;, comentou.<\/p>\n<\/blockquote>\n\n\n\n<h2 class=\"wp-block-heading\">Quantos beb\u00eas nasceram em Minas Gerais no dia 29 de fevereiro?<\/h2>\n\n\n\n<p>Desde o ano 2000,&nbsp;<strong>3.748&nbsp;<\/strong>mineiros nasceram nesta data.<\/p>\n\n\n\n<ul class=\"wp-block-list\">\n<li><strong>2020<\/strong>&nbsp;\u2013 539 pessoas<\/li>\n\n\n\n<li><strong>2016<\/strong>&nbsp;\u2013 681 pessoas<\/li>\n\n\n\n<li><strong>2012<\/strong>&nbsp;\u2013 648 pessoas<\/li>\n\n\n\n<li><strong>2008<\/strong>&nbsp;\u2013 650 pessoas<\/li>\n\n\n\n<li><strong>2004&nbsp;<\/strong>\u2013 494 pessoas<\/li>\n\n\n\n<li><strong>2000&nbsp;<\/strong>\u2013 736 pessoas<\/li>\n<\/ul>\n\n\n\n<h2 class=\"wp-block-heading\">Ano bissexto<\/h2>\n\n\n\n<p>A hist\u00f3ria do ano bissexto come\u00e7ou com os romanos. Na \u00e9poca, o imperador&nbsp;<strong>J\u00falio C\u00e9sar&nbsp;<\/strong>criou o ano&nbsp;para adequar o calend\u00e1rio ao tempo que o Planeta Terra leva para dar uma volta completa em torno do Sol&nbsp;<strong>(365 dias, 5 horas, 48 minutos e 36 segundos)<\/strong>.<\/p>\n\n\n\n<p>O tempo que sobrou se tornou um dia a mais no ano\u00a0<strong>(29 de fevereiro)<\/strong>.\u00a0Este ano \u00e9 a\u00a0<strong>504\u00aa ocorr\u00eancia<\/strong>\u00a0do ano bissexto na Era Comum, per\u00edodo que mede o tempo a partir do primeiro ano no calend\u00e1rio gregoriano.<\/p>\n\n\n\n<p>Fonte O Globo <\/p>\n","protected":false},"excerpt":{"rendered":"<p>De acordo com lei federal, cart\u00f3rios t\u00eam que registrar os beb\u00eas exatamente na data em que eles nasceram. J\u00e1 imaginou fazer anivers\u00e1rio a cada quatro anos?&nbsp;Pessoas nascidas no dia 29 de fevereiro, ano bissexto, vivem esta realidade. Mas e na hora de registrar o beb\u00ea no cart\u00f3rio? Ser\u00e1 que tem que mudar a data? A [&hellip;]<\/p>\n","protected":false},"author":8,"featured_media":22018,"comment_status":"closed","ping_status":"open","sticky":false,"template":"","format":"standard","meta":{"rop_custom_images_group":[],"rop_custom_messages_group":[],"rop_publish_now":"initial","rop_publish_now_accounts":[],"rop_publish_now_history":[],"rop_publish_now_status":"pending","footnotes":""},"categories":[189],"tags":[],"class_list":["post-22017","post","type-post","status-publish","format-standard","has-post-thumbnail","hentry","category-brasil"],"amp_enabled":true,"_links":{"self":[{"href":"https:\/\/imais.online\/portal\/wp-json\/wp\/v2\/posts\/22017","targetHints":{"allow":["GET"]}}],"collection":[{"href":"https:\/\/imais.online\/portal\/wp-json\/wp\/v2\/posts"}],"about":[{"href":"https:\/\/imais.online\/portal\/wp-json\/wp\/v2\/types\/post"}],"author":[{"embeddable":true,"href":"https:\/\/imais.online\/portal\/wp-json\/wp\/v2\/users\/8"}],"replies":[{"embeddable":true,"href":"https:\/\/imais.online\/portal\/wp-json\/wp\/v2\/comments?post=22017"}],"version-history":[{"count":1,"href":"https:\/\/imais.online\/portal\/wp-json\/wp\/v2\/posts\/22017\/revisions"}],"predecessor-version":[{"id":22019,"href":"https:\/\/imais.online\/portal\/wp-json\/wp\/v2\/posts\/22017\/revisions\/22019"}],"wp:featuredmedia":[{"embeddable":true,"href":"https:\/\/imais.online\/portal\/wp-json\/wp\/v2\/media\/22018"}],"wp:attachment":[{"href":"https:\/\/imais.online\/portal\/wp-json\/wp\/v2\/media?parent=22017"}],"wp:term":[{"taxonomy":"category","embeddable":true,"href":"https:\/\/imais.online\/portal\/wp-json\/wp\/v2\/categories?post=22017"},{"taxonomy":"post_tag","embeddable":true,"href":"https:\/\/imais.online\/portal\/wp-json\/wp\/v2\/tags?post=22017"}],"curies":[{"name":"wp","href":"https:\/\/api.w.org\/{rel}","templated":true}]}}