{"id":22023,"date":"2024-02-29T11:55:38","date_gmt":"2024-02-29T14:55:38","guid":{"rendered":"https:\/\/imais.online\/portal\/?p=22023"},"modified":"2024-02-29T11:55:39","modified_gmt":"2024-02-29T14:55:39","slug":"mais-rico-da-america-latina-prepara-sucessao-de-imperio-de-r-500-bi-com-privilegios-para-filhos-homens-e-genros","status":"publish","type":"post","link":"https:\/\/imais.online\/portal\/mais-rico-da-america-latina-prepara-sucessao-de-imperio-de-r-500-bi-com-privilegios-para-filhos-homens-e-genros\/","title":{"rendered":"Mais rico da Am\u00e9rica Latina prepara sucess\u00e3o de imp\u00e9rio de R$ 500 bi com &#8216;privil\u00e9gios&#8217; para filhos homens e genros"},"content":{"rendered":"<div class=\"imais-before-content-placement\" id=\"imais-551924573\"><script async src=\"\/\/pagead2.googlesyndication.com\/pagead\/js\/adsbygoogle.js?client=ca-pub-8787528412751566\" crossorigin=\"anonymous\"><\/script><ins class=\"adsbygoogle\" style=\"display:block;\" data-ad-client=\"ca-pub-8787528412751566\" \ndata-ad-slot=\"\" \ndata-ad-format=\"auto\"><\/ins>\n<script> \n(adsbygoogle = window.adsbygoogle || []).push({}); \n<\/script>\n<\/div>\n<h2 class=\"wp-block-heading\">Cargos de gest\u00e3o recaem sobre herdeiros e parentes do g\u00eanero masculino, enquanto as mulheres da fam\u00edlia s\u00e3o alocadas em cargos ligados \u00e0 educa\u00e7\u00e3o e \u00e0 filantropia<\/h2>\n\n\n\n<p>H\u00e1 27 anos, o homem mais rico da Am\u00e9rica Latina foi declarado morto por alguns momentos. Foram necess\u00e1rias 31 bolsas de sangue para estabilizar o paciente Carlos Slim Hel\u00fa depois que ele sofreu uma hemorragia durante uma cirurgia no cora\u00e7\u00e3o, no Texas. Por fim, um m\u00e9dico argentino \u201co levou adiante\u201d, segundo o escritor Diego Enrique Osorno escreveu na biografia n\u00e3o autorizada do magnata mexicano de ascend\u00eancia libanesa \u2014 atualmente o 14\u00ba na lista de bilion\u00e1rios da Forbes, com uma fortuna estimada em US$ 102 bilh\u00f5es (equivalente a R$ 505 bilh\u00f5es, na cota\u00e7\u00e3o atual).<\/p>\n\n\n\n<p>Mesmo que os m\u00e9dicos n\u00e3o tivessem conseguido reanim\u00e1-lo, Slim \u2014 um homem \u201ct\u00e3o calculista\u201d que tem \u201cesse controle permanente at\u00e9 das menores situa\u00e7\u00f5es\u201d, segundo a descri\u00e7\u00e3o do autor \u2014 j\u00e1 tinha um plano de sucess\u00e3o em vigor, com seus seis filhos como protagonistas, mas principalmente os do g\u00eanero masculino.<\/p>\n\n\n\n<p>O seu filho mais velho, Carlos Slim Domit, j\u00e1 era diretor da Telmex, a gigante mexicana de telecomunica\u00e7\u00f5es e servi\u00e7os de TI, enquanto os seus outros dois filhos, Marco Antonio e Patricio, estavam prestes a assumir posi\u00e7\u00f5es estrat\u00e9gicas no conglomerado.<\/p>\n\n\n\n<p>O imp\u00e9rio de Slim (que o coroou como o homem mais rico do mundo entre 2010 e meados de 2013, at\u00e9 que Bill Gates o destronou) abrange in\u00fameras ind\u00fastrias e servi\u00e7os, sobretudo no setor das telecomunica\u00e7\u00f5es (a Am\u00e9rica M\u00f3vil \u00e9 a quarta maior operadora a n\u00edvel mundial).<\/p>\n\n\n\n<p>Mas os neg\u00f3cios tamb\u00e9m se estendam aos ramos de ind\u00fastria, transporte, constru\u00e7\u00e3o, setor imobili\u00e1rio, redes de varejo, setor financeiro, energia, minera\u00e7\u00e3o, sa\u00fade, esportes e m\u00eddia (Slim \u00e9 o terceiro maior acionista do New York Times).<\/p>\n\n\n\n<h2 class=\"wp-block-heading\">Cargos de gest\u00e3o<\/h2>\n\n\n\n<p>Nesta fam\u00edlia conservadora, os cargos de gest\u00e3o recaem majoritariamente sobre os homens. As tr\u00eas filhas do bilion\u00e1rio \u2013 Soumaya, Vanessa e Johanna \u2013 tamb\u00e9m se desenvolvem profissionalmente em diversas \u00e1reas das empresas ou projetos do pai, mas principalmente nas divis\u00f5es de educa\u00e7\u00e3o e filantropia.<\/p>\n\n\n\n<p>\u2014 Na verdade, as filhas n\u00e3o s\u00e3o respons\u00e1veis \u200b\u200bpelos seus neg\u00f3cios, mas os genros [seus maridos] s\u00e3o. E agora se diz que os netos est\u00e3o assumindo cargos de gest\u00e3o em todos os neg\u00f3cios \u2014 explica Mario Maldonado, jornalista, colunista do El Universal e diretor do&nbsp;<em>El CEO<\/em>, que investigou a rede de empresas e neg\u00f3cios do bilion\u00e1rio.<\/p>\n\n\n\n<figure class=\"wp-block-image\"><img decoding=\"async\" src=\"https:\/\/s2-oglobo.glbimg.com\/a5z3LGQAxRUhqHrWAVOXgDVir1w=\/0x0:1075x718\/984x0\/smart\/filters:strip_icc()\/i.s3.glbimg.com\/v1\/AUTH_da025474c0c44edd99332dddb09cabe8\/internal_photos\/bs\/2024\/2\/X\/L41BreQoiqZ52WFSrOwA\/filhos-slim.png\" alt=\"Os herdeiros do cl\u00e3 Slim: em cima, Carlos Jr, Marco Antonio e Patrick; embaixo, Soumaya, Vanessa e Johanna \u2014 Foto: Reprodu\u00e7\u00e3o\/La Nacion\"\/><figcaption class=\"wp-element-caption\">Os herdeiros do cl\u00e3 Slim: em cima, Carlos Jr, Marco Antonio e Patrick; embaixo, Soumaya, Vanessa e Johanna \u2014 Foto: Reprodu\u00e7\u00e3o\/La Nacion<\/figcaption><\/figure>\n\n\n\n<p>Maldonado lamenta que, \u201cno M\u00e9xico, ainda exista muito desta cultura um tanto sexista de Conselhos de Administra\u00e7\u00e3o em que a maioria dos gestores s\u00e3o homens\u201d.<\/p>\n\n\n\n<p>Atualmente, Carlos Jr. atua como presidente dos Conselhos de Administra\u00e7\u00e3o da Am\u00e9rica M\u00f3vil, Grupo Sanborns, Telefonos de M\u00e9xico, Grupo Carso, Promotora Musical e US Commercial Corp.<\/p>\n\n\n\n<p>J\u00e1 Marco Antonio trabalha como presidente do Conselho do Grupo Financiero Inbursa, Inversora Burs\u00e1til, Seguros Inbursa, Promotor de Desenvolvimento e Emprego na Am\u00e9rica Latina e do Instituto de Sa\u00fade Carlos Slim.<\/p>\n\n\n\n<h2 class=\"wp-block-heading\">Poder a filhos, genros e netos<\/h2>\n\n\n\n<p>Por fim, Patricio \u00e9 diretor do Grupo Sanborns, CCO da Telmex, presidente da Ferrosur, vice-presidente dos conselhos da Am\u00e9rica M\u00f3vil e do Grupo Carso.<\/p>\n\n\n\n<p>Entre as filhas mulheres de Slim, Soumaya \u00e9 vice-presidente do Museu Soumaya, fundado em 1994 por iniciativa da mulher do magnata, uma amante das artes falecida cinco anos ap\u00f3s a inaugura\u00e7\u00e3o devido a problemas renais.<\/p>\n\n\n\n<p>Vanessa \u00e9 presidente da Associa\u00e7\u00e3o de Melhoramento para o M\u00e9xico e Am\u00e9rica Latina e dirige os programas de bem-estar da Funda\u00e7\u00e3o Carlos Slim e da Funda\u00e7\u00e3o Telmex.<\/p>\n\n\n\n<p>Por sua vez, Johanna, a ca\u00e7ula da fam\u00edlia, \u00e9 diretora do Programa de Educa\u00e7\u00e3o Inicial da Funda\u00e7\u00e3o Carlos Slim e membro do Conselho de Administra\u00e7\u00e3o do Grupo Sanborns.<\/p>\n\n\n\n<p>\u2014 Quando (Carlos Slim Hel\u00fa) morrer vai gerar alguma incerteza e instabilidade moment\u00e2nea nas suas empresas e nos mercados, mas n\u00e3o de maior relev\u00e2ncia ou profundidade porque ele j\u00e1 delegou muito a todos os seus filhos, genros e netos. Ent\u00e3o, embora ele seja o patriarca e n\u00e3o ache que exista algu\u00e9m como ele, n\u00e3o creio que seus filhos tenham muitos problemas \u2014 analisa Maldonado.<\/p>\n\n\n\n<p>Fonte O Globo<\/p>\n","protected":false},"excerpt":{"rendered":"<p>Cargos de gest\u00e3o recaem sobre herdeiros e parentes do g\u00eanero masculino, enquanto as mulheres da fam\u00edlia s\u00e3o alocadas em cargos ligados \u00e0 educa\u00e7\u00e3o e \u00e0 filantropia H\u00e1 27 anos, o homem mais rico da Am\u00e9rica Latina foi declarado morto por alguns momentos. Foram necess\u00e1rias 31 bolsas de sangue para estabilizar o paciente Carlos Slim Hel\u00fa [&hellip;]<\/p>\n","protected":false},"author":8,"featured_media":22024,"comment_status":"closed","ping_status":"open","sticky":false,"template":"","format":"standard","meta":{"rop_custom_images_group":[],"rop_custom_messages_group":[],"rop_publish_now":"initial","rop_publish_now_accounts":[],"rop_publish_now_history":[],"rop_publish_now_status":"pending","footnotes":""},"categories":[212],"tags":[],"class_list":["post-22023","post","type-post","status-publish","format-standard","has-post-thumbnail","hentry","category-internacional"],"amp_enabled":true,"_links":{"self":[{"href":"https:\/\/imais.online\/portal\/wp-json\/wp\/v2\/posts\/22023","targetHints":{"allow":["GET"]}}],"collection":[{"href":"https:\/\/imais.online\/portal\/wp-json\/wp\/v2\/posts"}],"about":[{"href":"https:\/\/imais.online\/portal\/wp-json\/wp\/v2\/types\/post"}],"author":[{"embeddable":true,"href":"https:\/\/imais.online\/portal\/wp-json\/wp\/v2\/users\/8"}],"replies":[{"embeddable":true,"href":"https:\/\/imais.online\/portal\/wp-json\/wp\/v2\/comments?post=22023"}],"version-history":[{"count":1,"href":"https:\/\/imais.online\/portal\/wp-json\/wp\/v2\/posts\/22023\/revisions"}],"predecessor-version":[{"id":22025,"href":"https:\/\/imais.online\/portal\/wp-json\/wp\/v2\/posts\/22023\/revisions\/22025"}],"wp:featuredmedia":[{"embeddable":true,"href":"https:\/\/imais.online\/portal\/wp-json\/wp\/v2\/media\/22024"}],"wp:attachment":[{"href":"https:\/\/imais.online\/portal\/wp-json\/wp\/v2\/media?parent=22023"}],"wp:term":[{"taxonomy":"category","embeddable":true,"href":"https:\/\/imais.online\/portal\/wp-json\/wp\/v2\/categories?post=22023"},{"taxonomy":"post_tag","embeddable":true,"href":"https:\/\/imais.online\/portal\/wp-json\/wp\/v2\/tags?post=22023"}],"curies":[{"name":"wp","href":"https:\/\/api.w.org\/{rel}","templated":true}]}}