{"id":22029,"date":"2024-03-01T10:33:33","date_gmt":"2024-03-01T13:33:33","guid":{"rendered":"https:\/\/imais.online\/portal\/?p=22029"},"modified":"2024-03-01T10:33:34","modified_gmt":"2024-03-01T13:33:34","slug":"governo-tem-novo-secretario-a-partir-desta-sexta-feira-1o","status":"publish","type":"post","link":"https:\/\/imais.online\/portal\/governo-tem-novo-secretario-a-partir-desta-sexta-feira-1o\/","title":{"rendered":"Governo tem novo secret\u00e1rio a partir desta sexta-feira (1\u00ba)"},"content":{"rendered":"<div class=\"imais-before-content-placement\" id=\"imais-2754087611\"><script async src=\"\/\/pagead2.googlesyndication.com\/pagead\/js\/adsbygoogle.js?client=ca-pub-8787528412751566\" crossorigin=\"anonymous\"><\/script><ins class=\"adsbygoogle\" style=\"display:block;\" data-ad-client=\"ca-pub-8787528412751566\" \ndata-ad-slot=\"\" \ndata-ad-format=\"auto\"><\/ins>\n<script> \n(adsbygoogle = window.adsbygoogle || []).push({}); \n<\/script>\n<\/div>\n<p><em><small>Novo secret\u00e1rio atua no ramo industrial e possui conhecimento em gest\u00e3o estrat\u00e9gica voltada para empresas<\/small><\/em><\/p>\n\n\n\n<p>Nesta quinta-feira (29) o prefeito informou que a Secretaria Municipal de Governo passa a ter novo comando a partir de sexta-feira, dia 1\u00ba. O cargo ser\u00e1 ocupado pelo ex-diretor titular do Ciesp (Centro das Ind\u00fastrias do Estado de S\u00e3o Paulo), S\u00e9rgio Roberto Wolf. O novo secret\u00e1rio possui forma\u00e7\u00e3o como tecn\u00f3logo mec\u00e2nico em processos de produ\u00e7\u00e3o e especializa\u00e7\u00e3o em engenharia da produ\u00e7\u00e3o pela Unicamp.<\/p>\n\n\n\n<p>\u00c9 empres\u00e1rio no ramo de ferramentaria e fabrica\u00e7\u00e3o de moldes para inje\u00e7\u00f5es de pl\u00e1stico e atuou no per\u00edodo de 1985 a 1997 na fun\u00e7\u00e3o de supervisor nesta \u00e1rea. Possui ampla experi\u00eancia na \u00e1rea de gest\u00e3o estrat\u00e9gica no setor industrial.<\/p>\n\n\n\n<p>S\u00e9rgio assume a pasta at\u00e9 ent\u00e3o ocupada por Luiz Alberto Cebolinha Pereira, que estava no cargo desde 02 de janeiro de 2021.&nbsp; Cebolinha solicitou ao prefeito seu desligamento para retornar&nbsp; ao cargo de vereador na C\u00e2mara Municipal de Indaiatuba.&nbsp;&nbsp;<\/p>\n\n\n\n<p><strong>#pratodosverem:&nbsp;<\/strong>Na foto a direita o vereador, Cebolinha, ao centro o novo secret\u00e1rio de Governo, S\u00e9rgio Roberto Wolf, e a esquerda o prefeito, Nilson Gaspar, pousam para a foto na sala do gabinete.<\/p>\n","protected":false},"excerpt":{"rendered":"<p>Novo secret\u00e1rio atua no ramo industrial e possui conhecimento em gest\u00e3o estrat\u00e9gica voltada para empresas Nesta quinta-feira (29) o prefeito informou que a Secretaria Municipal de Governo passa a ter novo comando a partir de sexta-feira, dia 1\u00ba. O cargo ser\u00e1 ocupado pelo ex-diretor titular do Ciesp (Centro das Ind\u00fastrias do Estado de S\u00e3o Paulo), [&hellip;]<\/p>\n","protected":false},"author":8,"featured_media":22030,"comment_status":"closed","ping_status":"open","sticky":false,"template":"","format":"standard","meta":{"rop_custom_images_group":[],"rop_custom_messages_group":[],"rop_publish_now":"initial","rop_publish_now_accounts":[],"rop_publish_now_history":[],"rop_publish_now_status":"pending","footnotes":""},"categories":[188],"tags":[],"class_list":["post-22029","post","type-post","status-publish","format-standard","has-post-thumbnail","hentry","category-indaiatuba"],"amp_enabled":true,"_links":{"self":[{"href":"https:\/\/imais.online\/portal\/wp-json\/wp\/v2\/posts\/22029","targetHints":{"allow":["GET"]}}],"collection":[{"href":"https:\/\/imais.online\/portal\/wp-json\/wp\/v2\/posts"}],"about":[{"href":"https:\/\/imais.online\/portal\/wp-json\/wp\/v2\/types\/post"}],"author":[{"embeddable":true,"href":"https:\/\/imais.online\/portal\/wp-json\/wp\/v2\/users\/8"}],"replies":[{"embeddable":true,"href":"https:\/\/imais.online\/portal\/wp-json\/wp\/v2\/comments?post=22029"}],"version-history":[{"count":1,"href":"https:\/\/imais.online\/portal\/wp-json\/wp\/v2\/posts\/22029\/revisions"}],"predecessor-version":[{"id":22031,"href":"https:\/\/imais.online\/portal\/wp-json\/wp\/v2\/posts\/22029\/revisions\/22031"}],"wp:featuredmedia":[{"embeddable":true,"href":"https:\/\/imais.online\/portal\/wp-json\/wp\/v2\/media\/22030"}],"wp:attachment":[{"href":"https:\/\/imais.online\/portal\/wp-json\/wp\/v2\/media?parent=22029"}],"wp:term":[{"taxonomy":"category","embeddable":true,"href":"https:\/\/imais.online\/portal\/wp-json\/wp\/v2\/categories?post=22029"},{"taxonomy":"post_tag","embeddable":true,"href":"https:\/\/imais.online\/portal\/wp-json\/wp\/v2\/tags?post=22029"}],"curies":[{"name":"wp","href":"https:\/\/api.w.org\/{rel}","templated":true}]}}