{"id":22032,"date":"2024-03-01T10:35:49","date_gmt":"2024-03-01T13:35:49","guid":{"rendered":"https:\/\/imais.online\/portal\/?p=22032"},"modified":"2024-03-01T10:35:50","modified_gmt":"2024-03-01T13:35:50","slug":"prefeitura-de-indaiatuba-inaugura-ponto-de-atendimento-virtual-da-receita-federal","status":"publish","type":"post","link":"https:\/\/imais.online\/portal\/prefeitura-de-indaiatuba-inaugura-ponto-de-atendimento-virtual-da-receita-federal\/","title":{"rendered":"Prefeitura de Indaiatuba inaugura Ponto de Atendimento Virtual da Receita Federal"},"content":{"rendered":"<div class=\"imais-before-content-placement\" id=\"imais-2229848272\"><script async src=\"\/\/pagead2.googlesyndication.com\/pagead\/js\/adsbygoogle.js?client=ca-pub-8787528412751566\" crossorigin=\"anonymous\"><\/script><ins class=\"adsbygoogle\" style=\"display:block;\" data-ad-client=\"ca-pub-8787528412751566\" \ndata-ad-slot=\"\" \ndata-ad-format=\"auto\"><\/ins>\n<script> \n(adsbygoogle = window.adsbygoogle || []).push({}); \n<\/script>\n<\/div>\n<p><em><small>Servi\u00e7o no munic\u00edpio tem como objetivo orientar e auxiliar o cidad\u00e3o<\/small><\/em><\/p>\n\n\n\n<p>A Prefeitura de Indaiatuba por meio de um conv\u00eanio firmado com a Receita Federal do Brasil, a partir de 1 de mar\u00e7o, com objetivo de orientar e auxiliar o cidad\u00e3o no munic\u00edpio atrav\u00e9s do PAV (Ponto de Atendimento Virtual), passa a ofertar dois locais f\u00edsicos de atendimento \u00e0 popula\u00e7\u00e3o. Para oficializar o servi\u00e7o, na quinta (29\/2), o secret\u00e1rio da Fazenda,&nbsp;<em>Orlando<\/em>&nbsp;Schneider&nbsp;<em>Vianna<\/em>, recebeu a superintendente da Receita Federal do Brasil na 8\u00aa Regi\u00e3o Fiscal, M\u00e1rcia Cec\u00edlia Meng, e o delegado da Receita Federal do Brasil em Campinas, Antonio Roberto Martins, no PAV Indaiatuba, localizado no Ponto Cidad\u00e3o.<\/p>\n\n\n\n<p>A popula\u00e7\u00e3o contar\u00e1 com os servi\u00e7os de inscri\u00e7\u00e3o, altera\u00e7\u00e3o e regulariza\u00e7\u00e3o de CPF; pesquisa fiscal e cadastral do CPF de pessoas f\u00edsicas; solicitar c\u00f3pia de declara\u00e7\u00e3o de Imposto de Renda; al\u00e9m de orienta\u00e7\u00e3o e aux\u00edlio em d\u00favidas. Os servi\u00e7os ser\u00e3o realizados pela secretaria da Fazenda no PAV do Ponto Cidad\u00e3o, rua 24 de maio, 1670 e no Pa\u00e7o Municipal, avenida Engenheiro F\u00e1bio Roberto Barnab\u00e9, 2800.<\/p>\n\n\n\n<p>O secret\u00e1rio da Fazenda&nbsp;<em>Orlando<\/em>&nbsp;Schneider&nbsp;<em>Vianna ressaltou o empenho do prefeito Nilson Gaspar em promover o melhor atendimento \u00e0 popula\u00e7\u00e3o. \u201cQuando ficamos sabendo que a Receita iria encerrar o atendimento em Indaiatuba,&nbsp;<\/em><em>o prefeito me chamou e solicitou a provid\u00eancia do que fosse necess\u00e1rio para atendermos nosso mun\u00edcipe aqui em nossa cidade. Buscamos e efetivamos essa parceria, que vai poupar o deslocamento para outra cidade de quem precisa de atendimento\u201d, explicou Vianna.<\/em><\/p>\n\n\n\n<p>O delegado da Receita Federal do Brasil em Campinas, Antonio Roberto Martins, agradeceu a prontid\u00e3o da Prefeitura de Indaiatuba. \u201cDesde a primeira reuni\u00e3o com o secret\u00e1rio e o prefeito, foi entendido a situa\u00e7\u00e3o e eles abra\u00e7aram essa ideia e foram atr\u00e1s e est\u00e1 aqui hoje o resultado. \u00c9 um ganho para o munic\u00edpio e mun\u00edcipes, que ter\u00e3o mais facilidades com o atendimento do PAV\u201d, declarou Martins.<\/p>\n\n\n\n<p>A superintendente da Receita Federal do Brasil na 8\u00aa Regi\u00e3o Fiscal, M\u00e1rcia Cec\u00edlia Meng, destacou a import\u00e2ncia da abertura do PAV para a inclus\u00e3o digital. \u201c O atendimento aqui vai muito al\u00e9m do atendimento fiscal, aqui promove-se um atendimento de inclus\u00e3o social, digital e que permite a facilidade ao acesso do servi\u00e7o, j\u00e1 que est\u00e1 localizado em um ponto que re\u00fane outros tantos servi\u00e7os \u00e0 popula\u00e7\u00e3o\u201d, encerrou Meng.&nbsp;<\/p>\n\n\n\n<p>Estavam presentes os vereadores Alexandre Peres, Engenheira Luci, Luis Alberto Pereira Cebolinha, \u00cdndio da 12 e o vereador licenciado Arthur Spindula.<\/p>\n\n\n\n<p><strong>#PraTodosVerem:&nbsp;<\/strong>A imagem mostra o sagu\u00e3o de atendimento da Fazenda, onde est\u00e1 locado o PAV, ao centro est\u00e1 a placa de inaugura\u00e7\u00e3o e aos lados est\u00e3o os representantes da Receita Federal, o secret\u00e1rio da Fazenda de Indaiatuba e demais vereadores.<\/p>\n\n\n\n<p><strong>&nbsp;Treinamento<\/strong><\/p>\n\n\n\n<figure class=\"wp-block-image size-full\"><img loading=\"lazy\" decoding=\"async\" width=\"1024\" height=\"768\" src=\"https:\/\/imais.online\/portal\/wp-content\/uploads\/2024\/03\/image.jpeg\" alt=\"\" class=\"wp-image-22033\" srcset=\"https:\/\/imais.online\/portal\/wp-content\/uploads\/2024\/03\/image.jpeg 1024w, https:\/\/imais.online\/portal\/wp-content\/uploads\/2024\/03\/image-300x225.jpeg 300w, https:\/\/imais.online\/portal\/wp-content\/uploads\/2024\/03\/image-768x576.jpeg 768w\" sizes=\"auto, (max-width: 1024px) 100vw, 1024px\" \/><\/figure>\n\n\n\n<p>Os funcion\u00e1rios da secretaria da Fazenda de Indaiatuba, Rosimeire Vecchi, Sandra Pereto, Kennyo Jos\u00e9 e M\u00e1rcio Aguiar, participaram de um treinamento na Receita Federal em Campinas para implanta\u00e7\u00e3o do PAV Indaiatuba.<\/p>\n\n\n\n<p><strong>#PraTodosVerem:&nbsp;<\/strong>A imagem mostra os funcion\u00e1rios&nbsp;da secretaria da Fazenda de Indaiatuba na frente da sede&nbsp;Receita Federal em Campinas, em um ambiente arborizado e com o totem da institui\u00e7\u00e3o.<\/p>\n","protected":false},"excerpt":{"rendered":"<p>Servi\u00e7o no munic\u00edpio tem como objetivo orientar e auxiliar o cidad\u00e3o A Prefeitura de Indaiatuba por meio de um conv\u00eanio firmado com a Receita Federal do Brasil, a partir de 1 de mar\u00e7o, com objetivo de orientar e auxiliar o cidad\u00e3o no munic\u00edpio atrav\u00e9s do PAV (Ponto de Atendimento Virtual), passa a ofertar dois locais [&hellip;]<\/p>\n","protected":false},"author":8,"featured_media":22034,"comment_status":"closed","ping_status":"open","sticky":false,"template":"","format":"standard","meta":{"rop_custom_images_group":[],"rop_custom_messages_group":[],"rop_publish_now":"initial","rop_publish_now_accounts":[],"rop_publish_now_history":[],"rop_publish_now_status":"pending","footnotes":""},"categories":[188],"tags":[],"class_list":["post-22032","post","type-post","status-publish","format-standard","has-post-thumbnail","hentry","category-indaiatuba"],"amp_enabled":true,"_links":{"self":[{"href":"https:\/\/imais.online\/portal\/wp-json\/wp\/v2\/posts\/22032","targetHints":{"allow":["GET"]}}],"collection":[{"href":"https:\/\/imais.online\/portal\/wp-json\/wp\/v2\/posts"}],"about":[{"href":"https:\/\/imais.online\/portal\/wp-json\/wp\/v2\/types\/post"}],"author":[{"embeddable":true,"href":"https:\/\/imais.online\/portal\/wp-json\/wp\/v2\/users\/8"}],"replies":[{"embeddable":true,"href":"https:\/\/imais.online\/portal\/wp-json\/wp\/v2\/comments?post=22032"}],"version-history":[{"count":1,"href":"https:\/\/imais.online\/portal\/wp-json\/wp\/v2\/posts\/22032\/revisions"}],"predecessor-version":[{"id":22035,"href":"https:\/\/imais.online\/portal\/wp-json\/wp\/v2\/posts\/22032\/revisions\/22035"}],"wp:featuredmedia":[{"embeddable":true,"href":"https:\/\/imais.online\/portal\/wp-json\/wp\/v2\/media\/22034"}],"wp:attachment":[{"href":"https:\/\/imais.online\/portal\/wp-json\/wp\/v2\/media?parent=22032"}],"wp:term":[{"taxonomy":"category","embeddable":true,"href":"https:\/\/imais.online\/portal\/wp-json\/wp\/v2\/categories?post=22032"},{"taxonomy":"post_tag","embeddable":true,"href":"https:\/\/imais.online\/portal\/wp-json\/wp\/v2\/tags?post=22032"}],"curies":[{"name":"wp","href":"https:\/\/api.w.org\/{rel}","templated":true}]}}