{"id":22036,"date":"2024-03-01T10:47:27","date_gmt":"2024-03-01T13:47:27","guid":{"rendered":"https:\/\/imais.online\/portal\/?p=22036"},"modified":"2024-03-01T10:47:28","modified_gmt":"2024-03-01T13:47:28","slug":"prefeitura-inaugura-arena-futevolei-beach-tenis-e-volei-de-praia-dia-08-de-marco","status":"publish","type":"post","link":"https:\/\/imais.online\/portal\/prefeitura-inaugura-arena-futevolei-beach-tenis-e-volei-de-praia-dia-08-de-marco\/","title":{"rendered":"Prefeitura inaugura Arena Futev\u00f4lei, Beach T\u00eanis e V\u00f4lei de Praia dia 08 de mar\u00e7o"},"content":{"rendered":"<div class=\"imais-before-content-placement\" id=\"imais-3680785657\"><script async src=\"\/\/pagead2.googlesyndication.com\/pagead\/js\/adsbygoogle.js?client=ca-pub-8787528412751566\" crossorigin=\"anonymous\"><\/script><ins class=\"adsbygoogle\" style=\"display:block;\" data-ad-client=\"ca-pub-8787528412751566\" \ndata-ad-slot=\"\" \ndata-ad-format=\"auto\"><\/ins>\n<script> \n(adsbygoogle = window.adsbygoogle || []).push({}); \n<\/script>\n<\/div>\n<p><em><small>Entrega do espa\u00e7o contar\u00e1 com presen\u00e7a do ministro de Esportes, Andr\u00e9 Luiz de Carvalho Ribeiro<\/small><\/em><\/p>\n\n\n\n<p>O prefeito Nilson Gaspar far\u00e1 a inaugura\u00e7\u00e3o da Arena Futev\u00f4lei, Beach T\u00eanis e V\u00f4lei de Praia \u201cGuerino Natal Possan\u201d na pr\u00f3xima semana, dia 08 de mar\u00e7o. A cerim\u00f4nia de entrega do espa\u00e7o ter\u00e1 in\u00edcio \u00e0s 15h30 e contar\u00e1 com a presen\u00e7a do ministro de Esportes, Andr\u00e9 Luiz de Carvalho Ribeiro, e autoridades locais. Para marcar a data, a Secretaria Municipal de Esportes programou atividades com alunos dos projetos oferecidos pelo munic\u00edpio. A Arena est\u00e1 localizada ao lado do Parque Tem\u00e1tico e complementa a pra\u00e7a esportiva que a Prefeitura montou no trecho, onde j\u00e1 funciona um campo de futebol society, uma quadra de t\u00eanis e quadras de areia.<\/p>\n\n\n\n<p>A obra recebeu investimentos no valor de R$ 514.697,99 e foi viabilizada por meio de um conv\u00eanio com o Minist\u00e9rio da Cidadania, com contrapartida do munic\u00edpio.<\/p>\n\n\n\n<p>Conforme projeto da Secretaria de Planejamento Urbano e Engenharia, a Arena ocupar\u00e1 uma \u00e1rea total de 1.023m\u00b2, sendo 854,80m\u00b2 de \u00e1rea de quadras de areia, 73,20m\u00b2 de \u00e1rea de aquecimento e alongamento e mais 95m\u00b2 de passeio de concreto. O local tamb\u00e9m recebeu tr\u00eas blocos de arquibancadas de concreto, medindo 5 x 1,40 metros, com acessibilidade para PcD.<\/p>\n\n\n\n<p>Cada quadra tem a dimens\u00e3o de 9 x 18 metros e \u00e9 delimitada por muretas de concreto no entorno com altura de 30 cent\u00edmetros. O fechamento ser\u00e1 feito com alambrado estruturado por tubos de a\u00e7o com tela galvanizada e port\u00e3o tipo gradil. O sistema de drenagem \u00e9 do tipo espinha de peixe, executado com brita, manta geot\u00eaxtil e tubo de PVC perfurado.<\/p>\n\n\n\n<p>O projeto da Arena ainda inclui a \u00e1rea para aquecimento e alongamento de 6 x 12 metros, um passeio de concreto feito em piso intertravado para a circula\u00e7\u00e3o entre as quadras, e todo o espa\u00e7o recebe ilumina\u00e7\u00e3o com refletores de LED instalados em poste de a\u00e7o galvanizado.<\/p>\n\n\n\n<p><strong>#PraTodosVerem:&nbsp;<\/strong>a foto mostra a quadra da Arena Arena Futev\u00f4lei, Beach T\u00eanis e V\u00f4lei de Praia ao lado do campo de futebol society, cercada por \u00e1rvores e outros equipamentos esportivos e de lazer como Academia ao Ar Livre, quadra de t\u00eanis, quadras de areia e um lago do c\u00f3rrego Barnab\u00e9. Ao fundo, o Parque Tem\u00e1tico \u00e0 esquerda e o Parque da Crian\u00e7a \u00e0 direita, pr\u00e9dios e outros im\u00f3veis dos bairros ao redor. Fim da descri\u00e7\u00e3o.<\/p>\n","protected":false},"excerpt":{"rendered":"<p>Entrega do espa\u00e7o contar\u00e1 com presen\u00e7a do ministro de Esportes, Andr\u00e9 Luiz de Carvalho Ribeiro O prefeito Nilson Gaspar far\u00e1 a inaugura\u00e7\u00e3o da Arena Futev\u00f4lei, Beach T\u00eanis e V\u00f4lei de Praia \u201cGuerino Natal Possan\u201d na pr\u00f3xima semana, dia 08 de mar\u00e7o. A cerim\u00f4nia de entrega do espa\u00e7o ter\u00e1 in\u00edcio \u00e0s 15h30 e contar\u00e1 com a [&hellip;]<\/p>\n","protected":false},"author":8,"featured_media":22037,"comment_status":"closed","ping_status":"open","sticky":false,"template":"","format":"standard","meta":{"rop_custom_images_group":[],"rop_custom_messages_group":[],"rop_publish_now":"initial","rop_publish_now_accounts":[],"rop_publish_now_history":[],"rop_publish_now_status":"pending","footnotes":""},"categories":[188],"tags":[73],"class_list":["post-22036","post","type-post","status-publish","format-standard","has-post-thumbnail","hentry","category-indaiatuba","tag-featured"],"amp_enabled":true,"_links":{"self":[{"href":"https:\/\/imais.online\/portal\/wp-json\/wp\/v2\/posts\/22036","targetHints":{"allow":["GET"]}}],"collection":[{"href":"https:\/\/imais.online\/portal\/wp-json\/wp\/v2\/posts"}],"about":[{"href":"https:\/\/imais.online\/portal\/wp-json\/wp\/v2\/types\/post"}],"author":[{"embeddable":true,"href":"https:\/\/imais.online\/portal\/wp-json\/wp\/v2\/users\/8"}],"replies":[{"embeddable":true,"href":"https:\/\/imais.online\/portal\/wp-json\/wp\/v2\/comments?post=22036"}],"version-history":[{"count":1,"href":"https:\/\/imais.online\/portal\/wp-json\/wp\/v2\/posts\/22036\/revisions"}],"predecessor-version":[{"id":22038,"href":"https:\/\/imais.online\/portal\/wp-json\/wp\/v2\/posts\/22036\/revisions\/22038"}],"wp:featuredmedia":[{"embeddable":true,"href":"https:\/\/imais.online\/portal\/wp-json\/wp\/v2\/media\/22037"}],"wp:attachment":[{"href":"https:\/\/imais.online\/portal\/wp-json\/wp\/v2\/media?parent=22036"}],"wp:term":[{"taxonomy":"category","embeddable":true,"href":"https:\/\/imais.online\/portal\/wp-json\/wp\/v2\/categories?post=22036"},{"taxonomy":"post_tag","embeddable":true,"href":"https:\/\/imais.online\/portal\/wp-json\/wp\/v2\/tags?post=22036"}],"curies":[{"name":"wp","href":"https:\/\/api.w.org\/{rel}","templated":true}]}}