{"id":22055,"date":"2024-03-02T11:59:19","date_gmt":"2024-03-02T14:59:19","guid":{"rendered":"https:\/\/imais.online\/portal\/?p=22055"},"modified":"2024-03-02T11:59:20","modified_gmt":"2024-03-02T14:59:20","slug":"com-mais-de-1-milhao-de-casos-brasil-faz-dia-d-de-combate-a-dengue-neste-sabado","status":"publish","type":"post","link":"https:\/\/imais.online\/portal\/com-mais-de-1-milhao-de-casos-brasil-faz-dia-d-de-combate-a-dengue-neste-sabado\/","title":{"rendered":"Com mais de 1 milh\u00e3o de casos, Brasil faz &#8216;Dia D&#8217; de combate \u00e0 dengue neste s\u00e1bado"},"content":{"rendered":"<div class=\"imais-before-content-placement\" id=\"imais-1527113048\"><script async src=\"\/\/pagead2.googlesyndication.com\/pagead\/js\/adsbygoogle.js?client=ca-pub-8787528412751566\" crossorigin=\"anonymous\"><\/script><ins class=\"adsbygoogle\" style=\"display:block;\" data-ad-client=\"ca-pub-8787528412751566\" \ndata-ad-slot=\"\" \ndata-ad-format=\"auto\"><\/ins>\n<script> \n(adsbygoogle = window.adsbygoogle || []).push({}); \n<\/script>\n<\/div>\n<h2 class=\"wp-block-heading\">Mobiliza\u00e7\u00e3o nacional tem como objetivo conscientizar popula\u00e7\u00e3o e refor\u00e7ar a\u00e7\u00f5es de preven\u00e7\u00e3o e elimina\u00e7\u00e3o dos focos da doen\u00e7a<\/h2>\n\n\n\n<p>Com mais de 1 milh\u00e3o de casos de dengue no Brasil, o governo federal realiza neste s\u00e1bado (2)\u00a0o &#8216;Dia D&#8217;\u00a0<a rel=\"noreferrer noopener\" href=\"https:\/\/noticias.r7.com\/saude\/brasil-registra-44-mortes-e-mais-de-20-mil-casos-de-dengue-em-um-dia-01032024\" target=\"_blank\">contra a dengue<\/a>\u00a0em todo o pa\u00eds. A mobiliza\u00e7\u00e3o nacional pretende convocar a sociedade civil, influenciadores digitais, m\u00eddia e atores locais para conscientizar e refor\u00e7ar as a\u00e7\u00f5es de preven\u00e7\u00e3o e elimina\u00e7\u00e3o dos focos do mosquito.<\/p>\n\n\n\n<p>Com o tema &#8220;Dez minutos contra a dengue&#8221;, a a\u00e7\u00e3o ter\u00e1 a participa\u00e7\u00e3o maci\u00e7a de agentes de sa\u00fade, ministros, governadores, prefeitos e secret\u00e1rios para serem porta-vozes do combate ao mosquito Aedes aegypti.<\/p>\n\n\n\n<p>De acordo com dados do painel de monitoramento do Minist\u00e9rio da Sa\u00fade, o\u00a0<a rel=\"noreferrer noopener\" href=\"https:\/\/noticias.r7.com\/saude\/brasil-ultrapassa-1-milhao-de-casos-provaveis-e-registra-214-mortes-por-dengue-em-2024-29022024\" target=\"_blank\">n\u00famero registrado no fim de fevereiro era de 1.017.278 casos<\/a>. Comparativamente, no ano anterior, essa marca s\u00f3 foi alcan\u00e7ada na semana epidemiol\u00f3gica 18, entre os dias 30 de abril e 6 de maio. Al\u00e9m disso, j\u00e1 foram registradas 214 mortes devido \u00e0 doen\u00e7a, com outras 687 sendo investigadas.<\/p>\n\n\n\n<p>O Distrito Federal \u00e9 a regi\u00e3o com o maior coeficiente de incid\u00eancia no pa\u00eds, seguido por Minas Gerais, Acre, Esp\u00edrito Santo e Paran\u00e1. Segundo a pasta, 492 cidades j\u00e1 receberam os imunizantes contra a doen\u00e7a at\u00e9 o momento. E a faixa et\u00e1ria mais acometida \u00e9 a de 30 a 39 anos, seguida por aqueles que t\u00eam entre 40 a 49 e 50 a 59. Mulheres s\u00e3o as mais infectadas pela dengue (55,4%).<\/p>\n\n\n\n<p>Devido ao aumento de casos, seis estados brasileiros (Acre, Goi\u00e1s, Minas Gerais, Esp\u00edrito Santo, Rio de Janeiro e Santa Catarina) e o Distrito Federal decretaram estado de emerg\u00eancia em sa\u00fade p\u00fablica devido \u00e0 dengue. Em resposta a essa situa\u00e7\u00e3o, o Minist\u00e9rio da Sa\u00fade anunciou a realiza\u00e7\u00e3o de um Dia Nacional de Mobiliza\u00e7\u00e3o contra a Dengue no pr\u00f3ximo s\u00e1bado (2), como parte dos esfor\u00e7os para conter o avan\u00e7o da doen\u00e7a.<\/p>\n\n\n\n<p>Durante uma coletiva de imprensa nesta semana, a ministra da sa\u00fade, N\u00edsia Trindade, alertou sobre a antecipa\u00e7\u00e3o do pico de dengue, que normalmente ocorria em abril. Al\u00e9m disso, anunciou que o Minist\u00e9rio da Sa\u00fade ir\u00e1 divulgar nesta sexta-feira (1\u00ba) uma orienta\u00e7\u00e3o espec\u00edfica para o atendimento m\u00e9dico de mulheres gr\u00e1vidas diagnosticadas com dengue.<\/p>\n\n\n\n<figure class=\"wp-block-embed is-type-wp-embed is-provider-genially wp-block-embed-genially\"><div class=\"wp-block-embed__wrapper\">\n<iframe class=\"wp-embedded-content\" sandbox=\"allow-scripts\" security=\"restricted\" title=\"Ciclo de vida mosquito da dengue\" frameborder='0' width='770' height='1100' src='https:\/\/view.genial.ly\/65c2501d88cbd600145947b8#?secret=miYOefL8zk' data-secret='miYOefL8zk' scrolling='yes'><\/iframe>\n<\/div><\/figure>\n\n\n\n<p>\u201cNa sexta-feira vamos divulgar o manejo cl\u00ednico das gestantes para ter esse atendimento. E falando do &#8216;Dia D&#8217;, \u00e9 importante destacarmos que essa uni\u00e3o \u00e9 fundamental, tem que ser um esfor\u00e7o nacional. Precisamos mostrar para a popula\u00e7\u00e3o a atua\u00e7\u00e3o conjunta de todas as esferas do governo: federal, estadual e municipal. N\u00e3o podemos ter estados que n\u00e3o participem dessa campanha, podemos ter particularidades de cada regi\u00e3o, mas todos devem se unir\u201d, disse N\u00edsia Trindade.<\/p>\n\n\n\n<h3 class=\"wp-block-heading\">Gestantes com dengue<\/h3>\n\n\n\n<p>O Brasil registrou&nbsp;<a href=\"https:\/\/noticias.r7.com\/saude\/casos-de-dengue-em-gestantes-aumentam-345-em-2024-01032024\" target=\"_blank\" rel=\"noreferrer noopener\">5.151 casos de gestantes infectadas pela dengue nas seis primeiras semanas epidemiol\u00f3gicas de 2024<\/a>&nbsp;&#8211; at\u00e9 10 de fevereiro. Esse n\u00famero representa um aumento de 345,2% em compara\u00e7\u00e3o ao mesmo per\u00edodo de 2023, quando foram 1.157 diagn\u00f3sticos.<\/p>\n\n\n\n<p>A regi\u00e3o Sul apresentou o maior aumento percentual, com 1.088,7%, seguido do Sudeste (392,2%) e Centro Oeste (346,3%). Os dados constam no Manual de Preven\u00e7\u00e3o, Diagn\u00f3stico e Tratamento da Dengue na Gesta\u00e7\u00e3o e no Puerp\u00e9rio, divulgado nessa sexta-feira (1\u00ba), pelo Minist\u00e9rio da Sa\u00fade.<\/p>\n\n\n\n<p>Segundo o documento, mulheres gr\u00e1vidas t\u00eam um risco maior de desenvolver a forma grave da doen\u00e7a do que as n\u00e3o gestantes. Do total de casos registrado neste ano, 4,4% evolu\u00edram para um quadro considerado cr\u00edtico.<\/p>\n","protected":false},"excerpt":{"rendered":"<p>Mobiliza\u00e7\u00e3o nacional tem como objetivo conscientizar popula\u00e7\u00e3o e refor\u00e7ar a\u00e7\u00f5es de preven\u00e7\u00e3o e elimina\u00e7\u00e3o dos focos da doen\u00e7a Com mais de 1 milh\u00e3o de casos de dengue no Brasil, o governo federal realiza neste s\u00e1bado (2)\u00a0o &#8216;Dia D&#8217;\u00a0contra a dengue\u00a0em todo o pa\u00eds. A mobiliza\u00e7\u00e3o nacional pretende convocar a sociedade civil, influenciadores digitais, m\u00eddia e [&hellip;]<\/p>\n","protected":false},"author":8,"featured_media":22056,"comment_status":"closed","ping_status":"open","sticky":false,"template":"","format":"standard","meta":{"rop_custom_images_group":[],"rop_custom_messages_group":[],"rop_publish_now":"initial","rop_publish_now_accounts":[],"rop_publish_now_history":[],"rop_publish_now_status":"pending","footnotes":""},"categories":[189],"tags":[73],"class_list":["post-22055","post","type-post","status-publish","format-standard","has-post-thumbnail","hentry","category-brasil","tag-featured"],"amp_enabled":true,"_links":{"self":[{"href":"https:\/\/imais.online\/portal\/wp-json\/wp\/v2\/posts\/22055","targetHints":{"allow":["GET"]}}],"collection":[{"href":"https:\/\/imais.online\/portal\/wp-json\/wp\/v2\/posts"}],"about":[{"href":"https:\/\/imais.online\/portal\/wp-json\/wp\/v2\/types\/post"}],"author":[{"embeddable":true,"href":"https:\/\/imais.online\/portal\/wp-json\/wp\/v2\/users\/8"}],"replies":[{"embeddable":true,"href":"https:\/\/imais.online\/portal\/wp-json\/wp\/v2\/comments?post=22055"}],"version-history":[{"count":1,"href":"https:\/\/imais.online\/portal\/wp-json\/wp\/v2\/posts\/22055\/revisions"}],"predecessor-version":[{"id":22057,"href":"https:\/\/imais.online\/portal\/wp-json\/wp\/v2\/posts\/22055\/revisions\/22057"}],"wp:featuredmedia":[{"embeddable":true,"href":"https:\/\/imais.online\/portal\/wp-json\/wp\/v2\/media\/22056"}],"wp:attachment":[{"href":"https:\/\/imais.online\/portal\/wp-json\/wp\/v2\/media?parent=22055"}],"wp:term":[{"taxonomy":"category","embeddable":true,"href":"https:\/\/imais.online\/portal\/wp-json\/wp\/v2\/categories?post=22055"},{"taxonomy":"post_tag","embeddable":true,"href":"https:\/\/imais.online\/portal\/wp-json\/wp\/v2\/tags?post=22055"}],"curies":[{"name":"wp","href":"https:\/\/api.w.org\/{rel}","templated":true}]}}