{"id":22061,"date":"2024-03-02T12:09:30","date_gmt":"2024-03-02T15:09:30","guid":{"rendered":"https:\/\/imais.online\/portal\/?p=22061"},"modified":"2024-03-02T12:09:31","modified_gmt":"2024-03-02T15:09:31","slug":"personagens-secundarios-que-conquistaram-o-publico","status":"publish","type":"post","link":"https:\/\/imais.online\/portal\/personagens-secundarios-que-conquistaram-o-publico\/","title":{"rendered":"Personagens secund\u00e1rios que conquistaram o p\u00fablico"},"content":{"rendered":"<div class=\"imais-before-content-placement\" id=\"imais-2519235004\"><script async src=\"\/\/pagead2.googlesyndication.com\/pagead\/js\/adsbygoogle.js?client=ca-pub-8787528412751566\" crossorigin=\"anonymous\"><\/script><ins class=\"adsbygoogle\" style=\"display:block;\" data-ad-client=\"ca-pub-8787528412751566\" \ndata-ad-slot=\"\" \ndata-ad-format=\"auto\"><\/ins>\n<script> \n(adsbygoogle = window.adsbygoogle || []).push({}); \n<\/script>\n<\/div>\n<p>A Disney\/Pixar possui muitos filmes de sucesso, gra\u00e7as \u00e0s m\u00fasicas emocionantes, hist\u00f3rias muito bem desenvolvidas e personagens extremamente carism\u00e1ticos. Relembre 20 personagens da Disney\/Pixar que n\u00e3o eram os principais em seus filmes, mas que marcaram \u00e9poca e mem\u00f3rias do mesmo jeito!<\/p>\n\n\n\n<figure class=\"wp-block-image size-full is-resized\"><img loading=\"lazy\" decoding=\"async\" width=\"549\" height=\"420\" src=\"https:\/\/imais.online\/portal\/wp-content\/uploads\/2024\/03\/1.jpeg\" alt=\"\" class=\"wp-image-22062\" style=\"aspect-ratio:1.3071428571428572;width:740px;height:auto\" srcset=\"https:\/\/imais.online\/portal\/wp-content\/uploads\/2024\/03\/1.jpeg 549w, https:\/\/imais.online\/portal\/wp-content\/uploads\/2024\/03\/1-300x230.jpeg 300w\" sizes=\"auto, (max-width: 549px) 100vw, 549px\" \/><\/figure>\n\n\n\n<p>Tim\u00e3o e Pumba &#8211; Filme: o Rei Le\u00e3o &#8211; Tim\u00e3o e Pumba fazem provavelmente a dupla mais famosa do mundo Disney. Como esquecer dos di\u00e1logos repletos de energia e divers\u00e3o e, claro, da m\u00fasica.<\/p>\n\n\n\n<figure class=\"wp-block-image size-full\"><img loading=\"lazy\" decoding=\"async\" width=\"738\" height=\"420\" src=\"https:\/\/imais.online\/portal\/wp-content\/uploads\/2024\/03\/personagem-olaf-filme-frozen-sua-inocencia-e-seu-jeito-extrovertido-fizeram-com-que-o-filme-frozen-sucesso-da-disney-ganhasse-ainda-mais-destaque-mundialmente-e-um-do-02032024113446222.jpeg\" alt=\"\" class=\"wp-image-22063\" srcset=\"https:\/\/imais.online\/portal\/wp-content\/uploads\/2024\/03\/personagem-olaf-filme-frozen-sua-inocencia-e-seu-jeito-extrovertido-fizeram-com-que-o-filme-frozen-sucesso-da-disney-ganhasse-ainda-mais-destaque-mundialmente-e-um-do-02032024113446222.jpeg 738w, https:\/\/imais.online\/portal\/wp-content\/uploads\/2024\/03\/personagem-olaf-filme-frozen-sua-inocencia-e-seu-jeito-extrovertido-fizeram-com-que-o-filme-frozen-sucesso-da-disney-ganhasse-ainda-mais-destaque-mundialmente-e-um-do-02032024113446222-300x171.jpeg 300w\" sizes=\"auto, (max-width: 738px) 100vw, 738px\" \/><\/figure>\n\n\n\n<p>Olaf &#8211; Filme: Frozen &#8211; Sua inoc\u00eancia e seu jeito extrovertido fizeram com que o filme Frozen, sucesso da Disney, ganhasse ainda mais destaque mundialmente. \u00c9 um dos personagens mais simb\u00f3licos desse universo repleto de seres inesquec\u00edveis.<\/p>\n\n\n\n<figure class=\"wp-block-image size-full\"><img loading=\"lazy\" decoding=\"async\" width=\"557\" height=\"420\" src=\"https:\/\/imais.online\/portal\/wp-content\/uploads\/2024\/03\/personagem-mushu-filme-mulan-sua-personalidade-forte-e-seu-carisma-fizeram-de-mushu-um-dos-motivos-para-o-filme-02032024113446789.jpeg\" alt=\"\" class=\"wp-image-22064\" srcset=\"https:\/\/imais.online\/portal\/wp-content\/uploads\/2024\/03\/personagem-mushu-filme-mulan-sua-personalidade-forte-e-seu-carisma-fizeram-de-mushu-um-dos-motivos-para-o-filme-02032024113446789.jpeg 557w, https:\/\/imais.online\/portal\/wp-content\/uploads\/2024\/03\/personagem-mushu-filme-mulan-sua-personalidade-forte-e-seu-carisma-fizeram-de-mushu-um-dos-motivos-para-o-filme-02032024113446789-300x226.jpeg 300w\" sizes=\"auto, (max-width: 557px) 100vw, 557px\" \/><\/figure>\n\n\n\n<p>Mushu &#8211; Filme: Mulan &#8211; Sua personalidade forte e seu carisma fizeram de Mushu um dos motivos para o filme.<\/p>\n\n\n\n<figure class=\"wp-block-image size-full\"><img loading=\"lazy\" decoding=\"async\" width=\"613\" height=\"420\" src=\"https:\/\/imais.online\/portal\/wp-content\/uploads\/2024\/03\/personagem-sebastiao-filme-pequena-sereia-sua-paixao-por-musica-e-sua-inteligencia-sao-duas-das-diversas-caracteristicas-que-colocam-esse-pequeno-caranguejo-no-coracao-d-02032024113446912.jpeg\" alt=\"\" class=\"wp-image-22065\" srcset=\"https:\/\/imais.online\/portal\/wp-content\/uploads\/2024\/03\/personagem-sebastiao-filme-pequena-sereia-sua-paixao-por-musica-e-sua-inteligencia-sao-duas-das-diversas-caracteristicas-que-colocam-esse-pequeno-caranguejo-no-coracao-d-02032024113446912.jpeg 613w, https:\/\/imais.online\/portal\/wp-content\/uploads\/2024\/03\/personagem-sebastiao-filme-pequena-sereia-sua-paixao-por-musica-e-sua-inteligencia-sao-duas-das-diversas-caracteristicas-que-colocam-esse-pequeno-caranguejo-no-coracao-d-02032024113446912-300x206.jpeg 300w\" sizes=\"auto, (max-width: 613px) 100vw, 613px\" \/><\/figure>\n\n\n\n<p>Sebasti\u00e3o &#8211; Filme: Pequena Sereia &#8211; Sua paix\u00e3o por m\u00fasica e sua intelig\u00eancia s\u00e3o duas das diversas caracter\u00edsticas que colocam esse pequeno caranguejo no cora\u00e7\u00e3o de muitos f\u00e3s.<\/p>\n\n\n\n<figure class=\"wp-block-image size-full is-resized\"><img loading=\"lazy\" decoding=\"async\" width=\"624\" height=\"420\" src=\"https:\/\/imais.online\/portal\/wp-content\/uploads\/2024\/03\/personagem-lumiere-filme-a-bela-e-a-fera-embora-rebelde-lumiere-tem-seu-lado-amoroso-e-charmoso-e-e-um-dos-destaques-de-02032024113447306.jpeg\" alt=\"\" class=\"wp-image-22066\" style=\"aspect-ratio:1.4857142857142858;width:740px;height:auto\" srcset=\"https:\/\/imais.online\/portal\/wp-content\/uploads\/2024\/03\/personagem-lumiere-filme-a-bela-e-a-fera-embora-rebelde-lumiere-tem-seu-lado-amoroso-e-charmoso-e-e-um-dos-destaques-de-02032024113447306.jpeg 624w, https:\/\/imais.online\/portal\/wp-content\/uploads\/2024\/03\/personagem-lumiere-filme-a-bela-e-a-fera-embora-rebelde-lumiere-tem-seu-lado-amoroso-e-charmoso-e-e-um-dos-destaques-de-02032024113447306-300x202.jpeg 300w\" sizes=\"auto, (max-width: 624px) 100vw, 624px\" \/><\/figure>\n\n\n\n<p>Lumi\u00e8re &#8211; Filme: A Bela e a Fera &#8211; Embora rebelde, Lumi\u00e8re tem seu lado amoroso e charmoso e \u00e9 um dos destaques do filme. <\/p>\n\n\n\n<figure class=\"wp-block-image size-full\"><img loading=\"lazy\" decoding=\"async\" width=\"727\" height=\"420\" src=\"https:\/\/imais.online\/portal\/wp-content\/uploads\/2024\/03\/personagem-rafiki-filme-o-rei-leao-extremamente-sabio-rafiki-e-fundamental-para-a-historia-de-rei-leao-que-para-muitos-e-o-filme-da-disney-de-maior-complexidade-e-d-02032024113447852.jpeg\" alt=\"\" class=\"wp-image-22067\" srcset=\"https:\/\/imais.online\/portal\/wp-content\/uploads\/2024\/03\/personagem-rafiki-filme-o-rei-leao-extremamente-sabio-rafiki-e-fundamental-para-a-historia-de-rei-leao-que-para-muitos-e-o-filme-da-disney-de-maior-complexidade-e-d-02032024113447852.jpeg 727w, https:\/\/imais.online\/portal\/wp-content\/uploads\/2024\/03\/personagem-rafiki-filme-o-rei-leao-extremamente-sabio-rafiki-e-fundamental-para-a-historia-de-rei-leao-que-para-muitos-e-o-filme-da-disney-de-maior-complexidade-e-d-02032024113447852-300x173.jpeg 300w\" sizes=\"auto, (max-width: 727px) 100vw, 727px\" \/><\/figure>\n\n\n\n<p>Rafiki &#8211; Filme: O Rei Le\u00e3o &#8211; Extremamente s\u00e1bio, Rafiki \u00e9 fundamental para a hist\u00f3ria de Rei Le\u00e3o, que , para muitos, \u00e9 o filme da Disney de maior complexidade e destaque de todos os tempos. Ele era um grande amigo de Mufasa, pai de Simba.<\/p>\n\n\n\n<p>Fonte R7<\/p>\n","protected":false},"excerpt":{"rendered":"<p>A Disney\/Pixar possui muitos filmes de sucesso, gra\u00e7as \u00e0s m\u00fasicas emocionantes, hist\u00f3rias muito bem desenvolvidas e personagens extremamente carism\u00e1ticos. Relembre 20 personagens da Disney\/Pixar que n\u00e3o eram os principais em seus filmes, mas que marcaram \u00e9poca e mem\u00f3rias do mesmo jeito! Tim\u00e3o e Pumba &#8211; Filme: o Rei Le\u00e3o &#8211; Tim\u00e3o e Pumba fazem provavelmente [&hellip;]<\/p>\n","protected":false},"author":8,"featured_media":22068,"comment_status":"closed","ping_status":"open","sticky":false,"template":"","format":"standard","meta":{"rop_custom_images_group":[],"rop_custom_messages_group":[],"rop_publish_now":"initial","rop_publish_now_accounts":[],"rop_publish_now_history":[],"rop_publish_now_status":"pending","footnotes":""},"categories":[16],"tags":[],"class_list":["post-22061","post","type-post","status-publish","format-standard","has-post-thumbnail","hentry","category-entertainment"],"amp_enabled":true,"_links":{"self":[{"href":"https:\/\/imais.online\/portal\/wp-json\/wp\/v2\/posts\/22061","targetHints":{"allow":["GET"]}}],"collection":[{"href":"https:\/\/imais.online\/portal\/wp-json\/wp\/v2\/posts"}],"about":[{"href":"https:\/\/imais.online\/portal\/wp-json\/wp\/v2\/types\/post"}],"author":[{"embeddable":true,"href":"https:\/\/imais.online\/portal\/wp-json\/wp\/v2\/users\/8"}],"replies":[{"embeddable":true,"href":"https:\/\/imais.online\/portal\/wp-json\/wp\/v2\/comments?post=22061"}],"version-history":[{"count":1,"href":"https:\/\/imais.online\/portal\/wp-json\/wp\/v2\/posts\/22061\/revisions"}],"predecessor-version":[{"id":22069,"href":"https:\/\/imais.online\/portal\/wp-json\/wp\/v2\/posts\/22061\/revisions\/22069"}],"wp:featuredmedia":[{"embeddable":true,"href":"https:\/\/imais.online\/portal\/wp-json\/wp\/v2\/media\/22068"}],"wp:attachment":[{"href":"https:\/\/imais.online\/portal\/wp-json\/wp\/v2\/media?parent=22061"}],"wp:term":[{"taxonomy":"category","embeddable":true,"href":"https:\/\/imais.online\/portal\/wp-json\/wp\/v2\/categories?post=22061"},{"taxonomy":"post_tag","embeddable":true,"href":"https:\/\/imais.online\/portal\/wp-json\/wp\/v2\/tags?post=22061"}],"curies":[{"name":"wp","href":"https:\/\/api.w.org\/{rel}","templated":true}]}}