{"id":22071,"date":"2024-03-04T19:55:37","date_gmt":"2024-03-04T22:55:37","guid":{"rendered":"https:\/\/imais.online\/portal\/?p=22071"},"modified":"2024-03-04T19:55:38","modified_gmt":"2024-03-04T22:55:38","slug":"6a-edicao-da-pascoa-encantada-acontece-nos-dias-8-e-9-de-marco-com-a-participacao-da-familia-coelho","status":"publish","type":"post","link":"https:\/\/imais.online\/portal\/6a-edicao-da-pascoa-encantada-acontece-nos-dias-8-e-9-de-marco-com-a-participacao-da-familia-coelho\/","title":{"rendered":"6\u00aa edi\u00e7\u00e3o da P\u00e1scoa Encantada acontece nos dias 8 e 9 de mar\u00e7o com a participa\u00e7\u00e3o da Fam\u00edlia Coelho"},"content":{"rendered":"<div class=\"imais-before-content-placement\" id=\"imais-3712469169\"><script async src=\"\/\/pagead2.googlesyndication.com\/pagead\/js\/adsbygoogle.js?client=ca-pub-8787528412751566\" crossorigin=\"anonymous\"><\/script><ins class=\"adsbygoogle\" style=\"display:block;\" data-ad-client=\"ca-pub-8787528412751566\" \ndata-ad-slot=\"\" \ndata-ad-format=\"auto\"><\/ins>\n<script> \n(adsbygoogle = window.adsbygoogle || []).push({}); \n<\/script>\n<\/div>\n<p><em><small>Programa\u00e7\u00e3o conta com atra\u00e7\u00f5es musicais e barracas de alimenta\u00e7\u00e3o na Pra\u00e7a Prudente de Moraes<\/small><\/em><\/p>\n\n\n\n<p>A Prefeitura de Indaiatuba, por meio da Secretaria Municipal de Cultura, promove a sexta edi\u00e7\u00e3o da P\u00e1scoa Encantada nos dias 8 e 9 de mar\u00e7o, na Pra\u00e7a Prudente de Moraes, com os shows: Cesinha e Banda, Dj Rene Monsanto, grupo Quintal da Vila, Sync2 e &nbsp;Banda Dadyna. A Fam\u00edlia Coelho tamb\u00e9m \u00e9 presen\u00e7a confirmada. &nbsp;A cidade j\u00e1 est\u00e1 em clima de p\u00e1scoa com as pra\u00e7as decoradas com cen\u00e1rios instagram\u00e1veis.<\/p>\n\n\n\n<p>A Fam\u00edlia Coelho estar\u00e1 \u00e0 procura da chave da cidade na sexta-feira (8) com sa\u00edda confirmada da Pra\u00e7a Dom Pedro passando pelos com\u00e9rcios e casas do munic\u00edpio \u00e0s 18h e a previs\u00e3o de chegada na Pra\u00e7a Prudente de Morais ser\u00e1 \u00e0s 18h30. Os coelhos passar\u00e3o pelas ruas de Indaiatuba em uma carretinha ecol\u00f3gica, cedida pela Secretaria de Servi\u00e7os Urbanos e Meio Ambiente, com a miss\u00e3o de difundir a sustentabilidade durante o evento. Em seguida, \u00e0s 20h o grupo Cesinha e Banda se apresenta no palco montado na Pra\u00e7a Prudente de Morais.<\/p>\n\n\n\n<p>\u201cA P\u00e1scoa Encantada \u00e9 um evento cultural que visa reunir toda a popula\u00e7\u00e3o a fim de apreciarem os cen\u00e1rios montados para fotos, apresenta\u00e7\u00f5es musicais e a atra\u00e7\u00e3o principal e mais esperada, a Fam\u00edlia Coelho. Al\u00e9m disso, tem como objetivo ajudar as entidades que participam com as barracas, difundir a sustentabilidade e movimentar o com\u00e9rcio local\u201d, &nbsp;pontua o prefeito, Nilson Gaspar.<\/p>\n\n\n\n<p>J\u00e1 no dia 9 de mar\u00e7o a fam\u00edlia Coelho tem como ponto de partida o Ponto Cidad\u00e3o (antiga rodovi\u00e1ria)&nbsp; \u00e0s 9h e vai percorrer a cidade at\u00e9 a Pra\u00e7a Prudente de Morais onde ter\u00e1 um encontro com o prefeito, Nilson Gaspar, e toda a popula\u00e7\u00e3o para receber a chave da cidade. A data conta com a apresenta\u00e7\u00e3o das atra\u00e7\u00f5es musicais: Dj Rene Monsanto a partir das 9h30 e, na sequ\u00eancia, o grupo Quintal da Vila sobe ao palco \u00e0s 11h.<\/p>\n\n\n\n<p>No s\u00e1bado das 9h \u00e0s 12h ser\u00e1 disponibilizado um espa\u00e7o de pintura para as crian\u00e7as que quiserem escrever cartinhas ou fazer desenhos para os coelhos da p\u00e1scoa. O local contar\u00e1 com monitores cedidos pela Secretaria de Educa\u00e7\u00e3o.<\/p>\n\n\n\n<p>\u201cA Fam\u00edlia Coelho j\u00e1 esteve no Gabinete do Prefeito para procurar a chave e n\u00e3o encontrou. Por isso, na pr\u00f3xima sexta-feira esperamos toda a popula\u00e7\u00e3o para que possam ajud\u00e1-los a encontrar a chave que d\u00e1 acesso \u00e0 cidade. Foi um evento pensado para a fam\u00edlia toda. Agrade\u00e7o a todas as secretarias que nos ajudaram para que pud\u00e9ssemos trazer esse evento grandioso e seguro da forma que planejamos\u201d, relata a secret\u00e1ria de Cultura, T\u00e2nia Castanho.<\/p>\n\n\n\n<p>Ap\u00f3s este hor\u00e1rio at\u00e9 a pr\u00f3xima atra\u00e7\u00e3o que come\u00e7a \u00e0s 18h com a volta da fam\u00edlia coelho, saindo da Pra\u00e7a Dom Pedro at\u00e9 o local, &nbsp;as barracas de comidas sob comando de entidades assistenciais do munic\u00edpio estar\u00e3o com comidas e bebidas para o p\u00fablico que quiser consumir no local.&nbsp; S\u00e3o nove barracas que estar\u00e3o situadas no local nos dois dias de evento.<\/p>\n\n\n\n<p>As entidades que estar\u00e3o comandando a pra\u00e7a de alimenta\u00e7\u00e3o s\u00e3o: Athos 4, Bolha de Sab\u00e3o, Dispens\u00e1rio Ozanam; Cirva; Comunidade Farol; Volacc; ADVI; Ciaspe e Associa\u00e7\u00e3o Somos do Bem de Indaiatuba. A partir das 18h volta a programa\u00e7\u00e3o musical com a Banda Sync2 e o encerramento da P\u00e1scoa Encantada fica por conta da Banda Dadyna \u00e0s 20h .<\/p>\n\n\n\n<p><strong>Atra\u00e7\u00f5es<\/strong><\/p>\n\n\n\n<p><strong>Cesinha e Banda<\/strong><\/p>\n\n\n\n<p>Repert\u00f3rio voltado aos g\u00eaneros musicais: samba e pagode.<\/p>\n\n\n\n<p><strong>Dj Rene Monsanto<\/strong><\/p>\n\n\n\n<p>Conta com uma playlist de m\u00fasica eletr\u00f4nica.<\/p>\n\n\n\n<p><strong>Grupo Quintal da Vila<\/strong><\/p>\n\n\n\n<p>Respons\u00e1vel por um repert\u00f3rio de samba raiz e roda de samba.<\/p>\n\n\n\n<p><strong>Sync2<\/strong><\/p>\n\n\n\n<p>Com uma playlist voltada para o estilo Pop.<\/p>\n\n\n\n<p><strong>Banda Dadyna<\/strong><\/p>\n\n\n\n<p>Traz um repert\u00f3rio que mistura pop, rock, sertanejo, samba, ax\u00e9, entre outros.<\/p>\n\n\n\n<p><strong>PROGRAMA\u00c7\u00c3O<\/strong><\/p>\n\n\n\n<p><strong>8 de mar\u00e7o<\/strong><br>19h30 \u2013 Chegada da Fam\u00edlia Coelho<br>20h \u2013 Cesinha e Banda<\/p>\n\n\n\n<p><strong>9 de mar\u00e7o<\/strong><\/p>\n\n\n\n<p>9h30\u2013 DJ. Rene Monsanto &nbsp;&nbsp;&nbsp;&nbsp;&nbsp;&nbsp;&nbsp;&nbsp;&nbsp;&nbsp;&nbsp;&nbsp;&nbsp;&nbsp;&nbsp;<br>10h \u2013 Abertura e entrega das chaves para a Fam\u00edlia Coelho<\/p>\n\n\n\n<p>11h\u2013 Grupo Quintal da Vila<\/p>\n\n\n\n<p>18h \u2013 &nbsp;Volta a Fam\u00edlia Coelho<br>18h\u2013 Banda Sync2<\/p>\n\n\n\n<p>20h\u2013 Banda Dadyna<\/p>\n\n\n\n<p><strong>#PraTodosVerem:<\/strong>&nbsp;<strong>A Fam\u00edlia Coelho na frente da escadaria da Prefeitura Municipal. Fim da descri\u00e7\u00e3o.<\/strong><\/p>\n","protected":false},"excerpt":{"rendered":"<p>Programa\u00e7\u00e3o conta com atra\u00e7\u00f5es musicais e barracas de alimenta\u00e7\u00e3o na Pra\u00e7a Prudente de Moraes A Prefeitura de Indaiatuba, por meio da Secretaria Municipal de Cultura, promove a sexta edi\u00e7\u00e3o da P\u00e1scoa Encantada nos dias 8 e 9 de mar\u00e7o, na Pra\u00e7a Prudente de Moraes, com os shows: Cesinha e Banda, Dj Rene Monsanto, grupo Quintal [&hellip;]<\/p>\n","protected":false},"author":8,"featured_media":22072,"comment_status":"closed","ping_status":"open","sticky":false,"template":"","format":"standard","meta":{"rop_custom_images_group":[],"rop_custom_messages_group":[],"rop_publish_now":"initial","rop_publish_now_accounts":[],"rop_publish_now_history":[],"rop_publish_now_status":"pending","footnotes":""},"categories":[188],"tags":[],"class_list":["post-22071","post","type-post","status-publish","format-standard","has-post-thumbnail","hentry","category-indaiatuba"],"amp_enabled":true,"_links":{"self":[{"href":"https:\/\/imais.online\/portal\/wp-json\/wp\/v2\/posts\/22071","targetHints":{"allow":["GET"]}}],"collection":[{"href":"https:\/\/imais.online\/portal\/wp-json\/wp\/v2\/posts"}],"about":[{"href":"https:\/\/imais.online\/portal\/wp-json\/wp\/v2\/types\/post"}],"author":[{"embeddable":true,"href":"https:\/\/imais.online\/portal\/wp-json\/wp\/v2\/users\/8"}],"replies":[{"embeddable":true,"href":"https:\/\/imais.online\/portal\/wp-json\/wp\/v2\/comments?post=22071"}],"version-history":[{"count":1,"href":"https:\/\/imais.online\/portal\/wp-json\/wp\/v2\/posts\/22071\/revisions"}],"predecessor-version":[{"id":22073,"href":"https:\/\/imais.online\/portal\/wp-json\/wp\/v2\/posts\/22071\/revisions\/22073"}],"wp:featuredmedia":[{"embeddable":true,"href":"https:\/\/imais.online\/portal\/wp-json\/wp\/v2\/media\/22072"}],"wp:attachment":[{"href":"https:\/\/imais.online\/portal\/wp-json\/wp\/v2\/media?parent=22071"}],"wp:term":[{"taxonomy":"category","embeddable":true,"href":"https:\/\/imais.online\/portal\/wp-json\/wp\/v2\/categories?post=22071"},{"taxonomy":"post_tag","embeddable":true,"href":"https:\/\/imais.online\/portal\/wp-json\/wp\/v2\/tags?post=22071"}],"curies":[{"name":"wp","href":"https:\/\/api.w.org\/{rel}","templated":true}]}}