{"id":22074,"date":"2024-03-04T19:57:04","date_gmt":"2024-03-04T22:57:04","guid":{"rendered":"https:\/\/imais.online\/portal\/?p=22074"},"modified":"2024-03-04T19:57:04","modified_gmt":"2024-03-04T22:57:04","slug":"8a-edicao-do-acao-mulher-acontece-no-dia-8-de-marco","status":"publish","type":"post","link":"https:\/\/imais.online\/portal\/8a-edicao-do-acao-mulher-acontece-no-dia-8-de-marco\/","title":{"rendered":"8\u00aa edi\u00e7\u00e3o do A\u00e7\u00e3o Mulher acontece no dia 8 de mar\u00e7o"},"content":{"rendered":"<div class=\"imais-before-content-placement\" id=\"imais-1954532898\"><script async src=\"\/\/pagead2.googlesyndication.com\/pagead\/js\/adsbygoogle.js?client=ca-pub-8787528412751566\" crossorigin=\"anonymous\"><\/script><ins class=\"adsbygoogle\" style=\"display:block;\" data-ad-client=\"ca-pub-8787528412751566\" \ndata-ad-slot=\"\" \ndata-ad-format=\"auto\"><\/ins>\n<script> \n(adsbygoogle = window.adsbygoogle || []).push({}); \n<\/script>\n<\/div>\n<p><em><small>Tema deste ano \u00e9 \u201cTardezinha com elas\u201d e conta com apresenta\u00e7\u00f5es musicais<\/small><\/em><\/p>\n\n\n\n<p>A Secretaria Municipal de Cultura realiza a 8\u00aa edi\u00e7\u00e3o do A\u00e7\u00e3o Mulher com o tema \u201cTardezinha com elas\u201d no dia 8 de mar\u00e7o \u00e0s 16h, no Casar\u00e3o Pau Preto. A programa\u00e7\u00e3o conta com a palestra \u201cEmpreendedorismo \u00e9 o futuro do trabalho\u201d, ministrada pelo F\u00e1bio Sacheto. Al\u00e9m disso, contar\u00e1 com a apresenta\u00e7\u00e3o musical da Soninha de Moraes com o show &#8220;Dolores Ivone e quem mais estiver&#8221;. O evento \u00e9 gratuito e aberto ao p\u00fablico.<\/p>\n\n\n\n<p>O programa A\u00e7\u00e3o Mulher foi criado com o objetivo de estreitar la\u00e7os entre os mais diversos setores em busca de a\u00e7\u00f5es que promovam melhores resultados sociais. Desde ent\u00e3o, passou a realizar palestras, oficinas e a\u00e7\u00f5es em prol das mulheres. &nbsp;\u201cNeste ano pensamos em um ambiente diferente. O Casar\u00e3o Pau Preto \u00e9 um local bonito e que traz a leveza que o Dia da Mulher merece. \u00c9 uma a\u00e7\u00e3o em comemora\u00e7\u00e3o ao m\u00eas da mulher que visa homenagear todas as mulheres e mostrar, por meio do empreendedorismo, que \u00e9 poss\u00edvel abrir possibilidades, bem como, &nbsp;conquistar os objetivos atrav\u00e9s de novos caminhos para realizar seus sonhos\u201d, pontua a secret\u00e1ria de Cultura, T\u00e2nia Castanho.<\/p>\n\n\n\n<p><strong>Servi\u00e7o<\/strong><\/p>\n\n\n\n<p><strong>A\u00e7\u00e3o Mulher \u201cTardezinha com elas\u201d<\/strong><\/p>\n\n\n\n<p><strong>Data:&nbsp;<\/strong>08\/03\/2024<\/p>\n\n\n\n<p><strong>Hor\u00e1rio:&nbsp;<\/strong>16h<strong><\/strong><\/p>\n\n\n\n<p><strong>Local:\u00a0<\/strong>Casar\u00e3o Pau Preto &#8211; R. Pedro Gon\u00e7alves, 477 \u2013 Centro\/ Indaiatuba-SP.<\/p>\n\n\n\n<p><strong>#PraTodosVerem:\u00a0<\/strong>Foto ilustrativa. Na imagem aparece do lado esquerdo escrito &#8220;A\u00e7\u00e3o Mulher&#8221; e do lado direito as informa\u00e7\u00f5es &#8220;8 de mar\u00e7o \u00e0s 16h&#8221; e o local com o endere\u00e7o &#8220;Casar\u00e3o Pau Preto na Rua Pedro Gon\u00e7alves, 477- Centro&#8221;. Abaixo imagem de mulheres. Fim da descri\u00e7\u00e3o.<\/p>\n","protected":false},"excerpt":{"rendered":"<p>Tema deste ano \u00e9 \u201cTardezinha com elas\u201d e conta com apresenta\u00e7\u00f5es musicais A Secretaria Municipal de Cultura realiza a 8\u00aa edi\u00e7\u00e3o do A\u00e7\u00e3o Mulher com o tema \u201cTardezinha com elas\u201d no dia 8 de mar\u00e7o \u00e0s 16h, no Casar\u00e3o Pau Preto. A programa\u00e7\u00e3o conta com a palestra \u201cEmpreendedorismo \u00e9 o futuro do trabalho\u201d, ministrada pelo [&hellip;]<\/p>\n","protected":false},"author":8,"featured_media":22075,"comment_status":"closed","ping_status":"open","sticky":false,"template":"","format":"standard","meta":{"rop_custom_images_group":[],"rop_custom_messages_group":[],"rop_publish_now":"initial","rop_publish_now_accounts":[],"rop_publish_now_history":[],"rop_publish_now_status":"pending","footnotes":""},"categories":[188],"tags":[],"class_list":["post-22074","post","type-post","status-publish","format-standard","has-post-thumbnail","hentry","category-indaiatuba"],"amp_enabled":true,"_links":{"self":[{"href":"https:\/\/imais.online\/portal\/wp-json\/wp\/v2\/posts\/22074","targetHints":{"allow":["GET"]}}],"collection":[{"href":"https:\/\/imais.online\/portal\/wp-json\/wp\/v2\/posts"}],"about":[{"href":"https:\/\/imais.online\/portal\/wp-json\/wp\/v2\/types\/post"}],"author":[{"embeddable":true,"href":"https:\/\/imais.online\/portal\/wp-json\/wp\/v2\/users\/8"}],"replies":[{"embeddable":true,"href":"https:\/\/imais.online\/portal\/wp-json\/wp\/v2\/comments?post=22074"}],"version-history":[{"count":1,"href":"https:\/\/imais.online\/portal\/wp-json\/wp\/v2\/posts\/22074\/revisions"}],"predecessor-version":[{"id":22076,"href":"https:\/\/imais.online\/portal\/wp-json\/wp\/v2\/posts\/22074\/revisions\/22076"}],"wp:featuredmedia":[{"embeddable":true,"href":"https:\/\/imais.online\/portal\/wp-json\/wp\/v2\/media\/22075"}],"wp:attachment":[{"href":"https:\/\/imais.online\/portal\/wp-json\/wp\/v2\/media?parent=22074"}],"wp:term":[{"taxonomy":"category","embeddable":true,"href":"https:\/\/imais.online\/portal\/wp-json\/wp\/v2\/categories?post=22074"},{"taxonomy":"post_tag","embeddable":true,"href":"https:\/\/imais.online\/portal\/wp-json\/wp\/v2\/tags?post=22074"}],"curies":[{"name":"wp","href":"https:\/\/api.w.org\/{rel}","templated":true}]}}