{"id":22077,"date":"2024-03-04T19:58:56","date_gmt":"2024-03-04T22:58:56","guid":{"rendered":"https:\/\/imais.online\/portal\/?p=22077"},"modified":"2024-03-04T19:58:57","modified_gmt":"2024-03-04T22:58:57","slug":"prefeito-nilson-gaspar-inaugura-o-complexo-educacional-profa-maria-jose-arruda-salvadori-martinhao","status":"publish","type":"post","link":"https:\/\/imais.online\/portal\/prefeito-nilson-gaspar-inaugura-o-complexo-educacional-profa-maria-jose-arruda-salvadori-martinhao\/","title":{"rendered":"Prefeito Nilson Gaspar inaugura o Complexo Educacional Prof\u00aa Maria Jos\u00e9 Arruda Salvadori Martinh\u00e3o"},"content":{"rendered":"<div class=\"imais-before-content-placement\" id=\"imais-3659498198\"><script async src=\"\/\/pagead2.googlesyndication.com\/pagead\/js\/adsbygoogle.js?client=ca-pub-8787528412751566\" crossorigin=\"anonymous\"><\/script><ins class=\"adsbygoogle\" style=\"display:block;\" data-ad-client=\"ca-pub-8787528412751566\" \ndata-ad-slot=\"\" \ndata-ad-format=\"auto\"><\/ins>\n<script> \n(adsbygoogle = window.adsbygoogle || []).push({}); \n<\/script>\n<\/div>\n<p><em><small>Escola tem capacidade para atender at\u00e9 960 alunos em 34 salas de aula de 1\u00ba ao 5\u00ba do Ensino Fundamental I<\/small><\/em><\/p>\n\n\n\n<p>O prefeito Nilson Alcides Gaspar inaugurou o Complexo Educacional Jardim Residencial Veneza neste s\u00e1bado (2\/3). A unidade escolar foi nomeada como Emeb Professora&nbsp;Maria Jos\u00e9 Arruda Salvadori Martinh\u00e3o, atrav\u00e9s da Lei Municipal 7.790, de autoria do vereador Alexandre Peres.&nbsp;A escola foi constru\u00edda com recursos pr\u00f3prios&nbsp;no valor de R$ 20,6 milh\u00f5es&nbsp;e poder\u00e1 atender at\u00e9 960 alunos em 34 salas de aula de 1\u00ba ao 5\u00ba do Ensino Fundamental I.<\/p>\n\n\n\n<p>O prefeito Nilson Gaspar exaltou a satisfa\u00e7\u00e3o de entregar mais uma escola para a popula\u00e7\u00e3o. \u201cComo \u00e9 importante o dia que inauguramos uma esscola! Ainda mais essa, que agora se torna a maior de Indaiatuba, em estrutura e atendimento, com capacidade para quase 1 mil alunos do 1\u00ba ao 5\u00ba do Ensino Fundamental I.&nbsp;A educa\u00e7\u00e3o \u00e9 a base de tudo e recebe um dos maiores investimentos da nossa gest\u00e3o, atr\u00e1s apenas da sa\u00fade. Esse novo Complexo Educacional no Jd. Veneza amplia a oferta de ensino integral, mais uma vez indo al\u00e9m do que \u00e9 obriga\u00e7\u00e3o e buscando oferecer o melhor \u00e0s nossas crian\u00e7as. Gradativamente, com p\u00e9s no ch\u00e3o, vamos oferecendo ainda mais vagas em per\u00edodo integral\u201d, pontuou Gaspar.<\/p>\n\n\n\n<p>O secret\u00e1rio de Educa\u00e7\u00e3o, professor Eddye Rafaeta agradeceu ao prefeito Nilson Gaspar, \u00e0s fam\u00edlias e aos professores. \u201cHoje estamos aqui nessa inaugura\u00e7\u00e3o t\u00e3o importante para o futuro, pois s\u00f3 a educa\u00e7\u00e3o pode transformar o mundo. Indaiatuba \u00e9 diferenciada pela gest\u00e3o vision\u00e1ria do Gaspar, que consegue entender e n\u00e3o mede esfor\u00e7os para investir na educa\u00e7\u00e3o como pilar de constru\u00e7\u00e3o de uma sociedade transformadora. \u00c9 uma honra estar aqui hoje com a comunidade escolar engajada em fazer o melhor para nossas crian\u00e7as. Em nome de nossa homenageada, a querida&nbsp;professora&nbsp;Maria Jos\u00e9 Arruda Salvadori, cumprimento todos os educadores da Rede Municipal, que dedicam suas vidas em ensinar nossos alunos com tanta dedica\u00e7\u00e3o e sabedoria\u201d, encerrou o secret\u00e1rio.<\/p>\n\n\n\n<p>O complexo conta com 7.255,86m\u00b2 de \u00e1rea constru\u00edda distribu\u00eddos em quatro pavimentos, incluindo quadra poliesportiva coberta com vesti\u00e1rios e um audit\u00f3rio com capacidade para 136 lugares. O objetivo desta nova unidade escolar \u00e9 atender a demanda de uma regi\u00e3o que est\u00e1 em desenvolvimento com a implanta\u00e7\u00e3o de novos loteamentos.<\/p>\n\n\n\n<p>A popula\u00e7\u00e3o do Jardim Residencial Veneza ainda ganhar\u00e1 uma creche e pr\u00e9-escola para 178 crian\u00e7as, com previs\u00e3o de entrega no primeiro semestre de 2024.<\/p>\n\n\n\n<p>O evento contou com apresenta\u00e7\u00e3o dos alunos e do Koringa para a comunidade escolar. Os vereadores Alexandre Peres, Engenheira Luci, Luiz Alberto Pereira \u2013 Cebolinha, Professor S\u00e9rgio, H\u00e9lio Ribeiro e Leandro Pinto, secret\u00e1rios municipais, familiares da homenageada e demais autoridades tamb\u00e9m participaram da cerim\u00f4nia.&nbsp;<\/p>\n\n\n\n<p><strong>Biografia:<\/strong><\/p>\n\n\n\n<p><strong>Prof\u00aa Maria Jos\u00e9 Arruda Salvadori Martinh\u00e3o<\/strong><\/p>\n\n\n\n<p>Maria Jos\u00e9 Arruda Salvadori Martinh\u00e3o nasceu em Salto\/SP em 26\/01\/1936, filha de Luiz Salvadori e Iracema de Arruda Salvadori. Desde a d\u00e9cada de 50, estabeleceu resid\u00eancia em Indaiatuba. Uniu-se em matrim\u00f4nio a Odersio Martinh\u00e3o, com quem teve quatro filhos: Odersio Martinh\u00e3o Filho, Jos\u00e9 Luiz Salvadori Martinh\u00e3o, Rubens Augusto Salvadori Martinh\u00e3o e Maximiliano Salvadori Martinh\u00e3o.<\/p>\n\n\n\n<p>Sua carreira como educadora foi not\u00e1vel, tendo ensinado em diversas escolas do munic\u00edpio ao longo de d\u00e9cadas. Sua lideran\u00e7a e comprometimento com a comunidade renderam-lhe a medalha &#8220;Paul Harris&#8221; do Rotary Clube, assim como diversas outras homenagens das escolas em que lecionou ao longo de sua carreira.<\/p>\n\n\n\n<p>Demonstrando sua compaix\u00e3o e empatia, Maria Jos\u00e9 foi uma das fundadoras do &#8220;Clube do Siri&#8221;, posteriormente transformado na Volacc, uma organiza\u00e7\u00e3o dedicada a apoiar pessoas com c\u00e2ncer.<\/p>\n\n\n\n<p>Maria Jos\u00e9 Arruda Salvadori Martinh\u00e3o faleceu em 18\/08\/2014, aos 78 anos de idade, deixando um legado de amor pela educa\u00e7\u00e3o e servi\u00e7o \u00e0 comunidade que continua a inspirar aqueles que tiveram a honra de conhec\u00ea-la.<\/p>\n\n\n\n<p><strong>#PraTodosVerem:\u00a0<\/strong>Imagem mostra o p\u00e1tio da Emeb Professora Maria Jos\u00e9 Arruda Salvadori Martinh\u00e3o, com um palco onde o prefeito Nilson Gaspar e demais autoridades est\u00e3o junto a placa de inaugura\u00e7\u00e3o.<\/p>\n","protected":false},"excerpt":{"rendered":"<p>Escola tem capacidade para atender at\u00e9 960 alunos em 34 salas de aula de 1\u00ba ao 5\u00ba do Ensino Fundamental I O prefeito Nilson Alcides Gaspar inaugurou o Complexo Educacional Jardim Residencial Veneza neste s\u00e1bado (2\/3). A unidade escolar foi nomeada como Emeb Professora&nbsp;Maria Jos\u00e9 Arruda Salvadori Martinh\u00e3o, atrav\u00e9s da Lei Municipal 7.790, de autoria [&hellip;]<\/p>\n","protected":false},"author":8,"featured_media":22078,"comment_status":"closed","ping_status":"open","sticky":false,"template":"","format":"standard","meta":{"rop_custom_images_group":[],"rop_custom_messages_group":[],"rop_publish_now":"initial","rop_publish_now_accounts":[],"rop_publish_now_history":[],"rop_publish_now_status":"pending","footnotes":""},"categories":[188],"tags":[73],"class_list":["post-22077","post","type-post","status-publish","format-standard","has-post-thumbnail","hentry","category-indaiatuba","tag-featured"],"amp_enabled":true,"_links":{"self":[{"href":"https:\/\/imais.online\/portal\/wp-json\/wp\/v2\/posts\/22077","targetHints":{"allow":["GET"]}}],"collection":[{"href":"https:\/\/imais.online\/portal\/wp-json\/wp\/v2\/posts"}],"about":[{"href":"https:\/\/imais.online\/portal\/wp-json\/wp\/v2\/types\/post"}],"author":[{"embeddable":true,"href":"https:\/\/imais.online\/portal\/wp-json\/wp\/v2\/users\/8"}],"replies":[{"embeddable":true,"href":"https:\/\/imais.online\/portal\/wp-json\/wp\/v2\/comments?post=22077"}],"version-history":[{"count":1,"href":"https:\/\/imais.online\/portal\/wp-json\/wp\/v2\/posts\/22077\/revisions"}],"predecessor-version":[{"id":22079,"href":"https:\/\/imais.online\/portal\/wp-json\/wp\/v2\/posts\/22077\/revisions\/22079"}],"wp:featuredmedia":[{"embeddable":true,"href":"https:\/\/imais.online\/portal\/wp-json\/wp\/v2\/media\/22078"}],"wp:attachment":[{"href":"https:\/\/imais.online\/portal\/wp-json\/wp\/v2\/media?parent=22077"}],"wp:term":[{"taxonomy":"category","embeddable":true,"href":"https:\/\/imais.online\/portal\/wp-json\/wp\/v2\/categories?post=22077"},{"taxonomy":"post_tag","embeddable":true,"href":"https:\/\/imais.online\/portal\/wp-json\/wp\/v2\/tags?post=22077"}],"curies":[{"name":"wp","href":"https:\/\/api.w.org\/{rel}","templated":true}]}}