{"id":22089,"date":"2024-03-05T10:33:46","date_gmt":"2024-03-05T13:33:46","guid":{"rendered":"https:\/\/imais.online\/portal\/?p=22089"},"modified":"2024-03-05T10:33:47","modified_gmt":"2024-03-05T13:33:47","slug":"comeca-a-superterca-que-reune-primarias-em-ate-16-estados-dos-eua-e-deve-consolidar-biden-e-trump-como-favoritacos","status":"publish","type":"post","link":"https:\/\/imais.online\/portal\/comeca-a-superterca-que-reune-primarias-em-ate-16-estados-dos-eua-e-deve-consolidar-biden-e-trump-como-favoritacos\/","title":{"rendered":"Come\u00e7a a Superter\u00e7a, que re\u00fane prim\u00e1rias em at\u00e9 16 estados dos EUA e deve consolidar Biden e Trump como &#8216;favorita\u00e7os&#8217;"},"content":{"rendered":"<div class=\"imais-before-content-placement\" id=\"imais-1841789967\"><script async src=\"\/\/pagead2.googlesyndication.com\/pagead\/js\/adsbygoogle.js?client=ca-pub-8787528412751566\" crossorigin=\"anonymous\"><\/script><ins class=\"adsbygoogle\" style=\"display:block;\" data-ad-client=\"ca-pub-8787528412751566\" \ndata-ad-slot=\"\" \ndata-ad-format=\"auto\"><\/ins>\n<script> \n(adsbygoogle = window.adsbygoogle || []).push({}); \n<\/script>\n<\/div>\n<h2 class=\"wp-block-heading\">Data \u00e9 a mais importante antes da elei\u00e7\u00e3o americana. Superter\u00e7a costuma ser decisiva, mas consolida\u00e7\u00e3o de Biden e Trump torna cen\u00e1rio previs\u00edvel e deve esvaziar a import\u00e2ncia da vota\u00e7\u00e3o.<\/h2>\n\n\n\n<p>Come\u00e7ou nesta ter\u00e7a-feira (5)\u00a0<strong>a data mais importante do per\u00edodo pr\u00e9-eleitoral americano<\/strong>:<strong>\u00a0<\/strong><a class=\"\" href=\"https:\/\/g1.globo.com\/mundo\/eleicoes-nos-eua\/2024\/noticia\/2024\/03\/03\/com-disputa-entre-trump-e-biden-nas-eleicoes-quase-definida-eua-se-preparam-para-superterca-mais-previsivel-e-esvaziada-dos-ultimos-anos.ghtml\"><strong>a Superter\u00e7a<\/strong><\/a>, como \u00e9 chamado o dia no qual v\u00e1rios estados votam simultaneamente em candidatos \u00e0 Presid\u00eancia dos Estados Unidos.<\/p>\n\n\n\n<p><strong>Historicamente,\u00a0o dia costuma ser decisivo\u00a0tanto para o Partido Republicano quando para o Democrata, mas, principalmente, para a sigla que est\u00e1 na oposi\u00e7\u00e3o \u2014 desta vez, os republicanos.<\/strong><\/p>\n\n\n\n<p><strong>Mas, diferentemente de outras Superter\u00e7as com disputas acirradas, neste ano as candidaturas dos dois lados j\u00e1 est\u00e3o praticamente definidas<\/strong>. Apesar das pol\u00eamicas como a quest\u00e3o da idade e da falta mem\u00f3ria, pelo lado de&nbsp;<a class=\"\" href=\"https:\/\/g1.globo.com\/tudo-sobre\/joe-biden\/\">Joe Biden<\/a>, e dos processos judiciais que o republicano&nbsp;<a class=\"\" href=\"https:\/\/g1.globo.com\/tudo-sobre\/donald-trump\/\">Donald Trump<\/a>&nbsp;enfrenta na Justi\u00e7a, ambos despontam como favoritos absolutos em seus partidos.<\/p>\n\n\n\n<p>Trump foi presidente dos EUA entre 2017 e 2020;&nbsp;<a class=\"\" href=\"https:\/\/g1.globo.com\/mundo\/eleicoes-nos-eua\/2024\/noticia\/2024\/03\/04\/suprema-corte-trump-eleicoes-dos-eua.ghtml\">nesta segunda (4), foi liberado pela Suprema Corte para concorrer<\/a>. Biden ocupa a presid\u00eancia dos Estados Unidos desde janeiro de 2021, ap\u00f3s derrotar Trump nas elei\u00e7\u00f5es de 2020.<\/p>\n\n\n\n<p>Nos Estados Unidos, os pr\u00e9-candidatos de cada partido disputam pr\u00e9vias em cada estado e territ\u00f3rio do pa\u00eds, elegendo um certo n\u00famero de delegados (representantes) em cada um deles.\u00a0<strong>Quem tiver o maior n\u00famero de delegados ao final do processo se torna o candidato do partido \u00e0 Presid\u00eancia. Os maiores col\u00e9gios eleitorais s\u00e3o os da Calif\u00f3rnia e do Texas.<\/strong><\/p>\n\n\n\n<p>As urnas j\u00e1 abriram em parte dos locais de vota\u00e7\u00e3o na manh\u00e3 desta ter\u00e7a.<\/p>\n\n\n\n<p>Neste ano,\u00a0<strong>15 estados votar\u00e3o na Superter\u00e7a pelo Partido Republicano<\/strong>;\u00a0<strong>pelos democratas, ser\u00e3o 16 locais, incluindo o territ\u00f3rio da Samoa Americana<\/strong>. Os primeiros resultados devem ser conhecidos entre as 20h e as 23h desta ter\u00e7a-feira \u2014 as defini\u00e7\u00f5es ficar\u00e3o para as primeiras horas de quarta (6).<\/p>\n\n\n\n<p><strong>O &#8220;super&#8221; da data se d\u00e1 pelo grande n\u00famero de delegados envolvidos no mesmo dia.&nbsp;<\/strong>O candidato republicano, por exemplo, precisa de 1.215 delegados para ser indicado \u00e0 Presid\u00eancia. S\u00f3 na Superter\u00e7a republicana est\u00e3o em jogo 854 delegados.<\/p>\n\n\n\n<p>Apesar do favoritismo, pela contagem de delegados, nem Trump nem Biden conseguir\u00e3o a nomea\u00e7\u00e3o com a Superter\u00e7a.\u00a0<strong>Pelos c\u00e1lculos, os dois pr\u00e9-candidatos s\u00f3 poderiam ser confirmados como candidatos a partir de meados de mar\u00e7o: Trump em 12 de mar\u00e7o; Biden, em 19 de mar\u00e7o.<\/strong><\/p>\n\n\n\n<h2 class=\"wp-block-heading\"><strong>Superter\u00e7a j\u00e1 foi decisiva<\/strong><\/h2>\n\n\n\n<p>A vota\u00e7\u00e3o da\u00a0<strong>Superter\u00e7a j\u00e1 foi decisiva, por exemplo, para o ex-presidente\u00a0<\/strong><a class=\"\" href=\"https:\/\/g1.globo.com\/tudo-sobre\/barack-obama\/\"><strong>Barack Obama<\/strong><\/a><strong>\u00a0na disputa com Hillary Clinton em 2008 e para Donald Trump<\/strong>\u00a0na corrida pr\u00e9-eleitoral em 2016.\u00a0Os dois acabaram vencendo as elei\u00e7\u00f5es nesses anos. Foi acirrada tamb\u00e9m em 2012, entre os republicanos, e em 2020, para os democratas.<\/p>\n\n\n\n<p>Mas neste ano, no entanto,&nbsp;os superlativos devem acabar diminu\u00eddos diante de um cen\u00e1rio previs\u00edvel tanto para Trump como para Biden, na avalia\u00e7\u00e3o de especialistas ouvidos pelo&nbsp;<strong>g1<\/strong>.<\/p>\n\n\n\n<p>Por isso, a&nbsp;<strong>Superter\u00e7a deste ano ser\u00e1 a menos importante das duas \u00faltimas d\u00e9cadas<\/strong>, na avalia\u00e7\u00e3o do analista pol\u00edtico Sam Logan, fundador da consultoria de Washington Southern Pulse.<\/p>\n\n\n\n<blockquote class=\"wp-block-quote is-layout-flow wp-block-quote-is-layout-flow\">\n<p>&#8220;Em anos como o de 2016, quando o Trump entrou em definitivo na disputa, o grau de relev\u00e2ncia da Superter\u00e7a foi muito maior que o desta vez&#8221;, disse Logan ao&nbsp;<strong>g1<\/strong>. &#8220;Mas as prim\u00e1rias no geral t\u00eam perdido import\u00e2ncia, com exce\u00e7\u00e3o desses epis\u00f3dios espec\u00edficos&#8221;.<\/p>\n<\/blockquote>\n\n\n\n<h2 class=\"wp-block-heading\">Estados que votam<\/h2>\n\n\n\n<p><strong>Partido Republicano<\/strong><\/p>\n\n\n\n<ul class=\"wp-block-list\">\n<li>Alabama (50 delegados);<\/li>\n\n\n\n<li>Alasca (29 delegados);<\/li>\n\n\n\n<li>Arkansas (40 delegados);<\/li>\n\n\n\n<li>Calif\u00f3rnia (169 delegados);<\/li>\n\n\n\n<li>Colorado (37 delegados);<\/li>\n\n\n\n<li>Maine (20 delegados)<\/li>\n\n\n\n<li>Massachusetts (40 delegados);<\/li>\n\n\n\n<li>Minnesota (39 delegados);<\/li>\n\n\n\n<li>Carolina do Norte (74 delegados);<\/li>\n\n\n\n<li>Oklahoma (43 delegados);<\/li>\n\n\n\n<li>Tennessee (58 delegados);<\/li>\n\n\n\n<li>Texas (161 delegados);<\/li>\n\n\n\n<li>Utah (40 delegados);<\/li>\n\n\n\n<li>Vermont (17 delegados);<\/li>\n\n\n\n<li>Virginia (48 delegados).<\/li>\n<\/ul>\n\n\n\n<p><strong>Partido Democrata<\/strong><\/p>\n\n\n\n<ul class=\"wp-block-list\">\n<li>Alabama (52 delegados)<\/li>\n\n\n\n<li>Arkansas (31 delegados)<\/li>\n\n\n\n<li>Calif\u00f3rnia (424 delegados)<\/li>\n\n\n\n<li>Colorado (72 delegados)<\/li>\n\n\n\n<li>Iowa: (40 delegados)<\/li>\n\n\n\n<li>Maine (24 delegados)<\/li>\n\n\n\n<li>Massachussets (92 delegados)<\/li>\n\n\n\n<li>Minnesota (75 delegados)<\/li>\n\n\n\n<li>Carolina do Norte (116 delegados)<\/li>\n\n\n\n<li>Oklahoma (36 delegados)<\/li>\n\n\n\n<li>Tennessee (63 delegados)<\/li>\n\n\n\n<li>Texas (244 delegados)<\/li>\n\n\n\n<li>Utah (30 delegados)<\/li>\n\n\n\n<li>Vermont (16 delegados)<\/li>\n\n\n\n<li>Virg\u00ednia (99 delegados)<\/li>\n\n\n\n<li>Territ\u00f3rio da Samoa Americana (6 delegados)<\/li>\n<\/ul>\n\n\n\n<p>Cada estado pode ter processos diferentes de vota\u00e7\u00e3o &#8211; as prim\u00e1rias ou os chamados\u00a0<strong>caucus\u00a0<\/strong><\/p>\n\n\n\n<p>Fonte G1 <\/p>\n\n\n\n<p><\/p>\n\n\n\n<p><\/p>\n\n\n\n<p><\/p>\n","protected":false},"excerpt":{"rendered":"<p>Data \u00e9 a mais importante antes da elei\u00e7\u00e3o americana. Superter\u00e7a costuma ser decisiva, mas consolida\u00e7\u00e3o de Biden e Trump torna cen\u00e1rio previs\u00edvel e deve esvaziar a import\u00e2ncia da vota\u00e7\u00e3o. Come\u00e7ou nesta ter\u00e7a-feira (5)\u00a0a data mais importante do per\u00edodo pr\u00e9-eleitoral americano:\u00a0a Superter\u00e7a, como \u00e9 chamado o dia no qual v\u00e1rios estados votam simultaneamente em candidatos \u00e0 [&hellip;]<\/p>\n","protected":false},"author":8,"featured_media":22090,"comment_status":"closed","ping_status":"open","sticky":false,"template":"","format":"standard","meta":{"rop_custom_images_group":[],"rop_custom_messages_group":[],"rop_publish_now":"initial","rop_publish_now_accounts":[],"rop_publish_now_history":[],"rop_publish_now_status":"pending","footnotes":""},"categories":[212],"tags":[],"class_list":["post-22089","post","type-post","status-publish","format-standard","has-post-thumbnail","hentry","category-internacional"],"amp_enabled":true,"_links":{"self":[{"href":"https:\/\/imais.online\/portal\/wp-json\/wp\/v2\/posts\/22089","targetHints":{"allow":["GET"]}}],"collection":[{"href":"https:\/\/imais.online\/portal\/wp-json\/wp\/v2\/posts"}],"about":[{"href":"https:\/\/imais.online\/portal\/wp-json\/wp\/v2\/types\/post"}],"author":[{"embeddable":true,"href":"https:\/\/imais.online\/portal\/wp-json\/wp\/v2\/users\/8"}],"replies":[{"embeddable":true,"href":"https:\/\/imais.online\/portal\/wp-json\/wp\/v2\/comments?post=22089"}],"version-history":[{"count":1,"href":"https:\/\/imais.online\/portal\/wp-json\/wp\/v2\/posts\/22089\/revisions"}],"predecessor-version":[{"id":22091,"href":"https:\/\/imais.online\/portal\/wp-json\/wp\/v2\/posts\/22089\/revisions\/22091"}],"wp:featuredmedia":[{"embeddable":true,"href":"https:\/\/imais.online\/portal\/wp-json\/wp\/v2\/media\/22090"}],"wp:attachment":[{"href":"https:\/\/imais.online\/portal\/wp-json\/wp\/v2\/media?parent=22089"}],"wp:term":[{"taxonomy":"category","embeddable":true,"href":"https:\/\/imais.online\/portal\/wp-json\/wp\/v2\/categories?post=22089"},{"taxonomy":"post_tag","embeddable":true,"href":"https:\/\/imais.online\/portal\/wp-json\/wp\/v2\/tags?post=22089"}],"curies":[{"name":"wp","href":"https:\/\/api.w.org\/{rel}","templated":true}]}}