{"id":22095,"date":"2024-03-05T18:06:04","date_gmt":"2024-03-05T21:06:04","guid":{"rendered":"https:\/\/imais.online\/portal\/?p=22095"},"modified":"2024-03-05T18:06:05","modified_gmt":"2024-03-05T21:06:05","slug":"prefeitura-suspende-concurso-publico-para-analise-de-questionamentos","status":"publish","type":"post","link":"https:\/\/imais.online\/portal\/prefeitura-suspende-concurso-publico-para-analise-de-questionamentos\/","title":{"rendered":"Prefeitura suspende concurso p\u00fablico para an\u00e1lise de questionamentos"},"content":{"rendered":"<div class=\"imais-before-content-placement\" id=\"imais-3749682214\"><script async src=\"\/\/pagead2.googlesyndication.com\/pagead\/js\/adsbygoogle.js?client=ca-pub-8787528412751566\" crossorigin=\"anonymous\"><\/script><ins class=\"adsbygoogle\" style=\"display:block;\" data-ad-client=\"ca-pub-8787528412751566\" \ndata-ad-slot=\"\" \ndata-ad-format=\"auto\"><\/ins>\n<script> \n(adsbygoogle = window.adsbygoogle || []).push({}); \n<\/script>\n<\/div>\n<p class=\"has-text-align-center\"><em>Medida tem objetivo de permitir tempo adequado para an\u00e1lise dos materiais apresentados<\/em><\/p>\n\n\n\n<p>A Secretaria Municipal de Neg\u00f3cios Jur\u00eddicos de Indaiatuba comunicou, nesta ter\u00e7a-feira (5) que as provas do Concurso P\u00fablico 001\/2023, que seriam realizadas no pr\u00f3ximo domingo, dia 10 de mar\u00e7o, est\u00e3o suspensas. A decis\u00e3o foi tomada ap\u00f3s reuni\u00e3o com o Minist\u00e9rio P\u00fablico e com base em questionamentos apresentados por meio do of\u00edcio 093\/2024, do MP. Durante o encontro, o Poder P\u00fablico Municipal reiterou que se mant\u00e9m \u00e0 disposi\u00e7\u00e3o para sanar quaisquer d\u00favidas existentes.<\/p>\n\n\n\n<p>A Administra\u00e7\u00e3o decidiu pela suspens\u00e3o para que o MP tenha tempo h\u00e1bil para analisar todas os questionamentos e com o objetivo de garantir a total transpar\u00eancia de todo o processo. A publica\u00e7\u00e3o das pr\u00f3ximas etapas ser\u00e1 divulgada em datas a serem definidas. Os candidatos devem acompanhar as novas fases pelos meios de comunica\u00e7\u00e3o da Prefeitura.<\/p>\n\n\n\n<p>A decis\u00e3o foi publicada na edi\u00e7\u00e3o extraordin\u00e1ria da Imprensa Oficial 2882\/2024 desta ter\u00e7a-feira (05).<\/p>\n","protected":false},"excerpt":{"rendered":"<p>Medida tem objetivo de permitir tempo adequado para an\u00e1lise dos materiais apresentados A Secretaria Municipal de Neg\u00f3cios Jur\u00eddicos de Indaiatuba comunicou, nesta ter\u00e7a-feira (5) que as provas do Concurso P\u00fablico 001\/2023, que seriam realizadas no pr\u00f3ximo domingo, dia 10 de mar\u00e7o, est\u00e3o suspensas. A decis\u00e3o foi tomada ap\u00f3s reuni\u00e3o com o Minist\u00e9rio P\u00fablico e com [&hellip;]<\/p>\n","protected":false},"author":7,"featured_media":22096,"comment_status":"closed","ping_status":"open","sticky":false,"template":"","format":"standard","meta":{"rop_custom_images_group":[],"rop_custom_messages_group":[],"rop_publish_now":"initial","rop_publish_now_accounts":[],"rop_publish_now_history":[],"rop_publish_now_status":"pending","footnotes":""},"categories":[188],"tags":[73],"class_list":["post-22095","post","type-post","status-publish","format-standard","has-post-thumbnail","hentry","category-indaiatuba","tag-featured"],"amp_enabled":true,"_links":{"self":[{"href":"https:\/\/imais.online\/portal\/wp-json\/wp\/v2\/posts\/22095","targetHints":{"allow":["GET"]}}],"collection":[{"href":"https:\/\/imais.online\/portal\/wp-json\/wp\/v2\/posts"}],"about":[{"href":"https:\/\/imais.online\/portal\/wp-json\/wp\/v2\/types\/post"}],"author":[{"embeddable":true,"href":"https:\/\/imais.online\/portal\/wp-json\/wp\/v2\/users\/7"}],"replies":[{"embeddable":true,"href":"https:\/\/imais.online\/portal\/wp-json\/wp\/v2\/comments?post=22095"}],"version-history":[{"count":1,"href":"https:\/\/imais.online\/portal\/wp-json\/wp\/v2\/posts\/22095\/revisions"}],"predecessor-version":[{"id":22097,"href":"https:\/\/imais.online\/portal\/wp-json\/wp\/v2\/posts\/22095\/revisions\/22097"}],"wp:featuredmedia":[{"embeddable":true,"href":"https:\/\/imais.online\/portal\/wp-json\/wp\/v2\/media\/22096"}],"wp:attachment":[{"href":"https:\/\/imais.online\/portal\/wp-json\/wp\/v2\/media?parent=22095"}],"wp:term":[{"taxonomy":"category","embeddable":true,"href":"https:\/\/imais.online\/portal\/wp-json\/wp\/v2\/categories?post=22095"},{"taxonomy":"post_tag","embeddable":true,"href":"https:\/\/imais.online\/portal\/wp-json\/wp\/v2\/tags?post=22095"}],"curies":[{"name":"wp","href":"https:\/\/api.w.org\/{rel}","templated":true}]}}