{"id":22105,"date":"2024-03-06T11:01:12","date_gmt":"2024-03-06T14:01:12","guid":{"rendered":"https:\/\/imais.online\/portal\/?p=22105"},"modified":"2024-03-06T11:01:13","modified_gmt":"2024-03-06T14:01:13","slug":"fiec-abre-inscricoes-para-programa-de-inclusao-digital-a-partir-do-dia-11-de-marco","status":"publish","type":"post","link":"https:\/\/imais.online\/portal\/fiec-abre-inscricoes-para-programa-de-inclusao-digital-a-partir-do-dia-11-de-marco\/","title":{"rendered":"Fiec abre inscri\u00e7\u00f5es para programa de Inclus\u00e3o Digital a partir do dia 11 de mar\u00e7o"},"content":{"rendered":"<div class=\"imais-before-content-placement\" id=\"imais-555643077\"><script async src=\"\/\/pagead2.googlesyndication.com\/pagead\/js\/adsbygoogle.js?client=ca-pub-8787528412751566\" crossorigin=\"anonymous\"><\/script><ins class=\"adsbygoogle\" style=\"display:block;\" data-ad-client=\"ca-pub-8787528412751566\" \ndata-ad-slot=\"\" \ndata-ad-format=\"auto\"><\/ins>\n<script> \n(adsbygoogle = window.adsbygoogle || []).push({}); \n<\/script>\n<\/div>\n<p><em><small>Inscri\u00e7\u00e3o para programa de Inclus\u00e3o Digital pode ser realizada de forma on-line ou presencialmente<\/small><\/em><\/p>\n\n\n\n<p>A Prefeitura de Indaiatuba, atrav\u00e9s da Funda\u00e7\u00e3o Indaiatubana de Educa\u00e7\u00e3o e Cultura (Fiec), informa que as inscri\u00e7\u00f5es para o curso de Inform\u00e1tica N\u00edvel B\u00e1sico do Programa de Inclus\u00e3o Digital est\u00e3o abertas. Os interessados podem se inscrever no per\u00edodo de 11 a 22 de mar\u00e7o de 2024 das 8h \u00e0s 18h, &nbsp;atrav\u00e9s do&nbsp;<a href=\"http:\/\/www.fiec.com.br\/\">site<\/a>, acessando o link&nbsp;<a href=\"http:\/\/infobasica.fiecdev.com.br\/\" target=\"_blank\" rel=\"noreferrer noopener\">infobasica.fiecdev.com.br<\/a>&nbsp;&nbsp;ou presencialmente na Fiec.<\/p>\n\n\n\n<p>Para a realiza\u00e7\u00e3o da inscri\u00e7\u00e3o presencial o candidato dever\u00e1 apresentar os seguintes documentos originais: RG, CPF e Comprovante de Resid\u00eancia, n\u00e3o sendo necess\u00e1rio levar c\u00f3pia.&nbsp; Ser\u00e3o disponibilizadas 72 vagas do curso de Inform\u00e1tica do N\u00edvel B\u00e1sico, distribu\u00eddas nos seguintes dias e hor\u00e1rios: de ter\u00e7a e &nbsp;quinta-feira, das 10h \u00e0s 12h&nbsp; (40 vagas),ter\u00e7a e quinta-feira das 14h \u00e0s 16h (20 vagas) e de segunda e quarta-feira das 10h30 \u00e0s 12h30 (12 vagas).<\/p>\n\n\n\n<p>O in\u00edcio das aulas est\u00e1 previsto para o dia 25 de mar\u00e7o de 2024 &nbsp;e o curso tem dura\u00e7\u00e3o de 2 meses.<\/p>\n\n\n\n<p>A idade m\u00ednima para realizar o curso \u00e9 12 anos. Menores de idade devem estar acompanhados do respons\u00e1vel e caso n\u00e3o possuam RG, dever\u00e3o apresentar c\u00f3pia da Certid\u00e3o de Nascimento.<\/p>\n\n\n\n<p>A inscri\u00e7\u00e3o para os n\u00edveis intermedi\u00e1rio e avan\u00e7ado acontecem automaticamente para os alunos que j\u00e1 passaram pelo B\u00e1sico e Intermedi\u00e1rio no bimestre anterior. Para quem parou e deseja retornar, \u00e9 preciso entrar em contato com a FIEC para a transfer\u00eancia de m\u00f3dulo.<\/p>\n\n\n\n<p>O curso \u00e9 inteiramente gratuito e o conte\u00fado abordado \u00e9 o pacote office: Word, Excel, PowerPoint e Internet.<\/p>\n\n\n\n<p>Mais informa\u00e7\u00f5es podem ser obtidas com a Coordenadora do Programa, Maria Celine Luz, atrav\u00e9s do telefone (19) 3801-8688 \u2013 Ramal 265.\u00a0\u00a0<\/p>\n\n\n\n<p><strong>#PraTodosVerem:\u00a0<\/strong>Foto colorida, mostrando alunos sentados em frente a computadores, no laborat\u00f3rio de inform\u00e1tica da FIEC, onde uma das alunas est\u00e1 sendo orientada pelo professor.<\/p>\n","protected":false},"excerpt":{"rendered":"<p>Inscri\u00e7\u00e3o para programa de Inclus\u00e3o Digital pode ser realizada de forma on-line ou presencialmente A Prefeitura de Indaiatuba, atrav\u00e9s da Funda\u00e7\u00e3o Indaiatubana de Educa\u00e7\u00e3o e Cultura (Fiec), informa que as inscri\u00e7\u00f5es para o curso de Inform\u00e1tica N\u00edvel B\u00e1sico do Programa de Inclus\u00e3o Digital est\u00e3o abertas. Os interessados podem se inscrever no per\u00edodo de 11 a [&hellip;]<\/p>\n","protected":false},"author":8,"featured_media":22106,"comment_status":"closed","ping_status":"open","sticky":false,"template":"","format":"standard","meta":{"rop_custom_images_group":[],"rop_custom_messages_group":[],"rop_publish_now":"initial","rop_publish_now_accounts":[],"rop_publish_now_history":[],"rop_publish_now_status":"pending","footnotes":""},"categories":[188],"tags":[],"class_list":["post-22105","post","type-post","status-publish","format-standard","has-post-thumbnail","hentry","category-indaiatuba"],"amp_enabled":true,"_links":{"self":[{"href":"https:\/\/imais.online\/portal\/wp-json\/wp\/v2\/posts\/22105","targetHints":{"allow":["GET"]}}],"collection":[{"href":"https:\/\/imais.online\/portal\/wp-json\/wp\/v2\/posts"}],"about":[{"href":"https:\/\/imais.online\/portal\/wp-json\/wp\/v2\/types\/post"}],"author":[{"embeddable":true,"href":"https:\/\/imais.online\/portal\/wp-json\/wp\/v2\/users\/8"}],"replies":[{"embeddable":true,"href":"https:\/\/imais.online\/portal\/wp-json\/wp\/v2\/comments?post=22105"}],"version-history":[{"count":1,"href":"https:\/\/imais.online\/portal\/wp-json\/wp\/v2\/posts\/22105\/revisions"}],"predecessor-version":[{"id":22107,"href":"https:\/\/imais.online\/portal\/wp-json\/wp\/v2\/posts\/22105\/revisions\/22107"}],"wp:featuredmedia":[{"embeddable":true,"href":"https:\/\/imais.online\/portal\/wp-json\/wp\/v2\/media\/22106"}],"wp:attachment":[{"href":"https:\/\/imais.online\/portal\/wp-json\/wp\/v2\/media?parent=22105"}],"wp:term":[{"taxonomy":"category","embeddable":true,"href":"https:\/\/imais.online\/portal\/wp-json\/wp\/v2\/categories?post=22105"},{"taxonomy":"post_tag","embeddable":true,"href":"https:\/\/imais.online\/portal\/wp-json\/wp\/v2\/tags?post=22105"}],"curies":[{"name":"wp","href":"https:\/\/api.w.org\/{rel}","templated":true}]}}