{"id":22108,"date":"2024-03-06T11:06:11","date_gmt":"2024-03-06T14:06:11","guid":{"rendered":"https:\/\/imais.online\/portal\/?p=22108"},"modified":"2024-03-06T11:06:12","modified_gmt":"2024-03-06T14:06:12","slug":"bosque-do-saber-sedia-a-77a-edicao-do-domingo-ecologico-neste-domingo-10","status":"publish","type":"post","link":"https:\/\/imais.online\/portal\/bosque-do-saber-sedia-a-77a-edicao-do-domingo-ecologico-neste-domingo-10\/","title":{"rendered":"Bosque do Saber sedia a 77\u00aa edi\u00e7\u00e3o do Domingo Ecol\u00f3gico neste domingo (10)"},"content":{"rendered":"<div class=\"imais-before-content-placement\" id=\"imais-4185416519\"><script async src=\"\/\/pagead2.googlesyndication.com\/pagead\/js\/adsbygoogle.js?client=ca-pub-8787528412751566\" crossorigin=\"anonymous\"><\/script><ins class=\"adsbygoogle\" style=\"display:block;\" data-ad-client=\"ca-pub-8787528412751566\" \ndata-ad-slot=\"\" \ndata-ad-format=\"auto\"><\/ins>\n<script> \n(adsbygoogle = window.adsbygoogle || []).push({}); \n<\/script>\n<\/div>\n<p><em><small>Todas atividades s\u00e3o gratuitas e nesta edi\u00e7\u00e3o visam orientar sobre os cuidados contra a Dengue<\/small><\/em><\/p>\n\n\n\n<p>A Prefeitura de Indaiatuba, por meio da Secretaria de Educa\u00e7\u00e3o, sedia a 77\u00aa edi\u00e7\u00e3o do Domingo Ecol\u00f3gico. O evento acontecer\u00e1 no domingo, 10 de mar\u00e7o, a partir das 13h30, na Escola Municipal Ambiental Bosque do Saber, com parceria da empresa Mann + Hummel.<\/p>\n\n\n\n<p>A popula\u00e7\u00e3o poder\u00e1 se divertir com v\u00e1rias atra\u00e7\u00f5es gratuitas, como teatro e atividades interativas. Nesta edi\u00e7\u00e3o a tem\u00e1tica trabalhar\u00e1 com orienta\u00e7\u00f5es sobre os cuidados contra a Dengue. O objetivo \u00e9 desenvolver a\u00e7\u00f5es que possam multiplicar a conscientiza\u00e7\u00e3o de um meio ambiente saud\u00e1vel e integra\u00e7\u00e3o entre fam\u00edlia, escola e comunidade.<\/p>\n\n\n\n<p><strong>Programa\u00e7\u00e3o<\/strong><\/p>\n\n\n\n<p>Todas atividades s\u00e3o gratuitas e aberta \u00e0 popula\u00e7\u00e3o<br><br>13h30 \u2013 Inscri\u00e7\u00f5es<\/p>\n\n\n\n<p>13h30 \u00e0s 16h \u2013 Exposi\u00e7\u00e3o, jogos, fantoches, mosquit\u00e3o da dengue e muito mais<\/p>\n\n\n\n<p>14h \u2013 Pe\u00e7a Teatral \u2013 \u201cDengue \u2013 o fim da picada e da \u00e1gua parada\u201d<\/p>\n\n\n\n<p>15h \u2013 Oficina Cantinho Verde: Plantio de mudas de alface (50 vagas)<\/p>\n\n\n\n<p>15h \u2013&nbsp;Pe\u00e7a Teatral \u2013 \u201cDengue \u2013 o fim da picada e da \u00e1gua parada\u201d<\/p>\n\n\n\n<p><strong>Lacre Solid\u00e1rio<\/strong><br>Os visitantes e participantes poder\u00e3o colaborar com a Escola Municipal Ambiental Bosque do Saber, doando latinhas de refrigerantes, cervejas, sucos e\/ou o lacre de alum\u00ednio para Campanha Lacre Solid\u00e1rio, que visa aquisi\u00e7\u00e3o de cadeira de rodas para entidades assistenciais.<\/p>\n\n\n\n<p><strong>Sobre o Bosque do Saber<\/strong><br>O Bosque do Saber est\u00e1 localizado na rua Jo\u00e3o Batista D&#8217;Alessandro, 610, Jardim do Sol, funciona aos s\u00e1bados, domingos e feriados, das 9h \u00e0s 16h.\u00a0Consulte as regras para utiliza\u00e7\u00e3o do espa\u00e7o no Regimento Interno, o qual pode ser conferido no link\u00a0\u00a0<a rel=\"noreferrer noopener\" href=\"https:\/\/www.indaiatuba.sp.gov.br\/educacao\/bosque-do-saber\/\" target=\"_blank\">https:\/\/www.indaiatuba.sp.gov.br\/educacao\/bosque-do-saber\/.<\/a><\/p>\n\n\n\n<p><strong>#PraTodosVerem:\u00a0<\/strong>A imagem mostra a fachada de entrada do Bosque do Saber. O dia est\u00e1 ensolarado, com o c\u00e9u azul, em primeiro plano mostra o caminho de pedras com coqueiros, \u00e1rvores e vegeta\u00e7\u00e3o rasteira aos lados, que leva a entrada do pr\u00e9dio administrativo, pintado de verde e amarelo, com letreiro em vermelho, escrito Escola Ambiental Bosque do Saber. Fim da descri\u00e7\u00e3o.<\/p>\n","protected":false},"excerpt":{"rendered":"<p>Todas atividades s\u00e3o gratuitas e nesta edi\u00e7\u00e3o visam orientar sobre os cuidados contra a Dengue A Prefeitura de Indaiatuba, por meio da Secretaria de Educa\u00e7\u00e3o, sedia a 77\u00aa edi\u00e7\u00e3o do Domingo Ecol\u00f3gico. O evento acontecer\u00e1 no domingo, 10 de mar\u00e7o, a partir das 13h30, na Escola Municipal Ambiental Bosque do Saber, com parceria da empresa [&hellip;]<\/p>\n","protected":false},"author":8,"featured_media":22109,"comment_status":"closed","ping_status":"open","sticky":false,"template":"","format":"standard","meta":{"rop_custom_images_group":[],"rop_custom_messages_group":[],"rop_publish_now":"initial","rop_publish_now_accounts":[],"rop_publish_now_history":[],"rop_publish_now_status":"pending","footnotes":""},"categories":[188],"tags":[73],"class_list":["post-22108","post","type-post","status-publish","format-standard","has-post-thumbnail","hentry","category-indaiatuba","tag-featured"],"amp_enabled":true,"_links":{"self":[{"href":"https:\/\/imais.online\/portal\/wp-json\/wp\/v2\/posts\/22108","targetHints":{"allow":["GET"]}}],"collection":[{"href":"https:\/\/imais.online\/portal\/wp-json\/wp\/v2\/posts"}],"about":[{"href":"https:\/\/imais.online\/portal\/wp-json\/wp\/v2\/types\/post"}],"author":[{"embeddable":true,"href":"https:\/\/imais.online\/portal\/wp-json\/wp\/v2\/users\/8"}],"replies":[{"embeddable":true,"href":"https:\/\/imais.online\/portal\/wp-json\/wp\/v2\/comments?post=22108"}],"version-history":[{"count":1,"href":"https:\/\/imais.online\/portal\/wp-json\/wp\/v2\/posts\/22108\/revisions"}],"predecessor-version":[{"id":22110,"href":"https:\/\/imais.online\/portal\/wp-json\/wp\/v2\/posts\/22108\/revisions\/22110"}],"wp:featuredmedia":[{"embeddable":true,"href":"https:\/\/imais.online\/portal\/wp-json\/wp\/v2\/media\/22109"}],"wp:attachment":[{"href":"https:\/\/imais.online\/portal\/wp-json\/wp\/v2\/media?parent=22108"}],"wp:term":[{"taxonomy":"category","embeddable":true,"href":"https:\/\/imais.online\/portal\/wp-json\/wp\/v2\/categories?post=22108"},{"taxonomy":"post_tag","embeddable":true,"href":"https:\/\/imais.online\/portal\/wp-json\/wp\/v2\/tags?post=22108"}],"curies":[{"name":"wp","href":"https:\/\/api.w.org\/{rel}","templated":true}]}}