{"id":22124,"date":"2024-03-07T09:15:40","date_gmt":"2024-03-07T12:15:40","guid":{"rendered":"https:\/\/imais.online\/portal\/?p=22124"},"modified":"2024-03-07T09:15:41","modified_gmt":"2024-03-07T12:15:41","slug":"prefeito-se-reune-com-toyota-e-pede-garantia-de-empregos-e-fornecedores-locais","status":"publish","type":"post","link":"https:\/\/imais.online\/portal\/prefeito-se-reune-com-toyota-e-pede-garantia-de-empregos-e-fornecedores-locais\/","title":{"rendered":"Prefeito se re\u00fane com Toyota e pede garantia de empregos e fornecedores locais"},"content":{"rendered":"<div class=\"imais-before-content-placement\" id=\"imais-3655851675\"><script async src=\"\/\/pagead2.googlesyndication.com\/pagead\/js\/adsbygoogle.js?client=ca-pub-8787528412751566\" crossorigin=\"anonymous\"><\/script><ins class=\"adsbygoogle\" style=\"display:block;\" data-ad-client=\"ca-pub-8787528412751566\" \ndata-ad-slot=\"\" \ndata-ad-format=\"auto\"><\/ins>\n<script> \n(adsbygoogle = window.adsbygoogle || []).push({}); \n<\/script>\n<\/div>\n<p class=\"has-text-align-center\"><em>Grupo de trabalho tamb\u00e9m ser\u00e1 criado para estudar novos investimentos<\/em><\/p>\n\n\n\n<p>O prefeito Nilson Gaspar se reuniu, na tarde desta quarta-feira, 6 de mar\u00e7o, em seu gabinete com a Dire\u00e7\u00e3o da Toyota do Brasil. Depois do an\u00fancio promovido pela empresa sobre a mudan\u00e7a da planta da cidade, Gaspar buscou garantir direitos para trabalhadores e fornecedores locais.<\/p>\n\n\n\n<p>O prefeito requisitou que fossem mantidos 100% dos empregos dos atuais funcion\u00e1rios, bem como as compras de insumos de empresas do munic\u00edpio e da regi\u00e3o. Os representantes da empresa firmaram esse compromisso com Indaiatuba e reiteraram a import\u00e2ncia dos la\u00e7os criados com a cidade. Desta forma, empregos ser\u00e3o mantidos com a transfer\u00eancia e compras de insumos, mantidas em empresas locais.<\/p>\n\n\n\n<p>Durante a reuni\u00e3o foi proposta, tamb\u00e9m, a forma\u00e7\u00e3o de um grupo de trabalho entre Prefeitura e Toyota para estudos de destina\u00e7\u00e3o da \u00e1rea e pela busca de novos neg\u00f3cios e investimentos para o munic\u00edpio.<\/p>\n\n\n\n<p>A multinacional possui uma hist\u00f3ria de bom relacionamento com a cidade e se comprometeu com todos os pedidos apresentados pelo prefeito. A mudan\u00e7a foi decidida pela matriz da empresa, no Jap\u00e3o, e deve se encerrar somente em 2026, ou seja, daqui dois anos.<\/p>\n","protected":false},"excerpt":{"rendered":"<p>Grupo de trabalho tamb\u00e9m ser\u00e1 criado para estudar novos investimentos O prefeito Nilson Gaspar se reuniu, na tarde desta quarta-feira, 6 de mar\u00e7o, em seu gabinete com a Dire\u00e7\u00e3o da Toyota do Brasil. Depois do an\u00fancio promovido pela empresa sobre a mudan\u00e7a da planta da cidade, Gaspar buscou garantir direitos para trabalhadores e fornecedores locais. [&hellip;]<\/p>\n","protected":false},"author":7,"featured_media":22125,"comment_status":"closed","ping_status":"open","sticky":false,"template":"","format":"standard","meta":{"rop_custom_images_group":[],"rop_custom_messages_group":[],"rop_publish_now":"initial","rop_publish_now_accounts":[],"rop_publish_now_history":[],"rop_publish_now_status":"pending","footnotes":""},"categories":[188],"tags":[73],"class_list":["post-22124","post","type-post","status-publish","format-standard","has-post-thumbnail","hentry","category-indaiatuba","tag-featured"],"amp_enabled":true,"_links":{"self":[{"href":"https:\/\/imais.online\/portal\/wp-json\/wp\/v2\/posts\/22124","targetHints":{"allow":["GET"]}}],"collection":[{"href":"https:\/\/imais.online\/portal\/wp-json\/wp\/v2\/posts"}],"about":[{"href":"https:\/\/imais.online\/portal\/wp-json\/wp\/v2\/types\/post"}],"author":[{"embeddable":true,"href":"https:\/\/imais.online\/portal\/wp-json\/wp\/v2\/users\/7"}],"replies":[{"embeddable":true,"href":"https:\/\/imais.online\/portal\/wp-json\/wp\/v2\/comments?post=22124"}],"version-history":[{"count":1,"href":"https:\/\/imais.online\/portal\/wp-json\/wp\/v2\/posts\/22124\/revisions"}],"predecessor-version":[{"id":22126,"href":"https:\/\/imais.online\/portal\/wp-json\/wp\/v2\/posts\/22124\/revisions\/22126"}],"wp:featuredmedia":[{"embeddable":true,"href":"https:\/\/imais.online\/portal\/wp-json\/wp\/v2\/media\/22125"}],"wp:attachment":[{"href":"https:\/\/imais.online\/portal\/wp-json\/wp\/v2\/media?parent=22124"}],"wp:term":[{"taxonomy":"category","embeddable":true,"href":"https:\/\/imais.online\/portal\/wp-json\/wp\/v2\/categories?post=22124"},{"taxonomy":"post_tag","embeddable":true,"href":"https:\/\/imais.online\/portal\/wp-json\/wp\/v2\/tags?post=22124"}],"curies":[{"name":"wp","href":"https:\/\/api.w.org\/{rel}","templated":true}]}}