{"id":22132,"date":"2024-03-09T13:57:31","date_gmt":"2024-03-09T16:57:31","guid":{"rendered":"https:\/\/imais.online\/portal\/?p=22132"},"modified":"2024-03-09T13:57:32","modified_gmt":"2024-03-09T16:57:32","slug":"brasil-registrou-media-de-197-mil-casos-de-dengue-por-dia-entre-1o-de-janeiro-e-8-de-marco","status":"publish","type":"post","link":"https:\/\/imais.online\/portal\/brasil-registrou-media-de-197-mil-casos-de-dengue-por-dia-entre-1o-de-janeiro-e-8-de-marco\/","title":{"rendered":"Brasil registrou m\u00e9dia de 19,7 mil casos de dengue por dia entre 1\u00ba de janeiro e 8 de mar\u00e7o"},"content":{"rendered":"<div class=\"imais-before-content-placement\" id=\"imais-1527844893\"><script async src=\"\/\/pagead2.googlesyndication.com\/pagead\/js\/adsbygoogle.js?client=ca-pub-8787528412751566\" crossorigin=\"anonymous\"><\/script><ins class=\"adsbygoogle\" style=\"display:block;\" data-ad-client=\"ca-pub-8787528412751566\" \ndata-ad-slot=\"\" \ndata-ad-format=\"auto\"><\/ins>\n<script> \n(adsbygoogle = window.adsbygoogle || []).push({}); \n<\/script>\n<\/div>\n<h2 class=\"wp-block-heading\">Nesse per\u00edodo de 68 dias, pa\u00eds contabiliza 1,3 milh\u00e3o de casos, 363 mortes confirmadas e\u00a0763 sob investiga\u00e7\u00e3o, diz Minist\u00e9rio da Sa\u00fade<\/h2>\n\n\n\n<p>Desde o in\u00edcio do ano at\u00e9 esse s\u00e1bado (8), o Brasil registrou 1.342.086\u00a0<a href=\"https:\/\/noticias.r7.com\/saude\/casos-de-dengue-no-ano-superam-os-de-2023-em-cinco-estados-e-no-df-05032024\">casos suspeitos de dengue<\/a>, o que resulta numa m\u00e9dia de 19,7 mil por dia. Nesse per\u00edodo, houve 363\u00a0<a href=\"https:\/\/noticias.r7.com\/saude\/brasil-registra-20-mortes-e-170-mil-novos-casos-de-dengue-no-fim-de-semana-04032024\">mortes confirmadas<\/a>\u00a0e h\u00e1 outras 763 sob investiga\u00e7\u00e3o, de acordo com dados do Painel de Monitoramento de Arboviroses do\u00a0<a href=\"https:\/\/noticias.r7.com\/brasilia\/ministerio-da-saude-vai-antecipar-vacinacao-contra-influenza-por-alta-de-covid-19-e-dengue-05032024\">Minist\u00e9rio da Sa\u00fade<\/a>.<\/p>\n\n\n\n<p>O Distrito Federal \u00e9 a regi\u00e3o com a maior incid\u00eancia da doen\u00e7a no pa\u00eds (com 4343,1casos por 100 mil habitantes). Na sequ\u00eancia est\u00e3o Minas Gerais (2.260,2), Esp\u00edrito Santo (1.270,5), Paran\u00e1 (1.120,7) e Goi\u00e1s (1.109,8).<\/p>\n\n\n\n<p>A faixa et\u00e1ria mais afetada \u00e9 entre 30 e 39 anos, seguida pelos grupos de 40 a 49 e 50 a 59 anos. Mulheres representam a maioria dos casos de dengue (55,5%). No mesmo per\u00edodo de 2023, o pa\u00eds havia registrado 381.819 casos, com uma m\u00e9dia di\u00e1ria de quatro casos.<\/p>\n\n\n\n<p>Os casos suspeitos incluem todas as notifica\u00e7\u00f5es, exceto os casos descartados. Com uma incid\u00eancia de 635,2 casos por 100 mil habitantes em 2024, a doen\u00e7a \u00e9 considerada uma epidemia, segundo os crit\u00e9rios da OMS e do Minist\u00e9rio da Sa\u00fade.<\/p>\n\n\n\n<p>Minas Gerais lidera o n\u00famero de casos suspeitos de dengue, com 464.223 registros. Confira o ranking:<br><strong>\u2022 Minas Gerais:<\/strong>&nbsp;464.223 casos suspeitos;<br><strong>\u2022 S\u00e3o Paulo:<\/strong>&nbsp;238.993 casos suspeitos;<br><strong>\u2022 Paran\u00e1:<\/strong>&nbsp;128.247&nbsp;casos suspeitos;<br><strong>\u2022 Distrito Federal:<\/strong>&nbsp;122.348 casos suspeitos; e<br><strong>\u2022 Rio de Janeiro:<\/strong>&nbsp;103.351 casos suspeitos.<\/p>\n\n\n\n<p>Na \u00faltima ter\u00e7a-feira (5), S\u00e3o Paulo decretou situa\u00e7\u00e3o de emerg\u00eancia devido \u00e0 dengue, juntamente com o Distrito Federal e outros seis estados: Acre, Esp\u00edrito Santo, Goi\u00e1s, Minas Gerais, Rio de Janeiro e Santa Catarina.<\/p>\n\n\n\n<p>De acordo com a \u00faltima atualiza\u00e7\u00e3o do Painel de Monitoramento de Arboviroses do Minist\u00e9rio da Sa\u00fade, o coeficiente de incid\u00eancia da doen\u00e7a \u00e9 de 1327,5 casos para cada 100 mil habitantes na regi\u00e3o Centro-Oeste, que lidera o ranking. Em seguida, est\u00e3o as regi\u00f5es Sudeste (1008,0) e Sul (619). As demais regi\u00f5es apresentam coeficientes menores: Norte com 158,5 e Nordeste com 105,8.<\/p>\n\n\n\n<p>Os cinco estados com menor incid\u00eancia de dengue, somando o total de casos, n\u00e3o alcan\u00e7am a m\u00e9dia di\u00e1ria de infec\u00e7\u00f5es desde o in\u00edcio do ano at\u00e9 8 de mar\u00e7o, que \u00e9 de 19.736,55 casos. Isso porque Roraima registrou 266 casos; Alagoas, 1.141; Sergipe, 1.358; Tocantins, 2.024; e Piau\u00ed, 2.112.<\/p>\n\n\n\n<h3 class=\"wp-block-heading\">Recursos<\/h3>\n\n\n\n<p>No come\u00e7o da semana, o Minist\u00e9rio da Sa\u00fade anunciou R$ 1,5 bilh\u00e3o a estados e munic\u00edpios para apoiar no combate \u00e0 dengue. Um primeiro repasse de R$ 23,4 milh\u00f5es foi autorizado nesta semana para locais que decretaram estado de emerg\u00eancia por dengue ou outra arbovirose.<\/p>\n\n\n\n<p>O Distrito Federal, que \u00e9 a unidade da federa\u00e7\u00e3o com a maior incid\u00eancia da doen\u00e7a, foi o mais contemplado, com R$ 5,5 milh\u00f5es. Os outros R$ 17,8 milh\u00f5es foram distribu\u00eddos entre nove munic\u00edpios de Goi\u00e1s, Minas Gerais, Rio de Janeiro e S\u00e3o Paulo.<\/p>\n\n\n\n<p>O Minist\u00e9rio da Sa\u00fade refor\u00e7a que o momento \u00e9 de intensificar a preven\u00e7\u00e3o, o cuidado e agir conjuntamente com governadores, prefeitos e toda sociedade para a elimina\u00e7\u00e3o dos focos do mosquito transmissor da dengue.<\/p>\n\n\n\n<p>As a\u00e7\u00f5es coletivas e os cuidados individuais como a limpeza das vasilhas de \u00e1gua dos animais e vasos de plantas, para evitar ac\u00famulo de \u00e1gua, o armazenamento de pneus e garrafas em locais cobertos e limpeza das caixas d&#8217;\u00e1gua s\u00e3o as melhores formas de preven\u00e7\u00e3o. Cerca de 75% dos focos do mosquito est\u00e3o dentro de casa.<\/p>\n\n\n\n<p>Em caso de sintomas de dengue, como febre alta e dor de cabe\u00e7a, atr\u00e1s dos olhos e nas articula\u00e7\u00f5es, a recomenda\u00e7\u00e3o \u00e9 para que as pessoas procurem um servi\u00e7o de sa\u00fade.<\/p>\n\n\n\n<h3 class=\"wp-block-heading\">Alerta<\/h3>\n\n\n\n<p>Uma pesquisa da Universidade Federal de Goi\u00e1s traz um alerta \u00e0s autoridades de sa\u00fade: foram encontrados ovos do Aedes aegypti, o mosquito transmissor da dengue e outras doen\u00e7as, j\u00e1 infectados pelo zika e chikungunya.<\/p>\n\n\n\n<p>A descoberta indica que n\u00e3o \u00e9 preciso que o mosquito tenha contato com uma pessoa contaminada para se tornar transmissor das duas doen\u00e7as. A pesquisa durou dois anos. Para chegar ao resultado, mais de 1,6 mil ovos do mosquito foram coletados em todas as regi\u00f5es de Goi\u00e2nia.<\/p>\n\n\n\n<p>Fonte R7<\/p>\n","protected":false},"excerpt":{"rendered":"<p>Nesse per\u00edodo de 68 dias, pa\u00eds contabiliza 1,3 milh\u00e3o de casos, 363 mortes confirmadas e\u00a0763 sob investiga\u00e7\u00e3o, diz Minist\u00e9rio da Sa\u00fade Desde o in\u00edcio do ano at\u00e9 esse s\u00e1bado (8), o Brasil registrou 1.342.086\u00a0casos suspeitos de dengue, o que resulta numa m\u00e9dia de 19,7 mil por dia. Nesse per\u00edodo, houve 363\u00a0mortes confirmadas\u00a0e h\u00e1 outras 763 [&hellip;]<\/p>\n","protected":false},"author":8,"featured_media":22133,"comment_status":"closed","ping_status":"open","sticky":false,"template":"","format":"standard","meta":{"rop_custom_images_group":[],"rop_custom_messages_group":[],"rop_publish_now":"initial","rop_publish_now_accounts":[],"rop_publish_now_history":[],"rop_publish_now_status":"pending","footnotes":""},"categories":[189],"tags":[73],"class_list":["post-22132","post","type-post","status-publish","format-standard","has-post-thumbnail","hentry","category-brasil","tag-featured"],"amp_enabled":true,"_links":{"self":[{"href":"https:\/\/imais.online\/portal\/wp-json\/wp\/v2\/posts\/22132","targetHints":{"allow":["GET"]}}],"collection":[{"href":"https:\/\/imais.online\/portal\/wp-json\/wp\/v2\/posts"}],"about":[{"href":"https:\/\/imais.online\/portal\/wp-json\/wp\/v2\/types\/post"}],"author":[{"embeddable":true,"href":"https:\/\/imais.online\/portal\/wp-json\/wp\/v2\/users\/8"}],"replies":[{"embeddable":true,"href":"https:\/\/imais.online\/portal\/wp-json\/wp\/v2\/comments?post=22132"}],"version-history":[{"count":1,"href":"https:\/\/imais.online\/portal\/wp-json\/wp\/v2\/posts\/22132\/revisions"}],"predecessor-version":[{"id":22134,"href":"https:\/\/imais.online\/portal\/wp-json\/wp\/v2\/posts\/22132\/revisions\/22134"}],"wp:featuredmedia":[{"embeddable":true,"href":"https:\/\/imais.online\/portal\/wp-json\/wp\/v2\/media\/22133"}],"wp:attachment":[{"href":"https:\/\/imais.online\/portal\/wp-json\/wp\/v2\/media?parent=22132"}],"wp:term":[{"taxonomy":"category","embeddable":true,"href":"https:\/\/imais.online\/portal\/wp-json\/wp\/v2\/categories?post=22132"},{"taxonomy":"post_tag","embeddable":true,"href":"https:\/\/imais.online\/portal\/wp-json\/wp\/v2\/tags?post=22132"}],"curies":[{"name":"wp","href":"https:\/\/api.w.org\/{rel}","templated":true}]}}