{"id":22135,"date":"2024-03-09T14:04:22","date_gmt":"2024-03-09T17:04:22","guid":{"rendered":"https:\/\/imais.online\/portal\/?p=22135"},"modified":"2024-03-09T14:04:23","modified_gmt":"2024-03-09T17:04:23","slug":"parceria-entre-red-bull-e-ford-sera-encerrada-apos-polemica-confirmado","status":"publish","type":"post","link":"https:\/\/imais.online\/portal\/parceria-entre-red-bull-e-ford-sera-encerrada-apos-polemica-confirmado\/","title":{"rendered":"Parceria Entre Red Bull E Ford Ser\u00e1 Encerrada Ap\u00f3s Pol\u00eamica? Confirmado!"},"content":{"rendered":"<div class=\"imais-before-content-placement\" id=\"imais-487925207\"><script async src=\"\/\/pagead2.googlesyndication.com\/pagead\/js\/adsbygoogle.js?client=ca-pub-8787528412751566\" crossorigin=\"anonymous\"><\/script><ins class=\"adsbygoogle\" style=\"display:block;\" data-ad-client=\"ca-pub-8787528412751566\" \ndata-ad-slot=\"\" \ndata-ad-format=\"auto\"><\/ins>\n<script> \n(adsbygoogle = window.adsbygoogle || []).push({}); \n<\/script>\n<\/div>\n<p>Em contraste com os rumores, particularmente na m\u00eddia alem\u00e3, sobre uma poss\u00edvel ruptura na parceria entre a Ford e a Red Bull Racing, fontes confirmam que a colabora\u00e7\u00e3o entre essas duas gigantes permanecem s\u00f3lida e orientada para o futuro.<\/p>\n\n\n\n<p>Embora uma carta vazada do CEO da Ford, Jim Farley, dirigida \u00e0 Red Bull na semana passada, tenha indicado certo desconforto, criticando a gest\u00e3o do caso envolvendo Christian Horner e a falta de transpar\u00eancia com a Ford, as especula\u00e7\u00f5es sobre a Ford buscando encerrar o contrato foram negadas.<\/p>\n\n\n\n<h2 class=\"wp-block-heading\">Parceria anunciada ano passado<\/h2>\n\n\n\n<p>Anunciada com grande entusiasmo h\u00e1 um ano, a parceria entre a Red Bull Racing e a Ford prev\u00ea que a partir de 2026 os motores da equipe sejam marcados com a grife Ford, al\u00e9m da montadora americana ser respons\u00e1vel pelos componentes el\u00e9tricos e eletr\u00f4nicos dos motores. Desde o an\u00fancio, a expectativa pela parceria tem sido alta, prometendo uma colabora\u00e7\u00e3o frut\u00edfera e inovadora na F\u00f3rmula 1.<\/p>\n\n\n\n<p>Ap\u00f3s as alega\u00e7\u00f5es de comportamento inadequado contra Christian Horner, que posteriormente foi absolvido, surgiram rumores sobre uma poss\u00edvel tens\u00e3o nas rela\u00e7\u00f5es entre a Ford e a Red Bull. No entanto, a Ford n\u00e3o emitiu uma resposta p\u00fablica ao resultado da investiga\u00e7\u00e3o interna da Red Bull, o que alimentou ainda mais as especula\u00e7\u00f5es.<\/p>\n\n\n\n<p>Segundo o GPblog, as alega\u00e7\u00f5es de que a Ford estaria reconsiderando a coopera\u00e7\u00e3o s\u00e3o infundadas. N\u00e3o h\u00e1 inten\u00e7\u00e3o alguma por parte da Ford de romper o acordo com a equipe austr\u00edaca.<\/p>\n\n\n\n<p>Os preparativos para a temporada de 2026 est\u00e3o em andamento, e Ford e Red Bull est\u00e3o dedicadas ao desenvolvimento de uma unidade de pot\u00eancia conforme as novas regulamenta\u00e7\u00f5es da F1, que prometem uma grande reformula\u00e7\u00e3o no esporte.<\/p>\n\n\n\n<p>Este esclarecimento p\u00f5e fim \u00e0s especula\u00e7\u00f5es e reafirma o compromisso de ambas as empresas com o projeto conjunto, demonstrando que a parceria est\u00e1 mais focada do que nunca nos desafios e inova\u00e7\u00f5es que aguardam na F\u00f3rmula 1.<\/p>\n\n\n\n<p>Fonte Hora da Velocidade<\/p>\n","protected":false},"excerpt":{"rendered":"<p>Em contraste com os rumores, particularmente na m\u00eddia alem\u00e3, sobre uma poss\u00edvel ruptura na parceria entre a Ford e a Red Bull Racing, fontes confirmam que a colabora\u00e7\u00e3o entre essas duas gigantes permanecem s\u00f3lida e orientada para o futuro. Embora uma carta vazada do CEO da Ford, Jim Farley, dirigida \u00e0 Red Bull na semana [&hellip;]<\/p>\n","protected":false},"author":8,"featured_media":22136,"comment_status":"closed","ping_status":"open","sticky":false,"template":"","format":"standard","meta":{"rop_custom_images_group":[],"rop_custom_messages_group":[],"rop_publish_now":"initial","rop_publish_now_accounts":[],"rop_publish_now_history":[],"rop_publish_now_status":"pending","footnotes":""},"categories":[212],"tags":[],"class_list":["post-22135","post","type-post","status-publish","format-standard","has-post-thumbnail","hentry","category-internacional"],"amp_enabled":true,"_links":{"self":[{"href":"https:\/\/imais.online\/portal\/wp-json\/wp\/v2\/posts\/22135","targetHints":{"allow":["GET"]}}],"collection":[{"href":"https:\/\/imais.online\/portal\/wp-json\/wp\/v2\/posts"}],"about":[{"href":"https:\/\/imais.online\/portal\/wp-json\/wp\/v2\/types\/post"}],"author":[{"embeddable":true,"href":"https:\/\/imais.online\/portal\/wp-json\/wp\/v2\/users\/8"}],"replies":[{"embeddable":true,"href":"https:\/\/imais.online\/portal\/wp-json\/wp\/v2\/comments?post=22135"}],"version-history":[{"count":1,"href":"https:\/\/imais.online\/portal\/wp-json\/wp\/v2\/posts\/22135\/revisions"}],"predecessor-version":[{"id":22137,"href":"https:\/\/imais.online\/portal\/wp-json\/wp\/v2\/posts\/22135\/revisions\/22137"}],"wp:featuredmedia":[{"embeddable":true,"href":"https:\/\/imais.online\/portal\/wp-json\/wp\/v2\/media\/22136"}],"wp:attachment":[{"href":"https:\/\/imais.online\/portal\/wp-json\/wp\/v2\/media?parent=22135"}],"wp:term":[{"taxonomy":"category","embeddable":true,"href":"https:\/\/imais.online\/portal\/wp-json\/wp\/v2\/categories?post=22135"},{"taxonomy":"post_tag","embeddable":true,"href":"https:\/\/imais.online\/portal\/wp-json\/wp\/v2\/tags?post=22135"}],"curies":[{"name":"wp","href":"https:\/\/api.w.org\/{rel}","templated":true}]}}