{"id":22153,"date":"2024-03-11T09:13:34","date_gmt":"2024-03-11T12:13:34","guid":{"rendered":"https:\/\/imais.online\/portal\/?p=22153"},"modified":"2024-03-11T09:13:35","modified_gmt":"2024-03-11T12:13:35","slug":"buscas-por-foragidos-de-mossoro-completam-um-mes-nesta-semana","status":"publish","type":"post","link":"https:\/\/imais.online\/portal\/buscas-por-foragidos-de-mossoro-completam-um-mes-nesta-semana\/","title":{"rendered":"Buscas por foragidos de Mossor\u00f3 completam um m\u00eas nesta semana"},"content":{"rendered":"<div class=\"imais-before-content-placement\" id=\"imais-1023793627\"><script async src=\"\/\/pagead2.googlesyndication.com\/pagead\/js\/adsbygoogle.js?client=ca-pub-8787528412751566\" crossorigin=\"anonymous\"><\/script><ins class=\"adsbygoogle\" style=\"display:block;\" data-ad-client=\"ca-pub-8787528412751566\" \ndata-ad-slot=\"\" \ndata-ad-format=\"auto\"><\/ins>\n<script> \n(adsbygoogle = window.adsbygoogle || []).push({}); \n<\/script>\n<\/div>\n<h2 class=\"wp-block-heading\">Detentos foram vistos em diversas ocasi\u00f5es na regi\u00e3o, mas as for\u00e7as de seguran\u00e7a ainda n\u00e3o conseguiram captur\u00e1-los<\/h2>\n\n\n\n<p>Os&nbsp;<a href=\"https:\/\/noticias.r7.com\/cidades\/dois-detentos-fogem-de-prisao-em-mossoro-fato-e-o-1-registrado-na-historia-da-carceragem-federal-14022024\">dois detentos que fugiram<\/a>&nbsp;da penitenci\u00e1ria federal de Mossor\u00f3 (RN)&nbsp;<a href=\"https:\/\/noticias.r7.com\/cidades\/buscas-por-fugitivos-da-penitenciaria-de-mossoro-completam-18-dias-veja-o-que-dizem-especialistas-02032024\">completam um m\u00eas foragidos<\/a>&nbsp;nesta semana. Em 14 de fevereiro,&nbsp;Deibson Cabral Nascimento e Rogerio da Silva Mendon\u00e7a conseguiram&nbsp;<a href=\"https:\/\/noticias.r7.com\/brasilia\/dupla-saiu-por-luminaria-usou-ferramentas-e-aproveitou-falhas-na-construcao-entenda-a-fuga-no-rn-16022024\">escapar durante a madrugada<\/a>.<\/p>\n\n\n\n<p>Segundo o Minist\u00e9rio da Justi\u00e7a, integrantes da elite da PF (Pol\u00edcia Federal) e das opera\u00e7\u00f5es especiais da PRF (Pol\u00edcia Rodovi\u00e1ria Federal) chegaram em Mossor\u00f3 na manh\u00e3 de 16 de fevereiro.<\/p>\n\n\n\n<p>Os dois fugitivos s\u00e3o suspeitos de ter\u00a0<a href=\"https:\/\/noticias.r7.com\/cidades\/fuga-em-mossoro-entenda-o-que-se-sabe-sobre-a-crise-na-penitenciaria-federal-15022024\">liga\u00e7\u00f5es com a fac\u00e7\u00e3o Comando Vermelho<\/a>, no Acre, onde o grupo domina as opera\u00e7\u00f5es criminosas e onde a dupla estava presa at\u00e9 setembro do ano passado.<\/p>\n\n\n\n<p>Na \u00faltima sexta-feira (8), a<a href=\"https:\/\/noticias.r7.com\/cidades\/pf-prende-sexta-pessoa-suspeita-de-auxiliar-fugitivos-da-penitenciaria-de-mossoro-08032024\">\u00a0Pol\u00edcia Federal prendeu um suspeito<\/a>\u00a0de ajudar os fugitivos. Foi a sexta pris\u00e3o desde a fuga.\u00a0A pol\u00edcia tamb\u00e9m investiga um\u00a0<a href=\"https:\/\/recordtv.r7.com\/balanco-geral\/videos\/casal-e-suspeito-de-realizar-compras-para-os-fugitivos-da-penitenciaria-de-mossoro-rn-07032024\">casal suspeito de comprar roupas<\/a>\u00a0para os foragidos.<\/p>\n\n\n\n<p>Os fugitivos j\u00e1 foram vistos em diversas ocasi\u00f5es. No entanto, os investigadores n\u00e3o conseguem captur\u00e1-los. A&nbsp;<a href=\"https:\/\/noticias.r7.com\/record-news\/videos\/forca-nacional-chega-hoje-ao-rio-grande-do-norte-para-reforcar-buscas-por-fugitivos-de-presidio-em-mossoro-22022024\">For\u00e7a Nacional trabalha em colabora\u00e7\u00e3o com a Pol\u00edcia Federal<\/a>&nbsp;nas buscas.&nbsp;O contingente&nbsp; composto por 111 policiais e bombeiros militares, al\u00e9m de 15 viaturas, chegou \u00e0 cidade em 23 de fevereiro.<\/p>\n\n\n\n<p>De acordo com especialistas em seguran\u00e7a p\u00fablica ouvidos pelo&nbsp;<strong>R7<\/strong>, falhas estrat\u00e9gicas e a demora na rea\u00e7\u00e3o dificultam a captura dos dois fugitivos. Esta \u00e9 a opini\u00e3o, por exemplo, do especialista Leonardo Sant&#8217;Anna. &#8220;O primeiro item foi o tempo que levou at\u00e9 que a fuga fosse percebida. Essa demora \u00e9 extremamente prejudicial, caso se queira fazer uma captura em um curto espa\u00e7o de tempo&#8221;, diz.<\/p>\n\n\n\n<p>Sant&#8217;Anna aponta ainda a demora at\u00e9 que as for\u00e7as se reuniram para realizar a busca. &#8220;Esses elementos, realmente, colocam as institui\u00e7\u00f5es p\u00fablicas em uma situa\u00e7\u00e3o extremamente delicada&#8221;, avalia.<\/p>\n\n\n\n<h3 class=\"wp-block-heading\">Veja a seguir a cronologia das buscas pelos fugitivos de Mossor\u00f3<\/h3>\n\n\n\n<p><strong>\u2022 16\/2<\/strong><br>Moradores disseram ter visto a dupla em diversas ocasi\u00f5es. Dois dias ap\u00f3s a fuga, Deibson e Rogerio teriam feito uma fam\u00edlia ref\u00e9m, na zona rural de Mossor\u00f3. Neste dia, a pol\u00edcia tamb\u00e9m encontrou pegadas, cal\u00e7ados, roupas, len\u00e7\u00f3is e uma corda, al\u00e9m de uma camiseta do uniforme da penitenci\u00e1ria, em uma \u00e1rea de mata.<\/p>\n\n\n\n<p><strong>\u2022 22\/2<\/strong><br>Tr\u00eas pessoas foram presas em flagrante por supostamente terem facilitado a fuga dos detentos.<\/p>\n\n\n\n<p><strong>\u2022 26\/2<\/strong><br>Um homem identificado como Ronaildo da Silva Fernandes foi preso por suspeita de ajudar os fugitivos. Ele \u00e9 dono de um s\u00edtio em Bara\u00fana, munic\u00edpio na zona rural do RN que fica na divisa com o Cear\u00e1, e teria recebido R$ 5 mil para abrigar Deibson e Rogerio por oito dias.<\/p>\n\n\n\n<p><strong>\u2022 27\/2<\/strong><br>Os fugitivos foram vistos em um vilarejo no Rio Grande do Norte. Segundo informa\u00e7\u00f5es obtidas pela RECORD, os moradores do local reconheceram Deibson e Rogerio, que voltaram para a mata antes da chegada da pol\u00edcia.<\/p>\n\n\n\n<p><strong>\u2022 1\u00ba\/3<\/strong><br>Durante a madrugada, a Pol\u00edcia Federal acionou helic\u00f3pteros, drones, equipamentos que captam calor humano e cachorros farejadores, que sentiram o cheiro dos fugitivos e percorreram 600 metros, mas sem \u00eaxito. \u00c0quele momento, as autoridades acreditavam que os foragidos estavam perdidos e sem ajuda, j\u00e1 que os rastros indicavam que estavam voltando para o estado, em vez de tentar fugir.<\/p>\n\n\n\n<p><strong>\u2022 3\/3<\/strong><br>For\u00e7as de seguran\u00e7a cercaram uma fazenda em Bara\u00fana, ap\u00f3s moradores da regi\u00e3o relatarem ter visto os foragidos durante a madrugada. Os dois teriam invadido uma propriedade rural e agredido um agricultor. De acordo com policiais que participam das buscas, os detentos roubaram outros moradores.<\/p>\n\n\n\n<h3 class=\"wp-block-heading\">600 agentes nas buscas e R$ 30 mil de recompensa<\/h3>\n\n\n\n<p><br>Mais de 600 agentes est\u00e3o \u00e0 procura dos detentos. Os investigadores concentram as buscas entre Mossor\u00f3 e Bara\u00fana, cidades separadas por uma dist\u00e2ncia de cerca de 35 km.<\/p>\n\n\n\n<p>A Pol\u00edcia Federal passou a oferecer uma recompensa de R$ 30 mil por informa\u00e7\u00f5es que levem \u00e0 captura dos foragidos. A den\u00fancia an\u00f4nima pode ser feita pelo n\u00famero 181 ou por mensagem para o celular (84) 98132-6057.<\/p>\n\n\n\n<h3 class=\"wp-block-heading\">O que acontece se forem capturados?<\/h3>\n\n\n\n<p><br>Caso sejam capturados, os fugitivos dever\u00e3o responder pelo crime de fuga, considerada uma falta disciplinar. Pelo ineditismo do ocorrido, sendo o primeiro caso registrado em um pres\u00eddio de seguran\u00e7a m\u00e1xima no Brasil, ainda n\u00e3o \u00e9 conhecida a puni\u00e7\u00e3o que os bandidos receber\u00e3o quando forem pegos pela pol\u00edcia.<\/p>\n\n\n\n<p>Em casos de presos de regime semiaberto, por exemplo, o fugitivo retorna a um pres\u00eddio de regime fechado.<\/p>\n\n\n\n<p>Fonte R7<\/p>\n","protected":false},"excerpt":{"rendered":"<p>Detentos foram vistos em diversas ocasi\u00f5es na regi\u00e3o, mas as for\u00e7as de seguran\u00e7a ainda n\u00e3o conseguiram captur\u00e1-los Os&nbsp;dois detentos que fugiram&nbsp;da penitenci\u00e1ria federal de Mossor\u00f3 (RN)&nbsp;completam um m\u00eas foragidos&nbsp;nesta semana. Em 14 de fevereiro,&nbsp;Deibson Cabral Nascimento e Rogerio da Silva Mendon\u00e7a conseguiram&nbsp;escapar durante a madrugada. Segundo o Minist\u00e9rio da Justi\u00e7a, integrantes da elite da PF [&hellip;]<\/p>\n","protected":false},"author":8,"featured_media":22154,"comment_status":"closed","ping_status":"open","sticky":false,"template":"","format":"standard","meta":{"rop_custom_images_group":[],"rop_custom_messages_group":[],"rop_publish_now":"initial","rop_publish_now_accounts":[],"rop_publish_now_history":[],"rop_publish_now_status":"pending","footnotes":""},"categories":[189],"tags":[73],"class_list":["post-22153","post","type-post","status-publish","format-standard","has-post-thumbnail","hentry","category-brasil","tag-featured"],"amp_enabled":true,"_links":{"self":[{"href":"https:\/\/imais.online\/portal\/wp-json\/wp\/v2\/posts\/22153","targetHints":{"allow":["GET"]}}],"collection":[{"href":"https:\/\/imais.online\/portal\/wp-json\/wp\/v2\/posts"}],"about":[{"href":"https:\/\/imais.online\/portal\/wp-json\/wp\/v2\/types\/post"}],"author":[{"embeddable":true,"href":"https:\/\/imais.online\/portal\/wp-json\/wp\/v2\/users\/8"}],"replies":[{"embeddable":true,"href":"https:\/\/imais.online\/portal\/wp-json\/wp\/v2\/comments?post=22153"}],"version-history":[{"count":1,"href":"https:\/\/imais.online\/portal\/wp-json\/wp\/v2\/posts\/22153\/revisions"}],"predecessor-version":[{"id":22155,"href":"https:\/\/imais.online\/portal\/wp-json\/wp\/v2\/posts\/22153\/revisions\/22155"}],"wp:featuredmedia":[{"embeddable":true,"href":"https:\/\/imais.online\/portal\/wp-json\/wp\/v2\/media\/22154"}],"wp:attachment":[{"href":"https:\/\/imais.online\/portal\/wp-json\/wp\/v2\/media?parent=22153"}],"wp:term":[{"taxonomy":"category","embeddable":true,"href":"https:\/\/imais.online\/portal\/wp-json\/wp\/v2\/categories?post=22153"},{"taxonomy":"post_tag","embeddable":true,"href":"https:\/\/imais.online\/portal\/wp-json\/wp\/v2\/tags?post=22153"}],"curies":[{"name":"wp","href":"https:\/\/api.w.org\/{rel}","templated":true}]}}