{"id":22185,"date":"2024-03-13T07:33:40","date_gmt":"2024-03-13T10:33:40","guid":{"rendered":"https:\/\/imais.online\/portal\/?p=22185"},"modified":"2024-03-13T07:33:41","modified_gmt":"2024-03-13T10:33:41","slug":"saude-passa-a-recomendar-testes-rapidos-para-diagnostico-de-dengue","status":"publish","type":"post","link":"https:\/\/imais.online\/portal\/saude-passa-a-recomendar-testes-rapidos-para-diagnostico-de-dengue\/","title":{"rendered":"Sa\u00fade passa a recomendar testes r\u00e1pidos para diagn\u00f3stico de dengue"},"content":{"rendered":"<div class=\"imais-before-content-placement\" id=\"imais-319800077\"><script async src=\"\/\/pagead2.googlesyndication.com\/pagead\/js\/adsbygoogle.js?client=ca-pub-8787528412751566\" crossorigin=\"anonymous\"><\/script><ins class=\"adsbygoogle\" style=\"display:block;\" data-ad-client=\"ca-pub-8787528412751566\" \ndata-ad-slot=\"\" \ndata-ad-format=\"auto\"><\/ins>\n<script> \n(adsbygoogle = window.adsbygoogle || []).push({}); \n<\/script>\n<\/div>\n<p class=\"has-text-align-center\">Explos\u00e3o de casos no pa\u00eds motivou decis\u00e3o da pasta<\/p>\n\n\n\n<p>O Minist\u00e9rio da Sa\u00fade passou a recomendar o uso de testes r\u00e1pidos para diagn\u00f3stico e fechamento de casos de dengue. De acordo com a secret\u00e1ria de Vigil\u00e2ncia em Sa\u00fade e Ambiente, Ethel Maciel, foi elaborada uma nota t\u00e9cnica para orientar estados e munic\u00edpios sobre o uso de testes r\u00e1pidos para dengue.<img decoding=\"async\" src=\"https:\/\/agenciabrasil.ebc.com.br\/ebc.png?id=1585395&amp;o=node\"><img decoding=\"async\" src=\"https:\/\/agenciabrasil.ebc.com.br\/ebc.gif?id=1585395&amp;o=node\"><\/p>\n\n\n\n<p>\u201cJ\u00e1 iniciamos a compra para distribui\u00e7\u00e3o\u201d, disse Ethel, em entrevista coletiva. A secret\u00e1ria lembrou que outros testes para diagn\u00f3stico de dengue, como o RT-PCR, amplamente utilizado durante a pandemia de covid-19, s\u00e3o mais sens\u00edveis na detec\u00e7\u00e3o do v\u00edrus. Entretanto, em meio \u00e0 explos\u00e3o de casos de dengue no pa\u00eds, o Minist\u00e9rio da Sa\u00fade decidiu recomendar teste r\u00e1pido para o diagn\u00f3stico de dengue com a devida orienta\u00e7\u00e3o aos profissionais de sa\u00fade das redes estaduais e municipais.<\/p>\n\n\n\n<p>De acordo com a coordenadora-geral de Laborat\u00f3rios de Sa\u00fade P\u00fablica, Mar\u00edlia Santini, o teste r\u00e1pido recomendado pelo minist\u00e9rio deve ser realizado entre o primeiro e o quinto dia de sintomas, per\u00edodo em que a maioria dos pacientes busca um servi\u00e7o de sa\u00fade. Mesmo em casos de resultado negativo, o paciente deve ser monitorado e a\u00e7\u00f5es estrat\u00e9gicas, como a hiper-hidrata\u00e7\u00e3o, devem ser adotadas, refor\u00e7ou.<\/p>\n\n\n\n<p>Ainda segundo Mar\u00edlia, para casos graves e mortes suspeitas por dengue, a orienta\u00e7\u00e3o da pasta permanece sendo a realiza\u00e7\u00e3o de exame laboratorial, e n\u00e3o do teste r\u00e1pido, uma vez que este tem limita\u00e7\u00f5es, como a incapacidade de rastrear o sorotipo de dengue que causou o agravamento do quadro ou o \u00f3bito do paciente.<\/p>\n\n\n\n<h2 class=\"wp-block-heading\">Autoteste<\/h2>\n\n\n\n<p>Mar\u00edlia confirmou tamb\u00e9m tratativas com a Ag\u00eancia Nacional de Vigil\u00e2ncia Sanit\u00e1ria (Anvisa) para&nbsp;<a href=\"https:\/\/agenciabrasil.ebc.com.br\/saude\/noticia\/2024-03\/anvisa-negociacoes-sobre-autotestes-para-dengue-estao-em-andamento\" target=\"_blank\" rel=\"noreferrer noopener\">comercializa\u00e7\u00e3o de autotestes para dengue no Brasil<\/a>. A informa\u00e7\u00e3o foi antecipada pelo diretor-presidente da Anvisa, Antonio Barra Torres, em entrevista ao programa A Voz do Brasil, da&nbsp;<strong>Empresa Brasil de Comunica\u00e7\u00e3o (EBC)<\/strong>.<\/p>\n\n\n\n<p>\u201cTivemos duas reuni\u00f5es com a Anvisa\u201d, disse Mar\u00edlia, ao detalhar que o teste r\u00e1pido e o autoteste s\u00e3o essencialmente o mesmo dispositivo, sendo o primeiro \u00e9 conduzido por um profissional de sa\u00fade e o segundo, pelo pr\u00f3prio paciente.<\/p>\n\n\n\n<p>Mar\u00edlia lembrou que, diferentemente do cen\u00e1rio de covid-19, em que o autoteste contribui para interromper a transmiss\u00e3o do v\u00edrus por meio do isolamento, o autoteste de dengue n\u00e3o contribui nesse aspecto, j\u00e1 que a doen\u00e7a s\u00f3 pode ser transmitida pela picada da f\u00eamea do mosquito Aedes aegypti. \u201cA gente ainda est\u00e1 iniciando uma discuss\u00e3o t\u00e9cnica.\u201d<\/p>\n\n\n\n<figure class=\"wp-block-image size-full\"><img loading=\"lazy\" decoding=\"async\" width=\"754\" height=\"518\" src=\"https:\/\/imais.online\/portal\/wp-content\/uploads\/2024\/03\/protecao_copy.webp\" alt=\"\" class=\"wp-image-22187\" srcset=\"https:\/\/imais.online\/portal\/wp-content\/uploads\/2024\/03\/protecao_copy.webp 754w, https:\/\/imais.online\/portal\/wp-content\/uploads\/2024\/03\/protecao_copy-300x206.webp 300w\" sizes=\"auto, (max-width: 754px) 100vw, 754px\" \/><\/figure>\n","protected":false},"excerpt":{"rendered":"<p>Explos\u00e3o de casos no pa\u00eds motivou decis\u00e3o da pasta O Minist\u00e9rio da Sa\u00fade passou a recomendar o uso de testes r\u00e1pidos para diagn\u00f3stico e fechamento de casos de dengue. De acordo com a secret\u00e1ria de Vigil\u00e2ncia em Sa\u00fade e Ambiente, Ethel Maciel, foi elaborada uma nota t\u00e9cnica para orientar estados e munic\u00edpios sobre o uso [&hellip;]<\/p>\n","protected":false},"author":7,"featured_media":22186,"comment_status":"closed","ping_status":"open","sticky":false,"template":"","format":"standard","meta":{"rop_custom_images_group":[],"rop_custom_messages_group":[],"rop_publish_now":"initial","rop_publish_now_accounts":[],"rop_publish_now_history":[],"rop_publish_now_status":"pending","footnotes":""},"categories":[189],"tags":[73],"class_list":["post-22185","post","type-post","status-publish","format-standard","has-post-thumbnail","hentry","category-brasil","tag-featured"],"amp_enabled":true,"_links":{"self":[{"href":"https:\/\/imais.online\/portal\/wp-json\/wp\/v2\/posts\/22185","targetHints":{"allow":["GET"]}}],"collection":[{"href":"https:\/\/imais.online\/portal\/wp-json\/wp\/v2\/posts"}],"about":[{"href":"https:\/\/imais.online\/portal\/wp-json\/wp\/v2\/types\/post"}],"author":[{"embeddable":true,"href":"https:\/\/imais.online\/portal\/wp-json\/wp\/v2\/users\/7"}],"replies":[{"embeddable":true,"href":"https:\/\/imais.online\/portal\/wp-json\/wp\/v2\/comments?post=22185"}],"version-history":[{"count":1,"href":"https:\/\/imais.online\/portal\/wp-json\/wp\/v2\/posts\/22185\/revisions"}],"predecessor-version":[{"id":22188,"href":"https:\/\/imais.online\/portal\/wp-json\/wp\/v2\/posts\/22185\/revisions\/22188"}],"wp:featuredmedia":[{"embeddable":true,"href":"https:\/\/imais.online\/portal\/wp-json\/wp\/v2\/media\/22186"}],"wp:attachment":[{"href":"https:\/\/imais.online\/portal\/wp-json\/wp\/v2\/media?parent=22185"}],"wp:term":[{"taxonomy":"category","embeddable":true,"href":"https:\/\/imais.online\/portal\/wp-json\/wp\/v2\/categories?post=22185"},{"taxonomy":"post_tag","embeddable":true,"href":"https:\/\/imais.online\/portal\/wp-json\/wp\/v2\/tags?post=22185"}],"curies":[{"name":"wp","href":"https:\/\/api.w.org\/{rel}","templated":true}]}}