{"id":22195,"date":"2024-03-14T09:34:59","date_gmt":"2024-03-14T12:34:59","guid":{"rendered":"https:\/\/imais.online\/portal\/?p=22195"},"modified":"2024-03-14T09:34:59","modified_gmt":"2024-03-14T12:34:59","slug":"prefeitura-fiec-e-unimax-anunciam-parceria-para-mutirao-contra-dengue-neste-sabado","status":"publish","type":"post","link":"https:\/\/imais.online\/portal\/prefeitura-fiec-e-unimax-anunciam-parceria-para-mutirao-contra-dengue-neste-sabado\/","title":{"rendered":"Prefeitura, Fiec e UniMAX anunciam parceria para mutir\u00e3o contra dengue neste s\u00e1bado"},"content":{"rendered":"<div class=\"imais-before-content-placement\" id=\"imais-308774813\"><script async src=\"\/\/pagead2.googlesyndication.com\/pagead\/js\/adsbygoogle.js?client=ca-pub-8787528412751566\" crossorigin=\"anonymous\"><\/script><ins class=\"adsbygoogle\" style=\"display:block;\" data-ad-client=\"ca-pub-8787528412751566\" \ndata-ad-slot=\"\" \ndata-ad-format=\"auto\"><\/ins>\n<script> \n(adsbygoogle = window.adsbygoogle || []).push({}); \n<\/script>\n<\/div>\n<p><em><small>Faculdade anunciou a doa\u00e7\u00e3o de um equipamento de pulveriza\u00e7\u00e3o para o Centro de Opera\u00e7\u00f5es contra Dengue<\/small><\/em><\/p>\n\n\n\n<p>O prefeito de Indaiatuba, Nilson Gaspar, anunciou na manh\u00e3 desta quarta-feira (13), a realiza\u00e7\u00e3o de um mutir\u00e3o contra a dengue neste s\u00e1bado, dia 16, a partir das 7h no estacionamento do Floresta Parque, no Jardim Morada do Sol. A a\u00e7\u00e3o acontece em parceria com a Fiec (Funda\u00e7\u00e3o Indaiatubana de Educa\u00e7\u00e3o e Cultura), as secretarias de Servi\u00e7os Urbanos e Meio Ambiente, Obras e Saae, al\u00e9m da UniMAX, que aproveitou a coletiva de imprensa para anunciar a doa\u00e7\u00e3o de um equipamento de pulveriza\u00e7\u00e3o para o Centro de Opera\u00e7\u00f5es contra a Dengue.<\/p>\n\n\n\n<p>Ao todo, 400 alunos participar\u00e3o da megaopera\u00e7\u00e3o, sendo 300 da UniMAX, dos cursos de medicina e enfermagem e outros 100 da Fiec, dos cursos de an\u00e1lises cl\u00ednicas e enfermagem. T\u00e9cnicos da Secretaria Municipal de Sa\u00fade, bem como o coordenador do Centro de Opera\u00e7\u00f5es contra Dengue, Ulisses Bernardinetti, estar\u00e3o acompanhando toda a a\u00e7\u00e3o.<\/p>\n\n\n\n<p>A previs\u00e3o \u00e9 que todos os volunt\u00e1rios percorram a regi\u00e3o do Jardim Morada do Sol, S\u00e3o Conrado e adjac\u00eancias visitando im\u00f3veis, com\u00e9rcios, constru\u00e7\u00f5es, observando ruas, pra\u00e7as e situa\u00e7\u00f5es que possam se tornar foco de prolifera\u00e7\u00e3o do mosquito&nbsp;<em>Aedes aegypt.<\/em><\/p>\n\n\n\n<p>O equipamento que ser\u00e1 recebido pela Prefeitura atrav\u00e9s de doa\u00e7\u00e3o da institui\u00e7\u00e3o de ensino, trata-se de um nebulizador de aerossol a frio UBV (ultra baixo volume) para a\u00e7\u00f5es de dispers\u00e3o espacial de inseticida para controle de mosquitos infectados.<\/p>\n\n\n\n<p><strong>Servi\u00e7o<\/strong><\/p>\n\n\n\n<p><strong>Mutir\u00e3o contra dengue<\/strong><\/p>\n\n\n\n<p>Data: 16\/03\/2024<\/p>\n\n\n\n<p>Hor\u00e1rio: 7h \u00e0s 12h<\/p>\n\n\n\n<p>Local: Estacionamento do Floresta Parque, Rua Martinho Lutero, ao lado do Cocais 2 em frente ao n\u00ba 1618.<\/p>\n\n\n\n<p>Participa\u00e7\u00e3o: 300 alunos da UniMAX e 100 alunos da Fiec.<\/p>\n\n\n\n<p class=\"has-small-font-size\"><strong>#PraTodosVerem:\u00a0<\/strong>Foto colorida na sala de reuni\u00f5es do Gabinete, o prefeito Nilson Gaspar est\u00e1 sentado segurando uma folha com a escrita \u201cMutir\u00e3o contra a Dengue\u201d. Ao seu lado est\u00e3o a secret\u00e1ria de Sa\u00fade, Graziela Garcia, o superintendente da Fiec, Geraldo Garcia, a secret\u00e1ria adjunta de sa\u00fade, Heloisa Salatino e diretora da Vigil\u00e2ncia Epidemiol\u00f3gica, Renata Marciano.<\/p>\n","protected":false},"excerpt":{"rendered":"<p>Faculdade anunciou a doa\u00e7\u00e3o de um equipamento de pulveriza\u00e7\u00e3o para o Centro de Opera\u00e7\u00f5es contra Dengue O prefeito de Indaiatuba, Nilson Gaspar, anunciou na manh\u00e3 desta quarta-feira (13), a realiza\u00e7\u00e3o de um mutir\u00e3o contra a dengue neste s\u00e1bado, dia 16, a partir das 7h no estacionamento do Floresta Parque, no Jardim Morada do Sol. A [&hellip;]<\/p>\n","protected":false},"author":8,"featured_media":22196,"comment_status":"closed","ping_status":"open","sticky":false,"template":"","format":"standard","meta":{"rop_custom_images_group":[],"rop_custom_messages_group":[],"rop_publish_now":"initial","rop_publish_now_accounts":[],"rop_publish_now_history":[],"rop_publish_now_status":"pending","footnotes":""},"categories":[188],"tags":[73],"class_list":["post-22195","post","type-post","status-publish","format-standard","has-post-thumbnail","hentry","category-indaiatuba","tag-featured"],"amp_enabled":true,"_links":{"self":[{"href":"https:\/\/imais.online\/portal\/wp-json\/wp\/v2\/posts\/22195","targetHints":{"allow":["GET"]}}],"collection":[{"href":"https:\/\/imais.online\/portal\/wp-json\/wp\/v2\/posts"}],"about":[{"href":"https:\/\/imais.online\/portal\/wp-json\/wp\/v2\/types\/post"}],"author":[{"embeddable":true,"href":"https:\/\/imais.online\/portal\/wp-json\/wp\/v2\/users\/8"}],"replies":[{"embeddable":true,"href":"https:\/\/imais.online\/portal\/wp-json\/wp\/v2\/comments?post=22195"}],"version-history":[{"count":1,"href":"https:\/\/imais.online\/portal\/wp-json\/wp\/v2\/posts\/22195\/revisions"}],"predecessor-version":[{"id":22197,"href":"https:\/\/imais.online\/portal\/wp-json\/wp\/v2\/posts\/22195\/revisions\/22197"}],"wp:featuredmedia":[{"embeddable":true,"href":"https:\/\/imais.online\/portal\/wp-json\/wp\/v2\/media\/22196"}],"wp:attachment":[{"href":"https:\/\/imais.online\/portal\/wp-json\/wp\/v2\/media?parent=22195"}],"wp:term":[{"taxonomy":"category","embeddable":true,"href":"https:\/\/imais.online\/portal\/wp-json\/wp\/v2\/categories?post=22195"},{"taxonomy":"post_tag","embeddable":true,"href":"https:\/\/imais.online\/portal\/wp-json\/wp\/v2\/tags?post=22195"}],"curies":[{"name":"wp","href":"https:\/\/api.w.org\/{rel}","templated":true}]}}