{"id":22203,"date":"2024-03-15T14:47:11","date_gmt":"2024-03-15T17:47:11","guid":{"rendered":"https:\/\/imais.online\/portal\/?p=22203"},"modified":"2024-03-15T14:47:12","modified_gmt":"2024-03-15T17:47:12","slug":"companhia-de-danca-ballet-paraisopolis-se-apresenta-no-dia-24-de-marco-no-ciaei","status":"publish","type":"post","link":"https:\/\/imais.online\/portal\/companhia-de-danca-ballet-paraisopolis-se-apresenta-no-dia-24-de-marco-no-ciaei\/","title":{"rendered":"Companhia de Dan\u00e7a Ballet Parais\u00f3polis se apresenta no dia 24 de mar\u00e7o no Ciaei"},"content":{"rendered":"<div class=\"imais-before-content-placement\" id=\"imais-3093737831\"><script async src=\"\/\/pagead2.googlesyndication.com\/pagead\/js\/adsbygoogle.js?client=ca-pub-8787528412751566\" crossorigin=\"anonymous\"><\/script><ins class=\"adsbygoogle\" style=\"display:block;\" data-ad-client=\"ca-pub-8787528412751566\" \ndata-ad-slot=\"\" \ndata-ad-format=\"auto\"><\/ins>\n<script> \n(adsbygoogle = window.adsbygoogle || []).push({}); \n<\/script>\n<\/div>\n<p><em><small>Ingressos devem ser retirados no Ciaei antes da pe\u00e7a<\/small><\/em><\/p>\n\n\n\n<p>A Companhia de Dan\u00e7a Ballet Parais\u00f3polis, &nbsp;realiza espet\u00e1culo gratuito, exposi\u00e7\u00e3o e workshop no dia 24 de mar\u00e7o, no Ciaei. O inicio das atividades come\u00e7a \u00e0s 15h com o workshop destinado para os alunos da Secretaria de Cultura que fazem aula no Centro Hermenegildo Pinto (Piano), de n\u00edvel avan\u00e7ado, que poder\u00e3o interagir e aprender com os integrantes da Companhia de Dan\u00e7a Ballet Parais\u00f3polis. J\u00e1 \u00e0s 17h na entrada do teatro acontecer\u00e1 a exposi\u00e7\u00e3o \u201cBallet Parais\u00f3polis \u2013 voar \u00e9 poss\u00edvel\u201d e, na sequ\u00eancia \u00e0s 18h ser\u00e1 realizado o espet\u00e1culo \u201cPaquita II Ato\u201d e&nbsp; \u201cV\u00e9spera\u201d. O evento conta com o apoio da Prefeitura de Indaiatuba, por meio da Secretaria de Cultura. A retirada de ingressos deve ser feita 50 minutos antes da pe\u00e7a, no espa\u00e7o da apresenta\u00e7\u00e3o.<\/p>\n\n\n\n<p>O Ballet Parais\u00f3polis foi fundado por Monica Tarrag\u00f3 em 2012, que inclusive assina a curadoria visual da exposi\u00e7\u00e3o junto com Jum Nakao,&nbsp; e \u00e9 retratado na entrada do teatro com a exposi\u00e7\u00e3o fotogr\u00e1fica \u201cBallet Parais\u00f3polis \u2013 Voar \u00e9 Poss\u00edvel\u201d que conta com 32 fotos de Fernanda Barsotti Kirmayr, Marcos Alonso, dentre outros fot\u00f3grafos. A exposi\u00e7\u00e3o foi idealizada por&nbsp; Jum Nakao&nbsp; e as imagens s\u00e3o &nbsp;impressas em tecido voil para repassar aos visitantes a leveza e um clima et\u00e9reo.<\/p>\n\n\n\n<p>A apresenta\u00e7\u00e3o Paquita II Ato \u00e9 composta por um bal\u00e9 em dois atos e tr\u00eas cenas que tem na trama principal uma jovem cigana, e o Conde Lucien d\u2019Hervilly, um general franc\u00eas. A obra \u00e9 considerada um bal\u00e9 pantomima (popularizado no s\u00e9culo XIX e apontado como modelo do bal\u00e9 cl\u00e1ssico), onde os bailarinos se manifestam mediante a m\u00edmica, gestos, express\u00f5es fision\u00f4micas e corporais. A dura\u00e7\u00e3o \u00e9 de 10 minutos.<\/p>\n\n\n\n<p>Na sequ\u00eancia ser\u00e1 realizada a obra \u201cV\u00e9spera\u201d que desafia o corpo no espa\u00e7o com tempos e configura\u00e7\u00f5es variadas. Uma cria\u00e7\u00e3o coreogr\u00e1fica que prop\u00f5e din\u00e2micas que s\u00e3o enunciadas, alternadas e retomadas pelos muitos corpos dan\u00e7antes. Com m\u00fasica de Antonio Vivaldi recomposta por Max Richtter, V\u00e9spera \u00e9 o que antecede um ato, ou v\u00e9sperus que quer dizer &#8220;estrela V\u00e9sper, estrela ou planeta de V\u00eanus Partindo do simbolismo da luz e da escurid\u00e3o. Um contraponto que estabelece e desenvolve distintas maneiras e sensa\u00e7\u00f5es, confluindo a um s\u00f3 tempo caminhos infinitos e particulares no corpo de cada int\u00e9rprete, com a dura\u00e7\u00e3o de 15 minutos. O espet\u00e1culo conta com o apoio da Indigo Foundation.<\/p>\n\n\n\n<p><strong>Servi\u00e7o<\/strong><\/p>\n\n\n\n<p><strong>Exposi\u00e7\u00e3o: \u201cBallet Parais\u00f3polis \u2013 voar \u00e9 poss\u00edvel\u201d<\/strong><\/p>\n\n\n\n<p><strong>Data:&nbsp;<\/strong>24\/03\/2024<\/p>\n\n\n\n<p><strong>Hor\u00e1rio:&nbsp;<\/strong>17h<strong><\/strong><\/p>\n\n\n\n<p><strong>Local:&nbsp;<\/strong>Ciaei &#8211; Av. Eng. F\u00e1bio Roberto Barnab\u00e9, 3665 &#8211; Jardim Regina, Indaiatuba.<\/p>\n\n\n\n<p><strong>Exposi\u00e7\u00e3o: \u201cPaquita II Ato\u201d e \u201cVespera<\/strong><\/p>\n\n\n\n<p><strong>Data:&nbsp;<\/strong>24\/03\/2024<strong><\/strong><\/p>\n\n\n\n<p><strong>Hor\u00e1rio:&nbsp;<\/strong>18h<strong><\/strong><\/p>\n\n\n\n<p><strong>Local:&nbsp;<\/strong>Ciaei &#8211; Av. Eng. F\u00e1bio Roberto Barnab\u00e9, 3665 &#8211; Jardim Regina, Indaiatuba.<\/p>\n\n\n\n<p><strong>Retirada de ingressos 50 minutos antes da apresenta\u00e7\u00e3o.\u00a0<\/strong><\/p>\n\n\n\n<p class=\"has-small-font-size\"><strong>#PraTodosVerem:\u00a0<\/strong>Imagem aparece uma foto do Ballet Parais\u00f3polis com as informa\u00e7\u00f5es da apresenta\u00e7\u00e3o e exposi\u00e7\u00e3o que acontece no dia 24 de mar\u00e7o. Fim da descri\u00e7\u00e3o.<\/p>\n","protected":false},"excerpt":{"rendered":"<p>Ingressos devem ser retirados no Ciaei antes da pe\u00e7a A Companhia de Dan\u00e7a Ballet Parais\u00f3polis, &nbsp;realiza espet\u00e1culo gratuito, exposi\u00e7\u00e3o e workshop no dia 24 de mar\u00e7o, no Ciaei. O inicio das atividades come\u00e7a \u00e0s 15h com o workshop destinado para os alunos da Secretaria de Cultura que fazem aula no Centro Hermenegildo Pinto (Piano), de [&hellip;]<\/p>\n","protected":false},"author":8,"featured_media":22204,"comment_status":"closed","ping_status":"open","sticky":false,"template":"","format":"standard","meta":{"rop_custom_images_group":[],"rop_custom_messages_group":[],"rop_publish_now":"initial","rop_publish_now_accounts":[],"rop_publish_now_history":[],"rop_publish_now_status":"pending","footnotes":""},"categories":[188],"tags":[73],"class_list":["post-22203","post","type-post","status-publish","format-standard","has-post-thumbnail","hentry","category-indaiatuba","tag-featured"],"amp_enabled":true,"_links":{"self":[{"href":"https:\/\/imais.online\/portal\/wp-json\/wp\/v2\/posts\/22203","targetHints":{"allow":["GET"]}}],"collection":[{"href":"https:\/\/imais.online\/portal\/wp-json\/wp\/v2\/posts"}],"about":[{"href":"https:\/\/imais.online\/portal\/wp-json\/wp\/v2\/types\/post"}],"author":[{"embeddable":true,"href":"https:\/\/imais.online\/portal\/wp-json\/wp\/v2\/users\/8"}],"replies":[{"embeddable":true,"href":"https:\/\/imais.online\/portal\/wp-json\/wp\/v2\/comments?post=22203"}],"version-history":[{"count":1,"href":"https:\/\/imais.online\/portal\/wp-json\/wp\/v2\/posts\/22203\/revisions"}],"predecessor-version":[{"id":22205,"href":"https:\/\/imais.online\/portal\/wp-json\/wp\/v2\/posts\/22203\/revisions\/22205"}],"wp:featuredmedia":[{"embeddable":true,"href":"https:\/\/imais.online\/portal\/wp-json\/wp\/v2\/media\/22204"}],"wp:attachment":[{"href":"https:\/\/imais.online\/portal\/wp-json\/wp\/v2\/media?parent=22203"}],"wp:term":[{"taxonomy":"category","embeddable":true,"href":"https:\/\/imais.online\/portal\/wp-json\/wp\/v2\/categories?post=22203"},{"taxonomy":"post_tag","embeddable":true,"href":"https:\/\/imais.online\/portal\/wp-json\/wp\/v2\/tags?post=22203"}],"curies":[{"name":"wp","href":"https:\/\/api.w.org\/{rel}","templated":true}]}}