{"id":22206,"date":"2024-03-15T14:48:53","date_gmt":"2024-03-15T17:48:53","guid":{"rendered":"https:\/\/imais.online\/portal\/?p=22206"},"modified":"2024-03-15T14:48:54","modified_gmt":"2024-03-15T17:48:54","slug":"secretaria-de-cultura-reune-empresarios-para-divulgar-resultados-da-pesquisa-de-turismo","status":"publish","type":"post","link":"https:\/\/imais.online\/portal\/secretaria-de-cultura-reune-empresarios-para-divulgar-resultados-da-pesquisa-de-turismo\/","title":{"rendered":"Secretaria de Cultura re\u00fane empres\u00e1rios para divulgar resultados da pesquisa de turismo"},"content":{"rendered":"<div class=\"imais-before-content-placement\" id=\"imais-858650485\"><script async src=\"\/\/pagead2.googlesyndication.com\/pagead\/js\/adsbygoogle.js?client=ca-pub-8787528412751566\" crossorigin=\"anonymous\"><\/script><ins class=\"adsbygoogle\" style=\"display:block;\" data-ad-client=\"ca-pub-8787528412751566\" \ndata-ad-slot=\"\" \ndata-ad-format=\"auto\"><\/ins>\n<script> \n(adsbygoogle = window.adsbygoogle || []).push({}); \n<\/script>\n<\/div>\n<p><em><small>Pesquisa tur\u00edstica foi realizada pela FIA em parceria com o Programa Sebrae Turismo<\/small><\/em><\/p>\n\n\n\n<p>Na manh\u00e3 da \u00faltima quarta-feira (13) foram apresentados os dados da pesquisa tur\u00edstica realizada pela Funda\u00e7\u00e3o Instituto de Administra\u00e7\u00e3o (FIA) em parceria com o Programa Sebrae Turismo, por meio da Secretaria de Cultura e do Departamento de Turismo. A abertura do evento foi realizada pela secret\u00e1ria de Cultura, T\u00e2nia Castanho que tamb\u00e9m representou o prefeito, Nilson Gaspar. Na sequ\u00eancia, a explana\u00e7\u00e3o dos resultados foi feita pela Coordenadora da \u00e1rea de Turismo, Gesiane Zanella.<\/p>\n\n\n\n<p>A pesquisa realizada com 162 pessoas &nbsp;teve como &nbsp;metodologia adotada a t\u00e9cnica de pesquisa de abordagem das pessoas nas ruas&nbsp; e os pesquisadores permaneceram durante tr\u00eas dias espalhados em v\u00e1rios pontos da cidade com o objetivo de identificar os diferentes p\u00fablicos que passeiam pelo munic\u00edpio.<\/p>\n\n\n\n<p>De acordo&nbsp;a secret\u00e1ria de Cultura, T\u00e2nia Castanho,&nbsp;houve uma mudan\u00e7a de comportamento e \u00e9 preciso estimular o p\u00fablico que procura&nbsp; o munic\u00edpio para que os recursos fiquem aqui e que as pessoas n\u00e3o precisem procurar servi\u00e7os fora. \u201cAntes as pessoas vinham para Indaiatuba apenas a neg\u00f3cio e isso tem mudado com o trabalho cultural realizado aqui. Hoje as pessoas que vem apenas a neg\u00f3cio&nbsp; est\u00e3o estimadas em&nbsp; 33% e as que buscam a cidade a turismo representam 43% dos entrevistados. Por isso, temos que n\u00e3o apenas fazer cultura, mas da ajuda para a divulga\u00e7\u00e3o dos estabelecimentos, pois com a uni\u00e3o de todos \u00e9 poss\u00edvel manter os recursos no munic\u00edpio, gerar novos empregos e a economia estar\u00e1 em ascend\u00eancia. Todos saem ganhando.\u201d, pontua.<\/p>\n\n\n\n<p>Na an\u00e1lise da pesquisa foi observado que 45% das pessoas que visitam a cidade permanecem apenas um dia no munic\u00edpio e apenas 15% ficam durante o fim de semana. \u201cO intuito aqui hoje \u00e9 mostrar que esse cen\u00e1rio pode mudar se os donos de hot\u00e9is, pousadas e shoppings informarem sobre os eventos que acontecem na cidade. Todos ser\u00e3o beneficiados, pois os estabelecimentos ter\u00e3o mais dias de consumo e as pessoas poder\u00e3o prestigiar as atra\u00e7\u00f5es e atividades locais. Esses dados podem nortear a demanda e o crescimento na \u00e1rea de turismo\u201d,&nbsp; explica a Coordenadora da \u00e1rea de Turismo, Gesiane Zanella.<\/p>\n\n\n\n<p>O evento foi destinado para donos de hot\u00e9is, pousadas, shoppings e estabelecimentos a fim de criar pol\u00edticas para melhorar as a\u00e7\u00f5es e para que os locais participantes da palestra possam divulgar os eventos locais, a fim de permanecer a demanda local. Na ocasi\u00e3o, estiveram presentes o secret\u00e1rio de Governo, S\u00e9rgio Wolf e o vereador, Alexandre Peres. A pesquisa contou com o apoio do Conselho Municipal do Turismo (Concur), cujo estava representado pelos conselheiros: Gesiane Zanella representando a Secretaria de cultura, Elaine Gomes de Castro e Ana Canton\u00a0 representando o Departamento de Turismo, Guilherme Bergamo da Secretaria de Esportes, Valdir Carvalho da Secretaria de Servi\u00e7os Urbanos e Meio Ambiente; Lucas Mello representante de bares e restaurantes; Patr\u00edcia Lisboa e Nilda Takeuti\u00a0 representantes da imprensa ; Elaine Pires Bonfim e Francisco Carlos dos Santos representantes do artesanato local; Fernando Mota representante de hot\u00e9is e ag\u00eancias de viagens e Luciana Ap. dos Santos representante da Associa\u00e7\u00e3o Comercial e \u00e1rea rural.<\/p>\n\n\n\n<p class=\"has-small-font-size\"><strong>#PraTodosVerem:\u00a0<\/strong>A coordenadora da \u00e1rea de Turismo, Gesiane Zanella; a secret\u00e1ria de Cultura, T\u00e2nia Castanho e o secret\u00e1rio Adjunto de Esportes, Guilherme Bergamo na frente do palco do audit\u00f3rio da Prefeitura. Nas laterais poltronas azuis onde o p\u00fablico presente est\u00e1 sentado e o corredor com e ch\u00e3o de madeira. Fim da descri\u00e7\u00e3o.<\/p>\n","protected":false},"excerpt":{"rendered":"<p>Pesquisa tur\u00edstica foi realizada pela FIA em parceria com o Programa Sebrae Turismo Na manh\u00e3 da \u00faltima quarta-feira (13) foram apresentados os dados da pesquisa tur\u00edstica realizada pela Funda\u00e7\u00e3o Instituto de Administra\u00e7\u00e3o (FIA) em parceria com o Programa Sebrae Turismo, por meio da Secretaria de Cultura e do Departamento de Turismo. A abertura do evento [&hellip;]<\/p>\n","protected":false},"author":8,"featured_media":22207,"comment_status":"closed","ping_status":"open","sticky":false,"template":"","format":"standard","meta":{"rop_custom_images_group":[],"rop_custom_messages_group":[],"rop_publish_now":"initial","rop_publish_now_accounts":[],"rop_publish_now_history":[],"rop_publish_now_status":"pending","footnotes":""},"categories":[188],"tags":[],"class_list":["post-22206","post","type-post","status-publish","format-standard","has-post-thumbnail","hentry","category-indaiatuba"],"amp_enabled":true,"_links":{"self":[{"href":"https:\/\/imais.online\/portal\/wp-json\/wp\/v2\/posts\/22206","targetHints":{"allow":["GET"]}}],"collection":[{"href":"https:\/\/imais.online\/portal\/wp-json\/wp\/v2\/posts"}],"about":[{"href":"https:\/\/imais.online\/portal\/wp-json\/wp\/v2\/types\/post"}],"author":[{"embeddable":true,"href":"https:\/\/imais.online\/portal\/wp-json\/wp\/v2\/users\/8"}],"replies":[{"embeddable":true,"href":"https:\/\/imais.online\/portal\/wp-json\/wp\/v2\/comments?post=22206"}],"version-history":[{"count":1,"href":"https:\/\/imais.online\/portal\/wp-json\/wp\/v2\/posts\/22206\/revisions"}],"predecessor-version":[{"id":22208,"href":"https:\/\/imais.online\/portal\/wp-json\/wp\/v2\/posts\/22206\/revisions\/22208"}],"wp:featuredmedia":[{"embeddable":true,"href":"https:\/\/imais.online\/portal\/wp-json\/wp\/v2\/media\/22207"}],"wp:attachment":[{"href":"https:\/\/imais.online\/portal\/wp-json\/wp\/v2\/media?parent=22206"}],"wp:term":[{"taxonomy":"category","embeddable":true,"href":"https:\/\/imais.online\/portal\/wp-json\/wp\/v2\/categories?post=22206"},{"taxonomy":"post_tag","embeddable":true,"href":"https:\/\/imais.online\/portal\/wp-json\/wp\/v2\/tags?post=22206"}],"curies":[{"name":"wp","href":"https:\/\/api.w.org\/{rel}","templated":true}]}}