{"id":22242,"date":"2024-03-19T09:44:30","date_gmt":"2024-03-19T12:44:30","guid":{"rendered":"https:\/\/imais.online\/portal\/?p=22242"},"modified":"2024-03-19T09:44:31","modified_gmt":"2024-03-19T12:44:31","slug":"prefeito-nilson-gaspar-entrega-revitalizacoes-do-campo-e-da-praca-da-vila-castelo-branco-na-sexta-22","status":"publish","type":"post","link":"https:\/\/imais.online\/portal\/prefeito-nilson-gaspar-entrega-revitalizacoes-do-campo-e-da-praca-da-vila-castelo-branco-na-sexta-22\/","title":{"rendered":"Prefeito Nilson Gaspar entrega revitaliza\u00e7\u00f5es do campo e da pra\u00e7a da Vila Castelo Branco na sexta 22"},"content":{"rendered":"<div class=\"imais-before-content-placement\" id=\"imais-2760927580\"><script async src=\"\/\/pagead2.googlesyndication.com\/pagead\/js\/adsbygoogle.js?client=ca-pub-8787528412751566\" crossorigin=\"anonymous\"><\/script><ins class=\"adsbygoogle\" style=\"display:block;\" data-ad-client=\"ca-pub-8787528412751566\" \ndata-ad-slot=\"\" \ndata-ad-format=\"auto\"><\/ins>\n<script> \n(adsbygoogle = window.adsbygoogle || []).push({}); \n<\/script>\n<\/div>\n<p><em><small>Cerim\u00f4nia iniciar\u00e1 \u00e0s 19h e para marcar a data, a Secretaria Municipal de Esportes, a partir das 17h, realizar\u00e1 um torneio de futebol<\/small><\/em><\/p>\n\n\n\n<p>O prefeito Nilson Gaspar far\u00e1 a&nbsp;entrega da reforma do campo da Vila Castelo Branco,&nbsp;na sexta-feira, dia 22 de mar\u00e7o. A cerim\u00f4nia iniciar\u00e1 \u00e0s 19h e para marcar a data, a partir das 17h a&nbsp;Secretaria Municipal de Esportes promover\u00e1 partidas de futebol&nbsp;para a popula\u00e7\u00e3o assistir. A obra do espa\u00e7o foi viabilizada atrav\u00e9s&nbsp;da&nbsp;emenda parlamentar&nbsp;do deputado estadual, Rog\u00e9rio Nogueira,&nbsp;no valor de R$431.702,86. Os moradores do bairro ainda foram beneficiados com a revitaliza\u00e7\u00e3o da pra\u00e7a Dr\u00ba Octavio do Amaral Gurgel, que passou a contar com uma Academia ao Ar Livre entre outras benfeitorias.<\/p>\n\n\n\n<p>Para estrear o novo campo de futebol os alunos do esporte cidad\u00e3o e categorias de base da ADI (Associa\u00e7\u00e3o Desportiva de Indaiatuba) disputar\u00e3o um torneio com premia\u00e7\u00e3o para os participantes. Ap\u00f3s a cerim\u00f4nia, as categorias dos adultos e veteranos dos Amigos da Vila Castelo Branco entrar\u00e3o em campo para disputar um jogo amistoso.<\/p>\n\n\n\n<p>O prefeito Nilson Gaspar agradeceu o apoio do deputado Rog\u00e9rio Nogueira em mais essa melhoria para a cidade. \u201cEssa reforma \u00e9 um compromisso que assumi com os moradores do bairro e que estou cumprido com a ajuda do Rog\u00e9rio, que est\u00e1 sempre intermediando nossos projetos junto ao Governo do Estado\u201d, concluiu.<\/p>\n\n\n\n<p>O campo denominado Vitor Miguel Bortolucci Junior, atrav\u00e9s da Lei 8.048\/23 de autoria dos vereadores Lu\u00edz Carlos Chiaparine e Leandro Pinto est\u00e1 localizado na rua Boaventura Dias Thom\u00e9, 70, Vila Castelo Branco, tem dimens\u00f5es de 31m x 47m, recebeu obra de drenagem, grama sint\u00e9tica na \u00e1rea de jogo, grama esmeralda nas laterais, novo alambrado com tela.<\/p>\n\n\n\n<p>A revitaliza\u00e7\u00e3o da pra\u00e7a Dr\u00ba Octavio do Amaral Gurgel da Vila Castelo Branco complementa a \u00e1rea de lazer do bairro, onde\u00a0a pra\u00e7a\u00a0ao lado, foi reformada pela Secretaria de Servi\u00e7os Urbanos e Meio Ambiente e ganhou uma Academia ao Ar Livre, o playground de areia substitu\u00eddo por grama sint\u00e9tica, cal\u00e7adas novas, paisagismo e instala\u00e7\u00e3o de LED.<\/p>\n\n\n\n<p class=\"has-small-font-size\"><strong>#PraTodosVerem:\u00a0<\/strong>A imagem mostra a vista a\u00e9rea do campo de futebol Vitor Miguel Bortolucci Junior com grama sint\u00e9tica verde e linhas demarcadas brancas, ao redor tem muitas \u00e1rvores grandes e uma em destaque com flores rosa. Ao lado est\u00e1 a pra\u00e7a Dr\u00ba Octavio do Amaral Gurgel, com \u00e1rvores grandes e que tamb\u00e9m toda revitalizada. Ao fundo est\u00e1 o bairro da Vila Castelo Branco em um dia ensolarado.<\/p>\n","protected":false},"excerpt":{"rendered":"<p>Cerim\u00f4nia iniciar\u00e1 \u00e0s 19h e para marcar a data, a Secretaria Municipal de Esportes, a partir das 17h, realizar\u00e1 um torneio de futebol O prefeito Nilson Gaspar far\u00e1 a&nbsp;entrega da reforma do campo da Vila Castelo Branco,&nbsp;na sexta-feira, dia 22 de mar\u00e7o. A cerim\u00f4nia iniciar\u00e1 \u00e0s 19h e para marcar a data, a partir das [&hellip;]<\/p>\n","protected":false},"author":8,"featured_media":22243,"comment_status":"closed","ping_status":"open","sticky":false,"template":"","format":"standard","meta":{"rop_custom_images_group":[],"rop_custom_messages_group":[],"rop_publish_now":"initial","rop_publish_now_accounts":[],"rop_publish_now_history":[],"rop_publish_now_status":"pending","footnotes":""},"categories":[188],"tags":[],"class_list":["post-22242","post","type-post","status-publish","format-standard","has-post-thumbnail","hentry","category-indaiatuba"],"amp_enabled":true,"_links":{"self":[{"href":"https:\/\/imais.online\/portal\/wp-json\/wp\/v2\/posts\/22242","targetHints":{"allow":["GET"]}}],"collection":[{"href":"https:\/\/imais.online\/portal\/wp-json\/wp\/v2\/posts"}],"about":[{"href":"https:\/\/imais.online\/portal\/wp-json\/wp\/v2\/types\/post"}],"author":[{"embeddable":true,"href":"https:\/\/imais.online\/portal\/wp-json\/wp\/v2\/users\/8"}],"replies":[{"embeddable":true,"href":"https:\/\/imais.online\/portal\/wp-json\/wp\/v2\/comments?post=22242"}],"version-history":[{"count":1,"href":"https:\/\/imais.online\/portal\/wp-json\/wp\/v2\/posts\/22242\/revisions"}],"predecessor-version":[{"id":22244,"href":"https:\/\/imais.online\/portal\/wp-json\/wp\/v2\/posts\/22242\/revisions\/22244"}],"wp:featuredmedia":[{"embeddable":true,"href":"https:\/\/imais.online\/portal\/wp-json\/wp\/v2\/media\/22243"}],"wp:attachment":[{"href":"https:\/\/imais.online\/portal\/wp-json\/wp\/v2\/media?parent=22242"}],"wp:term":[{"taxonomy":"category","embeddable":true,"href":"https:\/\/imais.online\/portal\/wp-json\/wp\/v2\/categories?post=22242"},{"taxonomy":"post_tag","embeddable":true,"href":"https:\/\/imais.online\/portal\/wp-json\/wp\/v2\/tags?post=22242"}],"curies":[{"name":"wp","href":"https:\/\/api.w.org\/{rel}","templated":true}]}}