{"id":22257,"date":"2024-03-21T09:50:37","date_gmt":"2024-03-21T12:50:37","guid":{"rendered":"https:\/\/imais.online\/portal\/?p=22257"},"modified":"2024-03-21T09:50:38","modified_gmt":"2024-03-21T12:50:38","slug":"com-alerta-vermelho-para-regiao-sul-inmet-emite-aviso-de-chuvas-intensas-para-25-estados-e-o-df","status":"publish","type":"post","link":"https:\/\/imais.online\/portal\/com-alerta-vermelho-para-regiao-sul-inmet-emite-aviso-de-chuvas-intensas-para-25-estados-e-o-df\/","title":{"rendered":"Com alerta vermelho para Regi\u00e3o Sul, Inmet emite aviso de chuvas intensas para 25 estados e o DF"},"content":{"rendered":"<div class=\"imais-before-content-placement\" id=\"imais-849087032\"><script async src=\"\/\/pagead2.googlesyndication.com\/pagead\/js\/adsbygoogle.js?client=ca-pub-8787528412751566\" crossorigin=\"anonymous\"><\/script><ins class=\"adsbygoogle\" style=\"display:block;\" data-ad-client=\"ca-pub-8787528412751566\" \ndata-ad-slot=\"\" \ndata-ad-format=\"auto\"><\/ins>\n<script> \n(adsbygoogle = window.adsbygoogle || []).push({}); \n<\/script>\n<\/div>\n<h2 class=\"wp-block-heading\">Popula\u00e7\u00e3o deve entrar em contato com autoridades em caso de acidentes; cidades do RS tiveram ventos de quase 150 km\/h<\/h2>\n\n\n\n<p>Quase todo o pa\u00eds est\u00e1 sob alerta para\u00a0<a rel=\"noreferrer noopener\" href=\"https:\/\/noticias.r7.com\/jr-24h\/boletim-jr-24h\/videos\/frente-fria-deve-provocar-muita-chuva-no-sul-e-sudeste-21032024\" target=\"_blank\">chuvas intensas<\/a>\u00a0e ventos carregados. Os avisos foram emitidos pelo\u00a0<a rel=\"noreferrer noopener\" href=\"https:\/\/noticias.r7.com\/alerta-de-chuvas-intensas-em-diversas-regioes-do-brasil-20032024\" target=\"_blank\">Inmet (Instituto Nacional de Meteorologia)<\/a>\u00a0e variam entre o amarelo (perigo potencial), o vermelho (grande perigo) e o laranja (perigo). A maioria das regi\u00f5es est\u00e1 sob o\u00a0<a rel=\"noreferrer noopener\" href=\"https:\/\/noticias.r7.com\/rio-de-janeiro\/governo-do-rj-emite-alerta-de-chuva-forte-para-todo-estado-a-partir-de-quinta-21-20032024\" target=\"_blank\">alerta laranja<\/a>, com chuvas entre 30 e 60 mil\u00edmetros por hora\u00a0<strong>(confira mapa completo abaixo)<\/strong>.\u00a0A situa\u00e7\u00e3o \u00e9 mais delicada no Sul. O Inmet emitiu nesta quinta-feira (21) alerta de tempestade para algumas regi\u00f5es de Santa Catarina, Paran\u00e1 e Rio Grande do Sul, que enfrentam ventos superiores a 100 km\/h e possibilidade de queda de granizo.<\/p>\n\n\n\n<p>Segundo o instituto, est\u00e3o sob alerta vermelho Serrana, Oeste Catarinense, Vale do Itaja\u00ed, Noroeste Rio-grandense, Grande Florian\u00f3polis, Metropolitana de Porto Alegre, Sudoeste Paranaense, Nordeste Rio-grandense, Sul Catarinense, Centro Oriental Rio-grandense, Oeste Paranaense, Centro-Sul Paranaense<\/p>\n\n\n\n<p>Os t\u00e9cnicos do Inmet alertam, ainda, que na regi\u00e3o Sul h\u00e1 a possibilidade de danos expressivos em edifica\u00e7\u00f5es, cortes de energia el\u00e9trica, estragos em planta\u00e7\u00f5es, quedas de \u00e1rvores, alagamentos e transtornos no transporte rodovi\u00e1rio. O aviso m\u00e1ximo est\u00e1 previsto para acabar ainda nesta quinta, mas pode ser renovado.<\/p>\n\n\n\n<p>Uma ventania nesta madrugada j\u00e1 provocou estados. A cidade de Soledade (RS) registrou ventos de 142 km\/h, enquanto em Cruz Alta (RS), a ventania ficou em 140 km\/h.<\/p>\n\n\n\n<figure class=\"wp-block-image\"><img decoding=\"async\" src=\"https:\/\/img.r7.com\/images\/situacao-clima-brasil-21032024-21032024084651897\" alt=\"\" title=\"\"\/><\/figure>\n\n\n\n<p class=\"has-small-font-size\">REPRODU\u00c7\u00c3O\/INMET &#8211; 21\/03\/2023<\/p>\n\n\n\n<p>Um mesmo estado pode estar sob alertas diferentes, j\u00e1 que o Inmet avalia a situa\u00e7\u00e3o por munic\u00edpios. Ou seja, duas regi\u00f5es do mesmo estado podem ter condi\u00e7\u00f5es clim\u00e1ticas diferentes.<\/p>\n\n\n\n<p><em><strong>Confira a situa\u00e7\u00e3o em cada estado e no DF:<\/strong><\/em><\/p>\n\n\n\n<h3 class=\"wp-block-heading\">Alerta Vermelho<\/h3>\n\n\n\n<p>&#8211; Rio Grande do Sul;<br>&#8211; Paran\u00e1; e<br>&#8211; Santa Catarina.<\/p>\n\n\n\n<h3 class=\"wp-block-heading\">Alerta Laranja<\/h3>\n\n\n\n<p>&#8211; Amazonas;<br>&#8211; Amap\u00e1;<br>&#8211; Distrito Federal;<br>&#8211; Goi\u00e1s;<br>&#8211; Maranh\u00e3o;<br>&#8211; Minas Gerais;<br>&#8211; Mato Grosso do Sul<br>&#8211; Mato Grosso;<br>&#8211; Par\u00e1;<br>&#8211; Rio de Janeiro;<br>&#8211; Roraima;<br>&#8211; Rond\u00f4nia;<br>&#8211; S\u00e3o Paulo; e<br>&#8211; Tocantins.<\/p>\n\n\n\n<h3 class=\"wp-block-heading\">Alerta Amarelo<\/h3>\n\n\n\n<p>&#8211; Acre;<br>&#8211; Amazonas;<br>&#8211; Maranh\u00e3o;<br>&#8211; Minas Gerais;<br>&#8211; Rio de Janeiro;<br>&#8211; Rond\u00f4nia<br>&#8211; S\u00e3o Paulo;<br>&#8211; Bahia;<br>&#8211; Esp\u00edrito Santo<br>&#8211; Mato Grosso;<br>&#8211; Par\u00e1<br>&#8211; Pernambuco;<br>&#8211; Rio Grande do Norte;<br>&#8211; Roraima;<br>&#8211; Amap\u00e1;<br>&#8211; Cear\u00e1;<br>&#8211; Goi\u00e1s;<br>&#8211; Mato Grosso do Sul<br>&#8211; Para\u00edba;<br>&#8211; Piau\u00ed;<br>&#8211; Rio Grande do Sul;<br>&#8211; Santa Catarina; e<br>&#8211; Tocantins.<\/p>\n\n\n\n<figure class=\"wp-block-image\"><img decoding=\"async\" src=\"https:\/\/img.r7.com\/images\/situacao-clima-brasil-21032024-21032024084535769\" alt=\"\" title=\"\"\/><\/figure>\n\n\n\n<p class=\"has-small-font-size\">REPRODU\u00c7\u00c3O\/INMET &#8211; 21\/03\/2023<\/p>\n\n\n\n<h3 class=\"wp-block-heading\">O que fazer em caso de chuvas intensas?<\/h3>\n\n\n\n<p>O Inmet e a Defesa Civil orientam a popula\u00e7\u00e3o a se proteger durante as chuvas com algumas a\u00e7\u00f5es. S\u00e3o elas:<\/p>\n\n\n\n<p>&#8211; Desligue aparelhos el\u00e9tricos e quadro geral de energia.<br>&#8211; Em caso de enxurrada, ou similar, coloque documentos e objetos de valor em sacos pl\u00e1sticos.<br>&#8211; Em caso de situa\u00e7\u00e3o de grande perigo confirmada: Procure abrigo, evite permanecer ao ar livre.<br>&#8211; Em caso de rajadas de vento: (n\u00e3o se abrigue debaixo de \u00e1rvores, pois h\u00e1 risco de queda e descargas el\u00e9tricas e n\u00e3o estacione ve\u00edculos pr\u00f3ximos a torres de transmiss\u00e3o e placas de propaganda)-<br>&#8211; Obtenha mais informa\u00e7\u00f5es junto \u00e0 Defesa Civil (telefone 199) e ao Corpo de Bombeiros (telefone 193).<\/p>\n\n\n\n<p>Fonte R7<\/p>\n","protected":false},"excerpt":{"rendered":"<p>Popula\u00e7\u00e3o deve entrar em contato com autoridades em caso de acidentes; cidades do RS tiveram ventos de quase 150 km\/h Quase todo o pa\u00eds est\u00e1 sob alerta para\u00a0chuvas intensas\u00a0e ventos carregados. Os avisos foram emitidos pelo\u00a0Inmet (Instituto Nacional de Meteorologia)\u00a0e variam entre o amarelo (perigo potencial), o vermelho (grande perigo) e o laranja (perigo). A [&hellip;]<\/p>\n","protected":false},"author":8,"featured_media":22258,"comment_status":"closed","ping_status":"open","sticky":false,"template":"","format":"standard","meta":{"rop_custom_images_group":[],"rop_custom_messages_group":[],"rop_publish_now":"initial","rop_publish_now_accounts":[],"rop_publish_now_history":[],"rop_publish_now_status":"pending","footnotes":""},"categories":[189],"tags":[73],"class_list":["post-22257","post","type-post","status-publish","format-standard","has-post-thumbnail","hentry","category-brasil","tag-featured"],"amp_enabled":true,"_links":{"self":[{"href":"https:\/\/imais.online\/portal\/wp-json\/wp\/v2\/posts\/22257","targetHints":{"allow":["GET"]}}],"collection":[{"href":"https:\/\/imais.online\/portal\/wp-json\/wp\/v2\/posts"}],"about":[{"href":"https:\/\/imais.online\/portal\/wp-json\/wp\/v2\/types\/post"}],"author":[{"embeddable":true,"href":"https:\/\/imais.online\/portal\/wp-json\/wp\/v2\/users\/8"}],"replies":[{"embeddable":true,"href":"https:\/\/imais.online\/portal\/wp-json\/wp\/v2\/comments?post=22257"}],"version-history":[{"count":1,"href":"https:\/\/imais.online\/portal\/wp-json\/wp\/v2\/posts\/22257\/revisions"}],"predecessor-version":[{"id":22259,"href":"https:\/\/imais.online\/portal\/wp-json\/wp\/v2\/posts\/22257\/revisions\/22259"}],"wp:featuredmedia":[{"embeddable":true,"href":"https:\/\/imais.online\/portal\/wp-json\/wp\/v2\/media\/22258"}],"wp:attachment":[{"href":"https:\/\/imais.online\/portal\/wp-json\/wp\/v2\/media?parent=22257"}],"wp:term":[{"taxonomy":"category","embeddable":true,"href":"https:\/\/imais.online\/portal\/wp-json\/wp\/v2\/categories?post=22257"},{"taxonomy":"post_tag","embeddable":true,"href":"https:\/\/imais.online\/portal\/wp-json\/wp\/v2\/tags?post=22257"}],"curies":[{"name":"wp","href":"https:\/\/api.w.org\/{rel}","templated":true}]}}