{"id":22282,"date":"2024-03-28T11:25:06","date_gmt":"2024-03-28T14:25:06","guid":{"rendered":"https:\/\/imais.online\/portal\/?p=22282"},"modified":"2024-03-28T11:25:07","modified_gmt":"2024-03-28T14:25:07","slug":"prefeito-nilson-gaspar-recebe-o-campeao-do-concurso-miss-e-mister-guardas-municipais-do-brasil","status":"publish","type":"post","link":"https:\/\/imais.online\/portal\/prefeito-nilson-gaspar-recebe-o-campeao-do-concurso-miss-e-mister-guardas-municipais-do-brasil\/","title":{"rendered":"Prefeito Nilson Gaspar recebe o campe\u00e3o do Concurso Miss e Mister Guardas Municipais do Brasil"},"content":{"rendered":"<div class=\"imais-before-content-placement\" id=\"imais-145492994\"><script async src=\"\/\/pagead2.googlesyndication.com\/pagead\/js\/adsbygoogle.js?client=ca-pub-8787528412751566\" crossorigin=\"anonymous\"><\/script><ins class=\"adsbygoogle\" style=\"display:block;\" data-ad-client=\"ca-pub-8787528412751566\" \ndata-ad-slot=\"\" \ndata-ad-format=\"auto\"><\/ins>\n<script> \n(adsbygoogle = window.adsbygoogle || []).push({}); \n<\/script>\n<\/div>\n<p><em><small>GCI Gustavo Adriano da Silva, conquistou o t\u00edtulo Mister Guarda Municipal do Brasil durante o IX Congresso Brasileiro de Guardas<\/small><\/em><\/p>\n\n\n\n<p>Na manh\u00e3 desta segunda-feira (25) o prefeito Nilson Gaspar recebeu em seu Gabinete os guardas civis Gustavo Adriano da Silva, Ageu Diaz Rosa e Joana Darc Fernandes Guiraldo, os quais representaram Indaiatuba no&nbsp;Concurso de Miss e Mister Guardas Municipais do Brasil.<\/p>\n\n\n\n<p>O GCI Gustavo conquistou o t\u00edtulo de Mister Guarda Municipal do Brasil e exercer\u00e1 o mandato at\u00e9 a realiza\u00e7\u00e3o de novo concurso. A competi\u00e7\u00e3o foi realizada durante o&nbsp;IX Congresso Brasileiro de Guardas Municipais e Seguran\u00e7a P\u00fablica, nos dias 19, 20 e 21 de mar\u00e7o, no Castelo dos Vinhais, em Vinhedo.<\/p>\n\n\n\n<figure class=\"wp-block-image size-large\"><img loading=\"lazy\" decoding=\"async\" width=\"1024\" height=\"768\" src=\"https:\/\/imais.online\/portal\/wp-content\/uploads\/2024\/03\/image-2-1024x768.jpeg\" alt=\"\" class=\"wp-image-22283\" srcset=\"https:\/\/imais.online\/portal\/wp-content\/uploads\/2024\/03\/image-2-1024x768.jpeg 1024w, https:\/\/imais.online\/portal\/wp-content\/uploads\/2024\/03\/image-2-300x225.jpeg 300w, https:\/\/imais.online\/portal\/wp-content\/uploads\/2024\/03\/image-2-768x576.jpeg 768w, https:\/\/imais.online\/portal\/wp-content\/uploads\/2024\/03\/image-2-1536x1152.jpeg 1536w, https:\/\/imais.online\/portal\/wp-content\/uploads\/2024\/03\/image-2.jpeg 1600w\" sizes=\"auto, (max-width: 1024px) 100vw, 1024px\" \/><\/figure>\n\n\n\n<p><strong>#PraTodosVerem:&nbsp;<\/strong>A imagem mostra ao fundo as bandeiras do estado de S\u00e3o Paulo, do Brasil e de Indaiatuba, com o prefeito Nilson Gaspar de camisa azul clara ao lado dos&nbsp;GCI, fardados com o uniforme azul marinho, Ageu, Joana Darc e Gustavo com a faixa branca e dourada com os dizeres Mister Guarda Civil Municipal categoria \u201cAdulto\u201d 2024. Todos est\u00e3o de bra\u00e7o cruzados.<\/p>\n\n\n\n<p>A Miss e o Mister ser\u00e3o as representantes do IX Congresso Brasileiro de Guardas Municipais e Seguran\u00e7a P\u00fablica em todos os eventos oficiais e em todas as promo\u00e7\u00f5es vinculadas ao evento, realizando a divulga\u00e7\u00e3o do mesmo e desempenhando as atividades determinadas pela Comiss\u00e3o Central Organizadora.<\/p>\n\n\n\n<p class=\"has-small-font-size\"><strong>#PraTodosVerem:\u00a0<\/strong>A imagem mostra ao fundo as bandeiras do estado de S\u00e3o Paulo, do Brasil e de Indaiatuba, com o prefeito Nilson Gaspar de camisa azul clara ao lado do GCI Gustavo com farda azul marinho e a faixa branca e dourada com os dizeres Mister Guarda Civil Municipal categoria \u201cAdulto\u201d 2024. Os dois est\u00e3o fazendo o s\u00edmbolo de joia com o polegar.<\/p>\n","protected":false},"excerpt":{"rendered":"<p>GCI Gustavo Adriano da Silva, conquistou o t\u00edtulo Mister Guarda Municipal do Brasil durante o IX Congresso Brasileiro de Guardas Na manh\u00e3 desta segunda-feira (25) o prefeito Nilson Gaspar recebeu em seu Gabinete os guardas civis Gustavo Adriano da Silva, Ageu Diaz Rosa e Joana Darc Fernandes Guiraldo, os quais representaram Indaiatuba no&nbsp;Concurso de Miss [&hellip;]<\/p>\n","protected":false},"author":8,"featured_media":22284,"comment_status":"closed","ping_status":"open","sticky":false,"template":"","format":"standard","meta":{"rop_custom_images_group":[],"rop_custom_messages_group":[],"rop_publish_now":"initial","rop_publish_now_accounts":[],"rop_publish_now_history":[],"rop_publish_now_status":"pending","footnotes":""},"categories":[188],"tags":[],"class_list":["post-22282","post","type-post","status-publish","format-standard","has-post-thumbnail","hentry","category-indaiatuba"],"amp_enabled":true,"_links":{"self":[{"href":"https:\/\/imais.online\/portal\/wp-json\/wp\/v2\/posts\/22282","targetHints":{"allow":["GET"]}}],"collection":[{"href":"https:\/\/imais.online\/portal\/wp-json\/wp\/v2\/posts"}],"about":[{"href":"https:\/\/imais.online\/portal\/wp-json\/wp\/v2\/types\/post"}],"author":[{"embeddable":true,"href":"https:\/\/imais.online\/portal\/wp-json\/wp\/v2\/users\/8"}],"replies":[{"embeddable":true,"href":"https:\/\/imais.online\/portal\/wp-json\/wp\/v2\/comments?post=22282"}],"version-history":[{"count":1,"href":"https:\/\/imais.online\/portal\/wp-json\/wp\/v2\/posts\/22282\/revisions"}],"predecessor-version":[{"id":22285,"href":"https:\/\/imais.online\/portal\/wp-json\/wp\/v2\/posts\/22282\/revisions\/22285"}],"wp:featuredmedia":[{"embeddable":true,"href":"https:\/\/imais.online\/portal\/wp-json\/wp\/v2\/media\/22284"}],"wp:attachment":[{"href":"https:\/\/imais.online\/portal\/wp-json\/wp\/v2\/media?parent=22282"}],"wp:term":[{"taxonomy":"category","embeddable":true,"href":"https:\/\/imais.online\/portal\/wp-json\/wp\/v2\/categories?post=22282"},{"taxonomy":"post_tag","embeddable":true,"href":"https:\/\/imais.online\/portal\/wp-json\/wp\/v2\/tags?post=22282"}],"curies":[{"name":"wp","href":"https:\/\/api.w.org\/{rel}","templated":true}]}}