{"id":22286,"date":"2024-03-28T11:28:22","date_gmt":"2024-03-28T14:28:22","guid":{"rendered":"https:\/\/imais.online\/portal\/?p=22286"},"modified":"2024-03-28T11:28:23","modified_gmt":"2024-03-28T14:28:23","slug":"prefeitura-de-indaiatuba-divulga-servicos-de-plantao-durante-o-feriado-de-pascoa","status":"publish","type":"post","link":"https:\/\/imais.online\/portal\/prefeitura-de-indaiatuba-divulga-servicos-de-plantao-durante-o-feriado-de-pascoa\/","title":{"rendered":"Prefeitura de Indaiatuba divulga servi\u00e7os de plant\u00e3o durante o feriado de P\u00e1scoa"},"content":{"rendered":"<div class=\"imais-before-content-placement\" id=\"imais-1797471050\"><script async src=\"\/\/pagead2.googlesyndication.com\/pagead\/js\/adsbygoogle.js?client=ca-pub-8787528412751566\" crossorigin=\"anonymous\"><\/script><ins class=\"adsbygoogle\" style=\"display:block;\" data-ad-client=\"ca-pub-8787528412751566\" \ndata-ad-slot=\"\" \ndata-ad-format=\"auto\"><\/ins>\n<script> \n(adsbygoogle = window.adsbygoogle || []).push({}); \n<\/script>\n<\/div>\n<p><em><small>Servi\u00e7os de emerg\u00eancia ser\u00e3o mantidos em sistema de plant\u00e3o<\/small><\/em><\/p>\n\n\n\n<p>A Prefeitura de Indaiatuba informa como funcionar\u00e3o os servi\u00e7os p\u00fablicos no feriado de P\u00e1scoa. O Pa\u00e7o Municipal, autarquias, funda\u00e7\u00f5es e o Ponto Cidad\u00e3o n\u00e3o abrir\u00e3o na sexta-feira (29\/3). Os servi\u00e7os essenciais, como unidades de pronto atendimento de sa\u00fade, guarda civil, coleta de lixo e tr\u00e2nsito ser\u00e3o mantidos em sistema de plant\u00e3o.<\/p>\n\n\n\n<p>Na Secretaria Municipal de Sa\u00fade o plant\u00e3o funcionar\u00e1 para urg\u00eancia e emerg\u00eancia na UPA-24h (Unidade de Pronto Atendimento) e no Haoc (Hospital Augusto de Oliveira Camargo). O plant\u00e3o odontol\u00f3gico, que tamb\u00e9m \u00e9&nbsp;realizado na UPA, estar\u00e1 dispon\u00edvel das 7h \u00e0s 19h.<\/p>\n\n\n\n<p>Os atendimentos da Telemedicina para casos suspeitos de dengue e de Covid-19 seguem funcionando de segunda a domingo, das 8h \u00e0s 20h. Podem ser atendidos pacientes&nbsp;a partir dos 18 anos,&nbsp;com cadastro nas UBSs (Unidades B\u00e1sicas de Sa\u00fade) de Indaiatuba, atrav\u00e9s da plataforma Minha Indaiatuba. Gestantes, menores de idade e pacientes sem passagem por UBS h\u00e1 menos de um ano devem buscar atendimento pessoalmente.<\/p>\n\n\n\n<p>As equipes de plant\u00e3o do Servi\u00e7o Aut\u00f4nomo de \u00c1gua e Esgoto (Saae) far\u00e3o o atendimento emergencial da popula\u00e7\u00e3o pelo telefone 0800-7722195. A Secretaria de Obras e Vias P\u00fablicas manter\u00e1 de plant\u00e3o as equipes de el\u00e9trica e tr\u00e2nsito. O telefone da Guarda para emerg\u00eancia \u00e9 153, da Pol\u00edcia Militar \u00e9 190, do Corpo de Bombeiros, 193 e da Central de Ambul\u00e2ncias 192.<\/p>\n\n\n\n<p>Na Secretaria de Servi\u00e7os Urbanos e Meio Ambiente os Ecopontos do Jardim Jo\u00e3o Pioli, Jardim Eldorado e Jardim Olinda funcionar\u00e3o normalmente, das 7h \u00e0s 19h.<\/p>\n\n\n\n<p>O Ponto Verde &#8211; Feira de Agricultura Familiar de Indaiatuba \u201cAgenor Tachinardi\u201d abrir\u00e1 no s\u00e1bado (30\/3), das 8h \u00e0s 13h e n\u00e3o funcionar\u00e1 no Domingo de P\u00e1scoa (31\/3).<\/p>\n\n\n\n<p>O Ponto Azul n\u00e3o funciona na Sexta-feira Santa (29\/3), mas estar\u00e1 aberto no s\u00e1bado, das 9h \u00e0s18h e no domingo, das 9h \u00e0s 13h.<\/p>\n\n\n\n<p>Os boxes comerciais do Terminal Rodovi\u00e1rio &#8220;Vereador Maur\u00edlio Gon\u00e7alves Pinto&#8221; funcionar\u00e3o em hor\u00e1rio normal, das 8h \u00e0s 18h. A rodovi\u00e1ria funciona das 4h30 \u00e0s 0h.<\/p>\n\n\n\n<p><strong>Lazer<\/strong><strong><\/strong><\/p>\n\n\n\n<p>O Bosque do Saber estar\u00e1 aberto de sexta a domingo, das 9h \u00e0s 16h. Os visitantes podem passear pela trilha ecol\u00f3gica, quiosques e parquinho infantil. N\u00e3o \u00e9 necess\u00e1rio agendamento pr\u00e9vio, mas \u00e9 preciso respeitar o Regimento Interno, o qual pode ser conferido no link&nbsp;&nbsp;https:\/\/www.indaiatuba.sp.gov.br\/educacao\/bosque-do-saber\/.<\/p>\n\n\n\n<p>O Projeto Ecobike, que disponibiliza gratuitamente bicicletas ecol\u00f3gicas, n\u00e3o funcionar\u00e1 na Sexta-Feira Santa (29\/3) e no Domingo de P\u00e1scoa (31\/3), mas as esta\u00e7\u00f5es da Prefeitura e da Guarda Municipal estar\u00e3o abertas no s\u00e1bado, das 8h \u00e0s 12h e das 13h \u00e0s 17h.<\/p>\n\n\n\n<p>O Parque da Crian\u00e7a, na parte das piscinas, n\u00e3o estar\u00e1 aberto no feriado de sexta. Para aproveitar as atra\u00e7\u00f5es aqu\u00e1ticas no s\u00e1bado e domingo \u00e9 necess\u00e1rio se cadastrar e agendar as visitas pelo site da Prefeitura \u2013 www.indaiatuba.sp.gov.br\/parque-da-crianca\/. O hor\u00e1rio de funcionamento das piscinas \u00e9 das 9h \u00e0s 12h e das 13h30 \u00e0s 16h30. A \u00e1rea seca tamb\u00e9m funcionar\u00e1 somente no s\u00e1bado e domingo, das 8h \u00e0s 18h.<\/p>\n\n\n\n<p>O Parque do Mirim estar\u00e1 aberto todos os dias do feriado. O espa\u00e7o funciona, das 6h \u00e0s 20h, podendo permanecer no local at\u00e9 as 21h. O Museu da \u00c1gua tamb\u00e9m estar\u00e1 aberto na sexta, s\u00e1bado e domingo, das 9h \u00e0s 16h, podendo permanecer at\u00e9 as 17h. Os visitantes podem apreciar toda a \u00e1rea externa, inclusive a bica.<\/p>\n\n\n\n<p>A Pista de Skate funcionar\u00e1 sexta, s\u00e1bado e domingo, das 8h \u00e0s 21h. A Pista de Atletismo do Centro Esportivo estar\u00e1 aberta todos os dias das 6h \u00e0s 20h.<\/p>\n\n\n\n<p>O Museu Municipal \u201cAnt\u00f4nio Reginaldo Geiss\u201d \u2013 Casar\u00e3o Pau Preto, o Museu Ferrovi\u00e1rio, o PIT (Ponto de Informa\u00e7\u00e3o Tur\u00edstica) e Casa da Mem\u00f3ria Jos\u00e9 Luiz Sigrist, onde funciona a Biblioteca Municipal n\u00e3o abrir\u00e3o no feriado de P\u00e1scoa, mas o acesso \u00e0 plataforma onde est\u00e1 a locomotiva estar\u00e1 aberto para visita\u00e7\u00e3o das 9h \u00e0s 12h, na sexta, s\u00e1bado e domingo.<\/p>\n\n\n\n<p class=\"has-small-font-size\"><strong>#PraTodosVerem:\u00a0<\/strong>#PraTodosVerem Arte de divulga\u00e7\u00e3o da Prefeitura de Indaiatuba, com fundo azul, tarja laranja superior escrito Servi\u00e7os de Plant\u00e3o, abaixo v\u00e1rios logos representando os servi\u00e7os de tr\u00e2nsito, sa\u00fade, \u00e1gua, Guarda Civil, ambul\u00e2ncia e obras. Fim da descri\u00e7\u00e3o.<\/p>\n","protected":false},"excerpt":{"rendered":"<p>Servi\u00e7os de emerg\u00eancia ser\u00e3o mantidos em sistema de plant\u00e3o A Prefeitura de Indaiatuba informa como funcionar\u00e3o os servi\u00e7os p\u00fablicos no feriado de P\u00e1scoa. O Pa\u00e7o Municipal, autarquias, funda\u00e7\u00f5es e o Ponto Cidad\u00e3o n\u00e3o abrir\u00e3o na sexta-feira (29\/3). Os servi\u00e7os essenciais, como unidades de pronto atendimento de sa\u00fade, guarda civil, coleta de lixo e tr\u00e2nsito ser\u00e3o [&hellip;]<\/p>\n","protected":false},"author":8,"featured_media":22287,"comment_status":"closed","ping_status":"open","sticky":false,"template":"","format":"standard","meta":{"rop_custom_images_group":[],"rop_custom_messages_group":[],"rop_publish_now":"initial","rop_publish_now_accounts":[],"rop_publish_now_history":[],"rop_publish_now_status":"pending","footnotes":""},"categories":[188],"tags":[73],"class_list":["post-22286","post","type-post","status-publish","format-standard","has-post-thumbnail","hentry","category-indaiatuba","tag-featured"],"amp_enabled":true,"_links":{"self":[{"href":"https:\/\/imais.online\/portal\/wp-json\/wp\/v2\/posts\/22286","targetHints":{"allow":["GET"]}}],"collection":[{"href":"https:\/\/imais.online\/portal\/wp-json\/wp\/v2\/posts"}],"about":[{"href":"https:\/\/imais.online\/portal\/wp-json\/wp\/v2\/types\/post"}],"author":[{"embeddable":true,"href":"https:\/\/imais.online\/portal\/wp-json\/wp\/v2\/users\/8"}],"replies":[{"embeddable":true,"href":"https:\/\/imais.online\/portal\/wp-json\/wp\/v2\/comments?post=22286"}],"version-history":[{"count":1,"href":"https:\/\/imais.online\/portal\/wp-json\/wp\/v2\/posts\/22286\/revisions"}],"predecessor-version":[{"id":22288,"href":"https:\/\/imais.online\/portal\/wp-json\/wp\/v2\/posts\/22286\/revisions\/22288"}],"wp:featuredmedia":[{"embeddable":true,"href":"https:\/\/imais.online\/portal\/wp-json\/wp\/v2\/media\/22287"}],"wp:attachment":[{"href":"https:\/\/imais.online\/portal\/wp-json\/wp\/v2\/media?parent=22286"}],"wp:term":[{"taxonomy":"category","embeddable":true,"href":"https:\/\/imais.online\/portal\/wp-json\/wp\/v2\/categories?post=22286"},{"taxonomy":"post_tag","embeddable":true,"href":"https:\/\/imais.online\/portal\/wp-json\/wp\/v2\/tags?post=22286"}],"curies":[{"name":"wp","href":"https:\/\/api.w.org\/{rel}","templated":true}]}}