{"id":22292,"date":"2024-03-28T11:31:55","date_gmt":"2024-03-28T14:31:55","guid":{"rendered":"https:\/\/imais.online\/portal\/?p=22292"},"modified":"2024-03-28T11:31:56","modified_gmt":"2024-03-28T14:31:56","slug":"fiec-realiza-aula-inaugural-do-programa-de-inclusao-digital","status":"publish","type":"post","link":"https:\/\/imais.online\/portal\/fiec-realiza-aula-inaugural-do-programa-de-inclusao-digital\/","title":{"rendered":"Fiec realiza aula inaugural do Programa de Inclus\u00e3o Digital"},"content":{"rendered":"<div class=\"imais-before-content-placement\" id=\"imais-2822183570\"><script async src=\"\/\/pagead2.googlesyndication.com\/pagead\/js\/adsbygoogle.js?client=ca-pub-8787528412751566\" crossorigin=\"anonymous\"><\/script><ins class=\"adsbygoogle\" style=\"display:block;\" data-ad-client=\"ca-pub-8787528412751566\" \ndata-ad-slot=\"\" \ndata-ad-format=\"auto\"><\/ins>\n<script> \n(adsbygoogle = window.adsbygoogle || []).push({}); \n<\/script>\n<\/div>\n<p><em><small>Participaram da aula 92 alunos<\/small><\/em><\/p>\n\n\n\n<p>No dia 25 de mar\u00e7o, a Funda\u00e7\u00e3o Indaiatubana de Educa\u00e7\u00e3o e Cultura (FIEC), realizou a Aula Inaugural para a nova turma do Programa de Inclus\u00e3o Digital &#8211; Polo FIEC. O Programa de Inclus\u00e3o Digital, desenvolvido pela FIEC \u00e9 um dos maiores do Estado de S\u00e3o Paulo, atendendo alunos em diversos Polos de Indaiatuba. O programa fornece aos mun\u00edcipes o acesso a informa\u00e7\u00e3o, atrav\u00e9s de aulas com fundamentos b\u00e1sicos, intermedi\u00e1rio e avan\u00e7ado de inform\u00e1tica. O programa tamb\u00e9m possibilita a inser\u00e7\u00e3o de alunos do curso no mercado de trabalho. Estiveram presentes o Prefeito Nilson Gaspar, o Superintendente da Fiec, Geraldo Garcia, a Diretora Pedag\u00f3gica, Nilza Chavier, a Vice-Diretora, Marta B\u00e9rgamo, Diretora de Educa\u00e7\u00e3o e Cultura, Eliane Geiss, o Prof\u00ba Samuel Moreira da Silva &#8211; Coordenador do Curso, Maria Celine Luz \u2013 Respons\u00e1vel pelo Programa de Inclus\u00e3o Digital &nbsp;e o Prof\u00ba Robson Schiavinato Silva, Professor de Inform\u00e1tica.<\/p>\n\n\n\n<p>O Prefeito Nilson Gaspar, em sua fala, ressaltou a necessidade que o mercado tem em m\u00e3o de obra qualificada na \u00e1rea de inform\u00e1tica, que n\u00e3o existe idade para o aprendizado e enfatizou a import\u00e2ncia da FIEC no ensino 4.0. que visa atender as Industrias 4.0. &nbsp;O superintendente Geraldo Garcia deu boas-vindas aos novos alunos, falou sobre a import\u00e2ncia dos cursos oferecidos pela FIEC para o mun\u00edcipe e para as empresas e pediu dedica\u00e7\u00e3o &nbsp;de todos.<\/p>\n\n\n\n<p>Programa de Inclus\u00e3o Digital ter\u00e1 continuidade no dia 27 de mar\u00e7o com in\u00edcio as aulas no Polo Casa da Provid\u00eancia para 55 alunos e no Polo Comunidade Independente (JANUBA) para 26 alunos, no dia 28 de mar\u00e7o no Polo Espa\u00e7o Bem Viver para 50 alunos.\u00a0\u00a0<\/p>\n\n\n\n<p class=\"has-small-font-size\"><strong>#PraTodosVerem:\u00a0<\/strong>Foto colorida mostrando os alunos sentados no audit\u00f3rio da FIEC, de p\u00e9, no corredor e pr\u00f3ximo a primeira fileira de cadeiras, est\u00e1 o Prefeito Nilson Gaspar, com um microfone na m\u00e3o, dando as boas-vindas aos alunos. Fim da Descri\u00e7\u00e3o.<\/p>\n","protected":false},"excerpt":{"rendered":"<p>Participaram da aula 92 alunos No dia 25 de mar\u00e7o, a Funda\u00e7\u00e3o Indaiatubana de Educa\u00e7\u00e3o e Cultura (FIEC), realizou a Aula Inaugural para a nova turma do Programa de Inclus\u00e3o Digital &#8211; Polo FIEC. O Programa de Inclus\u00e3o Digital, desenvolvido pela FIEC \u00e9 um dos maiores do Estado de S\u00e3o Paulo, atendendo alunos em diversos [&hellip;]<\/p>\n","protected":false},"author":8,"featured_media":22293,"comment_status":"closed","ping_status":"open","sticky":false,"template":"","format":"standard","meta":{"rop_custom_images_group":[],"rop_custom_messages_group":[],"rop_publish_now":"initial","rop_publish_now_accounts":[],"rop_publish_now_history":[],"rop_publish_now_status":"pending","footnotes":""},"categories":[188],"tags":[],"class_list":["post-22292","post","type-post","status-publish","format-standard","has-post-thumbnail","hentry","category-indaiatuba"],"amp_enabled":true,"_links":{"self":[{"href":"https:\/\/imais.online\/portal\/wp-json\/wp\/v2\/posts\/22292","targetHints":{"allow":["GET"]}}],"collection":[{"href":"https:\/\/imais.online\/portal\/wp-json\/wp\/v2\/posts"}],"about":[{"href":"https:\/\/imais.online\/portal\/wp-json\/wp\/v2\/types\/post"}],"author":[{"embeddable":true,"href":"https:\/\/imais.online\/portal\/wp-json\/wp\/v2\/users\/8"}],"replies":[{"embeddable":true,"href":"https:\/\/imais.online\/portal\/wp-json\/wp\/v2\/comments?post=22292"}],"version-history":[{"count":1,"href":"https:\/\/imais.online\/portal\/wp-json\/wp\/v2\/posts\/22292\/revisions"}],"predecessor-version":[{"id":22294,"href":"https:\/\/imais.online\/portal\/wp-json\/wp\/v2\/posts\/22292\/revisions\/22294"}],"wp:featuredmedia":[{"embeddable":true,"href":"https:\/\/imais.online\/portal\/wp-json\/wp\/v2\/media\/22293"}],"wp:attachment":[{"href":"https:\/\/imais.online\/portal\/wp-json\/wp\/v2\/media?parent=22292"}],"wp:term":[{"taxonomy":"category","embeddable":true,"href":"https:\/\/imais.online\/portal\/wp-json\/wp\/v2\/categories?post=22292"},{"taxonomy":"post_tag","embeddable":true,"href":"https:\/\/imais.online\/portal\/wp-json\/wp\/v2\/tags?post=22292"}],"curies":[{"name":"wp","href":"https:\/\/api.w.org\/{rel}","templated":true}]}}