{"id":22298,"date":"2024-03-28T11:39:50","date_gmt":"2024-03-28T14:39:50","guid":{"rendered":"https:\/\/imais.online\/portal\/?p=22298"},"modified":"2024-03-28T11:39:51","modified_gmt":"2024-03-28T14:39:51","slug":"correios-tem-prejuizo-de-r-597-milhoes-em-2023-indica-relatorio","status":"publish","type":"post","link":"https:\/\/imais.online\/portal\/correios-tem-prejuizo-de-r-597-milhoes-em-2023-indica-relatorio\/","title":{"rendered":"Correios t\u00eam preju\u00edzo de R$ 597 milh\u00f5es em 2023, indica relat\u00f3rio"},"content":{"rendered":"<div class=\"imais-before-content-placement\" id=\"imais-537522047\"><script async src=\"\/\/pagead2.googlesyndication.com\/pagead\/js\/adsbygoogle.js?client=ca-pub-8787528412751566\" crossorigin=\"anonymous\"><\/script><ins class=\"adsbygoogle\" style=\"display:block;\" data-ad-client=\"ca-pub-8787528412751566\" \ndata-ad-slot=\"\" \ndata-ad-format=\"auto\"><\/ins>\n<script> \n(adsbygoogle = window.adsbygoogle || []).push({}); \n<\/script>\n<\/div>\n<h2 class=\"wp-block-heading\">Valor representa\u00a0uma redu\u00e7\u00e3o de 22% em rela\u00e7\u00e3o ao rombo observado no ano anterior, quando o preju\u00edzo foi de R$ 768 milh\u00f5es<\/h2>\n\n\n\n<p>Os Correios registraram um preju\u00edzo de R$ 597 milh\u00f5es em 2023, uma redu\u00e7\u00e3o de 22% em rela\u00e7\u00e3o ao rombo observado no ano anterior, quando o preju\u00edzo foi de R$ 768 milh\u00f5es. O resultado consta de relat\u00f3rio divulgado pela estatal na madrugada desta quinta-feira (28).<\/p>\n\n\n\n<p>Segundo o balan\u00e7o, a receita total dos Correios no ano passado foi de R$ 21,6 bilh\u00f5es, uma redu\u00e7\u00e3o de 1,83% na compara\u00e7\u00e3o com 2022.<\/p>\n\n\n\n<p>As despesas totais da empresa tamb\u00e9m tiveram redu\u00e7\u00e3o, passando de R$ 22,8 bilh\u00f5es, em 2022, para R$ 22,2 bilh\u00f5es, em 2023, uma queda de 2,52%.<\/p>\n\n\n\n<p>No ano passado, os Correios investiram R$ 755,5 milh\u00f5es, distribu\u00eddos entre a\u00e7\u00f5es que integram os programas tem\u00e1ticos e de gest\u00e3o do ciclo do Plano Plurianual. O valor representa uma redu\u00e7\u00e3o de 0,4% na compara\u00e7\u00e3o com 2022.<\/p>\n\n\n\n<p>Entre os destaques, o relat\u00f3rio aponta:<\/p>\n\n\n\n<p>\u2022 valoriza\u00e7\u00e3o dos empregados, com reposi\u00e7\u00e3o de benef\u00edcios suprimidos anteriormente e aumento salarial, motivando a for\u00e7a de trabalho na continuidade da presta\u00e7\u00e3o de servi\u00e7os com a qualidade requerida pelos nossos clientes;<\/p>\n\n\n\n<p>\u2022 crescimento de\u00a023,2% das\u00a0receitas no segmento internacional, devido \u00e0s a\u00e7\u00f5es voltadas ao atendimento das necessidades dos marketplaces, \u00e0 melhoria da experi\u00eancia dos clientes, al\u00e9m da maior efici\u00eancia das entregas realizadas pela empresa;<\/p>\n\n\n\n<p>\u2022\u00a0renova\u00e7\u00e3o da frota pr\u00f3pria de distribui\u00e7\u00e3o: aquisi\u00e7\u00e3o de 3.176 ve\u00edculos, de 1.753 bicicletas cargo com ba\u00fa e de 307 bicicletas el\u00e9tricas, representando um investimento de R$ 364 milh\u00f5es;<\/p>\n\n\n\n<p>\u2022 cria\u00e7\u00e3o de novos trechos, com redu\u00e7\u00e3o de prazos da entrega, aumentando a competitividade dos servi\u00e7os de encomendas nacionais, especialmente do Sedex;<\/p>\n\n\n\n<p>\u2022 avan\u00e7o na plataforma digital Correios Empresas para atender \u00e0s necessidades das pequenas e m\u00e9dias empresas de forma \u00e1gil, confi\u00e1vel, escal\u00e1vel e segura;<\/p>\n\n\n\n<p>\u2022 cria\u00e7\u00e3o e atualiza\u00e7\u00e3o de mais de 90 mil CEPs (C\u00f3digos de Endere\u00e7amento Postal), em mais de 120 localidades (aumento de 65 localidades, em rela\u00e7\u00e3o a 2022), beneficiando mais de cinco milh\u00f5es de habitantes.<\/p>\n\n\n\n<p>Fonte R7<\/p>\n\n\n\n<p><\/p>\n","protected":false},"excerpt":{"rendered":"<p>Valor representa\u00a0uma redu\u00e7\u00e3o de 22% em rela\u00e7\u00e3o ao rombo observado no ano anterior, quando o preju\u00edzo foi de R$ 768 milh\u00f5es Os Correios registraram um preju\u00edzo de R$ 597 milh\u00f5es em 2023, uma redu\u00e7\u00e3o de 22% em rela\u00e7\u00e3o ao rombo observado no ano anterior, quando o preju\u00edzo foi de R$ 768 milh\u00f5es. O resultado consta [&hellip;]<\/p>\n","protected":false},"author":8,"featured_media":22299,"comment_status":"closed","ping_status":"open","sticky":false,"template":"","format":"standard","meta":{"rop_custom_images_group":[],"rop_custom_messages_group":[],"rop_publish_now":"initial","rop_publish_now_accounts":[],"rop_publish_now_history":[],"rop_publish_now_status":"pending","footnotes":""},"categories":[192],"tags":[],"class_list":["post-22298","post","type-post","status-publish","format-standard","has-post-thumbnail","hentry","category-economia"],"amp_enabled":true,"_links":{"self":[{"href":"https:\/\/imais.online\/portal\/wp-json\/wp\/v2\/posts\/22298","targetHints":{"allow":["GET"]}}],"collection":[{"href":"https:\/\/imais.online\/portal\/wp-json\/wp\/v2\/posts"}],"about":[{"href":"https:\/\/imais.online\/portal\/wp-json\/wp\/v2\/types\/post"}],"author":[{"embeddable":true,"href":"https:\/\/imais.online\/portal\/wp-json\/wp\/v2\/users\/8"}],"replies":[{"embeddable":true,"href":"https:\/\/imais.online\/portal\/wp-json\/wp\/v2\/comments?post=22298"}],"version-history":[{"count":1,"href":"https:\/\/imais.online\/portal\/wp-json\/wp\/v2\/posts\/22298\/revisions"}],"predecessor-version":[{"id":22300,"href":"https:\/\/imais.online\/portal\/wp-json\/wp\/v2\/posts\/22298\/revisions\/22300"}],"wp:featuredmedia":[{"embeddable":true,"href":"https:\/\/imais.online\/portal\/wp-json\/wp\/v2\/media\/22299"}],"wp:attachment":[{"href":"https:\/\/imais.online\/portal\/wp-json\/wp\/v2\/media?parent=22298"}],"wp:term":[{"taxonomy":"category","embeddable":true,"href":"https:\/\/imais.online\/portal\/wp-json\/wp\/v2\/categories?post=22298"},{"taxonomy":"post_tag","embeddable":true,"href":"https:\/\/imais.online\/portal\/wp-json\/wp\/v2\/tags?post=22298"}],"curies":[{"name":"wp","href":"https:\/\/api.w.org\/{rel}","templated":true}]}}