{"id":22301,"date":"2024-03-28T11:45:21","date_gmt":"2024-03-28T14:45:21","guid":{"rendered":"https:\/\/imais.online\/portal\/?p=22301"},"modified":"2024-03-28T11:45:22","modified_gmt":"2024-03-28T14:45:22","slug":"saiba-como-usar-o-e-titulo-que-permite-votar-justificar-ausencia-e-verificar-situacao-junto-ao-tse","status":"publish","type":"post","link":"https:\/\/imais.online\/portal\/saiba-como-usar-o-e-titulo-que-permite-votar-justificar-ausencia-e-verificar-situacao-junto-ao-tse\/","title":{"rendered":"Saiba como usar o e-T\u00edtulo, que permite votar, justificar aus\u00eancia e verificar situa\u00e7\u00e3o junto ao TSE"},"content":{"rendered":"<div class=\"imais-before-content-placement\" id=\"imais-2604192984\"><script async src=\"\/\/pagead2.googlesyndication.com\/pagead\/js\/adsbygoogle.js?client=ca-pub-8787528412751566\" crossorigin=\"anonymous\"><\/script><ins class=\"adsbygoogle\" style=\"display:block;\" data-ad-client=\"ca-pub-8787528412751566\" \ndata-ad-slot=\"\" \ndata-ad-format=\"auto\"><\/ins>\n<script> \n(adsbygoogle = window.adsbygoogle || []).push({}); \n<\/script>\n<\/div>\n<h2 class=\"wp-block-heading\">Dispositivo digital com foto foi implementado em 2020; primeiro turno das elei\u00e7\u00f5es municipais de 2024 acontece em 6 de outubro<\/h2>\n\n\n\n<p>O e-T\u00edtulo, a vers\u00e3o digital do t\u00edtulo de eleitor, \u00e9 uma inova\u00e7\u00e3o que facilita a participa\u00e7\u00e3o no\u00a0<a rel=\"noreferrer noopener\" href=\"https:\/\/noticias.r7.com\/brasilia\/eleitores-em-outubro-vao-escolher-prefeitos-e-vereadores-de-5568-municipios-do-pais-27032024\" target=\"_blank\">processo eleitoral<\/a>\u00a0brasileiro desde sua implementa\u00e7\u00e3o em 2020. O dispositivo permite aos eleitores verificar o status de seu documento e justificar aus\u00eancias em\u00a0<a rel=\"noreferrer noopener\" href=\"https:\/\/noticias.r7.com\/brasilia\/videos\/lula-diz-que-bolsonaro-entrou-em-parafuso-apos-derrota-nas-eleicoes-de-2022-veja-video-31102023\" target=\"_blank\">pleitos passados<\/a>. O documento digital tamb\u00e9m pode ser utilizado como identifica\u00e7\u00e3o no\u00a0<a rel=\"noreferrer noopener\" href=\"https:\/\/noticias.r7.com\/brasilia\/tse-aprova-normas-para-2024-e-veda-uso-de-deep-fake-nas-eleicoes-municipais-27022024\" target=\"_blank\">dia da vota\u00e7\u00e3o, que em 2024<\/a>\u00a0acontece em mais de 5.568 munic\u00edpios, em 6 de outubro.<\/p>\n\n\n\n<p>O e-T\u00edtulo pode ser utilizado como documento de identifica\u00e7\u00e3o para votar, desde que contenha a fotografia do eleitor. \u00c9 fundamental verificar se a sua foto est\u00e1 vis\u00edvel no aplicativo antes do fechamento do cadastro eleitoral, que ocorre em 8 de maio. Caso contr\u00e1rio, ser\u00e1 necess\u00e1rio tomar as provid\u00eancias para garantir a presen\u00e7a da foto no e-T\u00edtulo.<\/p>\n\n\n\n<p><strong>Como baixar o aplicativo e-T\u00edtulo:<\/strong><\/p>\n\n\n\n<p>1. Dirija-se \u00e0 loja de aplicativos de seu telefone e procure por \u201ce-T\u00edtulo\u201d;<br>2. Fa\u00e7a o download e abra o aplicativo;<br>3. Inicie o aplicativo e selecione a op\u00e7\u00e3o &#8220;Come\u00e7ar no e-T\u00edtulo&#8221;;<br>4. Aceite os termos apresentados para prosseguir;<br>5. Insira seus dados pessoais e clique em &#8220;Entrar no e-T\u00edtulo&#8221;;<br>6. Responda \u00e0s perguntas de verifica\u00e7\u00e3o;<br>7. Digite sua senha para acessar o aplicativo;<br>8. Visualize suas informa\u00e7\u00f5es relacionadas ao T\u00edtulo de Eleitor Digital.<\/p>\n\n\n\n<p><strong>Como votar usando o e-t\u00edtulo:<\/strong><\/p>\n\n\n\n<p>Apresente o e-T\u00edtulo no dia da vota\u00e7\u00e3o, se sua biometria estiver registrada. Caso contr\u00e1rio, tenha-o em conjunto com um documento oficial com foto.<\/p>\n\n\n\n<p><strong>Como justificar o voto utilizando o e-t\u00edtulo:<\/strong><\/p>\n\n\n\n<p>Caso n\u00e3o tenha comparecido \u00e0s \u00faltimas elei\u00e7\u00f5es, acesse o sistema &#8220;Justifica do TSE&#8221; e siga as instru\u00e7\u00f5es. Voc\u00ea precisa informar seu n\u00famero de t\u00edtulo de eleitor, nome completo e data de nascimento.<\/p>\n\n\n\n<p><strong>Outros documentos aceitos para vota\u00e7\u00e3o:<\/strong><\/p>\n\n\n\n<p>Com o cadastro eleitoral em dia, confira quais documentos voc\u00ea pode levar para votar. O documento deve ser oficial e conter foto (tanto na via impressa quanto na digital):<\/p>\n\n\n\n<p>\u2022 e-T\u00edtulo;<br>\u2022 Carteira de identidade;<br>\u2022 Identidade social (para pessoas trans e travestis);<br>\u2022 Passaporte ou outro documento de valor legal equivalente;<br>\u2022 Carteira de categoria profissional reconhecida por lei;<br>\u2022 Certificado de reservista;<br>\u2022 Carteira de trabalho; e<br>\u2022 Carteira Nacional de Habilita\u00e7\u00e3o.<\/p>\n\n\n\n<p>Vale lembrar que esses documentos oficiais s\u00e3o aceitos para votar mesmo fora da validade. O importante \u00e9 estar leg\u00edvel e conter a foto. Por exemplo: a via impressa da carteira de trabalho \u00e9 aceita; a via digital deste documento n\u00e3o pode comprovar a identidade do eleitor, pois n\u00e3o cont\u00e9m fotografia.<\/p>\n\n\n\n<p><strong>Elei\u00e7\u00f5es Municipais de 2024<\/strong><\/p>\n\n\n\n<p>O 1\u00ba turno das elei\u00e7\u00f5es municipais de 2024 acontece em 6 de outubro. A estimativa do TSE \u00e9 de que 153 milh\u00f5es de eleitores v\u00e3o \u00e0s urnas escolher prefeitos e vereadores. Caso necess\u00e1rio, o 2\u00ba turno ocorrer\u00e1 em 27 do mesmo m\u00eas (em munic\u00edpios com mais de 200 mil eleitores). Por isso, \u00e9 importante deixar tudo certo para o dia da vota\u00e7\u00e3o.<\/p>\n\n\n\n<p>Fonte R7<\/p>\n","protected":false},"excerpt":{"rendered":"<p>Dispositivo digital com foto foi implementado em 2020; primeiro turno das elei\u00e7\u00f5es municipais de 2024 acontece em 6 de outubro O e-T\u00edtulo, a vers\u00e3o digital do t\u00edtulo de eleitor, \u00e9 uma inova\u00e7\u00e3o que facilita a participa\u00e7\u00e3o no\u00a0processo eleitoral\u00a0brasileiro desde sua implementa\u00e7\u00e3o em 2020. O dispositivo permite aos eleitores verificar o status de seu documento e [&hellip;]<\/p>\n","protected":false},"author":8,"featured_media":22302,"comment_status":"closed","ping_status":"open","sticky":false,"template":"","format":"standard","meta":{"rop_custom_images_group":[],"rop_custom_messages_group":[],"rop_publish_now":"initial","rop_publish_now_accounts":[],"rop_publish_now_history":[],"rop_publish_now_status":"pending","footnotes":""},"categories":[233],"tags":[73],"class_list":["post-22301","post","type-post","status-publish","format-standard","has-post-thumbnail","hentry","category-eleicoes","tag-featured"],"amp_enabled":true,"_links":{"self":[{"href":"https:\/\/imais.online\/portal\/wp-json\/wp\/v2\/posts\/22301","targetHints":{"allow":["GET"]}}],"collection":[{"href":"https:\/\/imais.online\/portal\/wp-json\/wp\/v2\/posts"}],"about":[{"href":"https:\/\/imais.online\/portal\/wp-json\/wp\/v2\/types\/post"}],"author":[{"embeddable":true,"href":"https:\/\/imais.online\/portal\/wp-json\/wp\/v2\/users\/8"}],"replies":[{"embeddable":true,"href":"https:\/\/imais.online\/portal\/wp-json\/wp\/v2\/comments?post=22301"}],"version-history":[{"count":1,"href":"https:\/\/imais.online\/portal\/wp-json\/wp\/v2\/posts\/22301\/revisions"}],"predecessor-version":[{"id":22303,"href":"https:\/\/imais.online\/portal\/wp-json\/wp\/v2\/posts\/22301\/revisions\/22303"}],"wp:featuredmedia":[{"embeddable":true,"href":"https:\/\/imais.online\/portal\/wp-json\/wp\/v2\/media\/22302"}],"wp:attachment":[{"href":"https:\/\/imais.online\/portal\/wp-json\/wp\/v2\/media?parent=22301"}],"wp:term":[{"taxonomy":"category","embeddable":true,"href":"https:\/\/imais.online\/portal\/wp-json\/wp\/v2\/categories?post=22301"},{"taxonomy":"post_tag","embeddable":true,"href":"https:\/\/imais.online\/portal\/wp-json\/wp\/v2\/tags?post=22301"}],"curies":[{"name":"wp","href":"https:\/\/api.w.org\/{rel}","templated":true}]}}