{"id":22304,"date":"2024-03-28T11:49:11","date_gmt":"2024-03-28T14:49:11","guid":{"rendered":"https:\/\/imais.online\/portal\/?p=22304"},"modified":"2024-03-28T11:49:12","modified_gmt":"2024-03-28T14:49:12","slug":"filhos-de-michael-jackson-se-reunem-para-estreia-de-musical-em-londres","status":"publish","type":"post","link":"https:\/\/imais.online\/portal\/filhos-de-michael-jackson-se-reunem-para-estreia-de-musical-em-londres\/","title":{"rendered":"Filhos de Michael Jackson se re\u00fanem para estreia de musical em Londres"},"content":{"rendered":"<div class=\"imais-before-content-placement\" id=\"imais-172248859\"><script async src=\"\/\/pagead2.googlesyndication.com\/pagead\/js\/adsbygoogle.js?client=ca-pub-8787528412751566\" crossorigin=\"anonymous\"><\/script><ins class=\"adsbygoogle\" style=\"display:block;\" data-ad-client=\"ca-pub-8787528412751566\" \ndata-ad-slot=\"\" \ndata-ad-format=\"auto\"><\/ins>\n<script> \n(adsbygoogle = window.adsbygoogle || []).push({}); \n<\/script>\n<\/div>\n<h2 class=\"wp-block-heading\">Prince, de 27 anos, Paris, de 25, e Blanket, de 22 (cujo nome verdadeiro \u00e9 Bigi), usavam ternos pretos, enquanto Paris optou por um vestido marrom<\/h2>\n\n\n\n<p>Inglaterra &#8211; Os tr\u00eas filhos de Michael Jackson, Prince, Paris e Blanket, fizeram uma rara apari\u00e7\u00e3o p\u00fablica juntos na quarta-feira (27), durante a estreia do musical &#8220;MJ: The Musical&#8221; em Londres.<\/p>\n\n\n\n<p>A performance em homenagem ao Rei do Pop, realizada no Teatro Prince Edward, contou com a presen\u00e7a da imprensa e de outros convidados. Os irm\u00e3os, que geralmente evitam os holofotes, posaram para fotos lado a lado no tapete vermelho do evento.<\/p>\n\n\n\n<p>Prince, de 27 anos, Paris, de 25, e Blanket, de 22, usavam ternos pretos, enquanto Paris optou por um vestido marrom. Prince e Paris, filhos de Jackson com Debbie Rowe, j\u00e1 haviam sido vistos juntos em p\u00fablico em outros eventos nos \u00faltimos anos, como a cerim\u00f4nia do Tony Awards em junho de 2022.<\/p>\n\n\n\n<p>A apari\u00e7\u00e3o conjunta dos tr\u00eas irm\u00e3os ocorre em meio a uma pol\u00eamica familiar. Blanket entrou na justi\u00e7a para impedir que sua av\u00f3, Katherine Jackson, utilize a heran\u00e7a deixada pelo astro em outro processo jur\u00eddico.<\/p>\n\n\n\n<p>Anteriormente, Blanket e Katherine se uniram no tribunal para contestar um acordo entre os respons\u00e1veis pelo esp\u00f3lio de Michael e a Sony para a venda de metade do cat\u00e1logo musical do cantor por US$ 600 milh\u00f5es, segundo o TMZ.<\/p>\n\n\n\n<p>Embora a fam\u00edlia Jackson tenha perdido a a\u00e7\u00e3o, Katherine pretende entrar com um recurso utilizando o dinheiro deixado pelo filho. Blanket, no entanto, acredita que as chances de vit\u00f3ria s\u00e3o m\u00ednimas e, por isso, desistiu de seguir em frente e quer impedir que a av\u00f3 utilize parte da heran\u00e7a para continuar na disputa, j\u00e1 que ela teria recursos pr\u00f3prios para arcar com os honor\u00e1rios dos advogados.<\/p>\n\n\n\n<p>Fonte Not\u00edcias ao Minuto <\/p>\n","protected":false},"excerpt":{"rendered":"<p>Prince, de 27 anos, Paris, de 25, e Blanket, de 22 (cujo nome verdadeiro \u00e9 Bigi), usavam ternos pretos, enquanto Paris optou por um vestido marrom Inglaterra &#8211; Os tr\u00eas filhos de Michael Jackson, Prince, Paris e Blanket, fizeram uma rara apari\u00e7\u00e3o p\u00fablica juntos na quarta-feira (27), durante a estreia do musical &#8220;MJ: The Musical&#8221; [&hellip;]<\/p>\n","protected":false},"author":8,"featured_media":22305,"comment_status":"closed","ping_status":"open","sticky":false,"template":"","format":"standard","meta":{"rop_custom_images_group":[],"rop_custom_messages_group":[],"rop_publish_now":"initial","rop_publish_now_accounts":[],"rop_publish_now_history":[],"rop_publish_now_status":"pending","footnotes":""},"categories":[16],"tags":[],"class_list":["post-22304","post","type-post","status-publish","format-standard","has-post-thumbnail","hentry","category-entertainment"],"amp_enabled":true,"_links":{"self":[{"href":"https:\/\/imais.online\/portal\/wp-json\/wp\/v2\/posts\/22304","targetHints":{"allow":["GET"]}}],"collection":[{"href":"https:\/\/imais.online\/portal\/wp-json\/wp\/v2\/posts"}],"about":[{"href":"https:\/\/imais.online\/portal\/wp-json\/wp\/v2\/types\/post"}],"author":[{"embeddable":true,"href":"https:\/\/imais.online\/portal\/wp-json\/wp\/v2\/users\/8"}],"replies":[{"embeddable":true,"href":"https:\/\/imais.online\/portal\/wp-json\/wp\/v2\/comments?post=22304"}],"version-history":[{"count":1,"href":"https:\/\/imais.online\/portal\/wp-json\/wp\/v2\/posts\/22304\/revisions"}],"predecessor-version":[{"id":22306,"href":"https:\/\/imais.online\/portal\/wp-json\/wp\/v2\/posts\/22304\/revisions\/22306"}],"wp:featuredmedia":[{"embeddable":true,"href":"https:\/\/imais.online\/portal\/wp-json\/wp\/v2\/media\/22305"}],"wp:attachment":[{"href":"https:\/\/imais.online\/portal\/wp-json\/wp\/v2\/media?parent=22304"}],"wp:term":[{"taxonomy":"category","embeddable":true,"href":"https:\/\/imais.online\/portal\/wp-json\/wp\/v2\/categories?post=22304"},{"taxonomy":"post_tag","embeddable":true,"href":"https:\/\/imais.online\/portal\/wp-json\/wp\/v2\/tags?post=22304"}],"curies":[{"name":"wp","href":"https:\/\/api.w.org\/{rel}","templated":true}]}}