{"id":22323,"date":"2024-04-01T09:12:30","date_gmt":"2024-04-01T12:12:30","guid":{"rendered":"https:\/\/imais.online\/portal\/?p=22323"},"modified":"2024-04-01T09:12:31","modified_gmt":"2024-04-01T12:12:31","slug":"cultura-abre-inscricoes-no-dia-1o-de-abril-para-o-curso-de-alimentos-sem-gluten-e-sem-lactose","status":"publish","type":"post","link":"https:\/\/imais.online\/portal\/cultura-abre-inscricoes-no-dia-1o-de-abril-para-o-curso-de-alimentos-sem-gluten-e-sem-lactose\/","title":{"rendered":"Cultura abre inscri\u00e7\u00f5es no dia 1\u00ba de abril para o curso de alimentos sem gl\u00faten e sem lactose"},"content":{"rendered":"<div class=\"imais-before-content-placement\" id=\"imais-1486391721\"><script async src=\"\/\/pagead2.googlesyndication.com\/pagead\/js\/adsbygoogle.js?client=ca-pub-8787528412751566\" crossorigin=\"anonymous\"><\/script><ins class=\"adsbygoogle\" style=\"display:block;\" data-ad-client=\"ca-pub-8787528412751566\" \ndata-ad-slot=\"\" \ndata-ad-format=\"auto\"><\/ins>\n<script> \n(adsbygoogle = window.adsbygoogle || []).push({}); \n<\/script>\n<\/div>\n<p><em><small>Aulas acontecer\u00e3o no Espa\u00e7o Criarte<\/small><\/em><\/p>\n\n\n\n<p>A Secretaria da Cultura abre as inscri\u00e7\u00f5es, no dia 1\u00ba de abril, para o curso de alimentos sem gl\u00faten e sem lactose. As inscri\u00e7\u00f5es podem ser realizadas&nbsp;<a href=\"https:\/\/docs.google.com\/forms\/d\/e\/1FAIpQLScVSsa7eWYGRaU1TRp8S82EV2lgq-S01ff8q557QBO907IlSw\/closedform\">On-line<\/a>&nbsp;ou presencial, no Espa\u00e7o Criarte&nbsp;onde ser\u00e1&nbsp;realizado o curso. As aulas acontecem nos dias 25 e 26 de abril, de maneira gratuita, das 8h30 \u00e0s 12h.<\/p>\n\n\n\n<p>&nbsp;&nbsp;A iniciativa visa atender a demanda voltada para a produ\u00e7\u00e3o aliment\u00edcia destinada a&nbsp; pessoas portadoras da doen\u00e7a cel\u00edaca e\/ou alergia ao gl\u00faten e ou \u00e0 lactose, que n\u00e3o podem consumir alimentos contendo estas subst\u00e2ncias.<\/p>\n\n\n\n<p><strong>Servi\u00e7o<\/strong><\/p>\n\n\n\n<p><strong>Curso de alimentos sem gl\u00faten e sem lactose<\/strong><\/p>\n\n\n\n<p><strong>Data:<\/strong>&nbsp;25 e 26 de abril de 2024.<br><strong>Hor\u00e1rio:<\/strong>&nbsp;das 8h30 \u00e0s 12h.<br><a href=\"https:\/\/docs.google.com\/forms\/d\/e\/1FAIpQLScVSsa7eWYGRaU1TRp8S82EV2lgq-S01ff8q557QBO907IlSw\/closedform\">Inscri\u00e7\u00f5es On-line.<\/a><\/p>\n\n\n\n<p>Inscri\u00e7\u00f5es presenciais:&nbsp;Espa\u00e7o Criarte &#8211;&nbsp; Rua Dom Pedro I, 41 \u2013 Cidade Nova (aulas ser\u00e3o realizadas neste local).<\/p>\n\n\n\n<p><strong>Obs: Inscri\u00e7\u00f5es ser\u00e3o disponibilizadas a partir do dia 1<\/strong><strong>\u00ba de abril.<\/strong><\/p>\n","protected":false},"excerpt":{"rendered":"<p>Aulas acontecer\u00e3o no Espa\u00e7o Criarte A Secretaria da Cultura abre as inscri\u00e7\u00f5es, no dia 1\u00ba de abril, para o curso de alimentos sem gl\u00faten e sem lactose. As inscri\u00e7\u00f5es podem ser realizadas&nbsp;On-line&nbsp;ou presencial, no Espa\u00e7o Criarte&nbsp;onde ser\u00e1&nbsp;realizado o curso. As aulas acontecem nos dias 25 e 26 de abril, de maneira gratuita, das 8h30 \u00e0s [&hellip;]<\/p>\n","protected":false},"author":8,"featured_media":22324,"comment_status":"closed","ping_status":"open","sticky":false,"template":"","format":"standard","meta":{"rop_custom_images_group":[],"rop_custom_messages_group":[],"rop_publish_now":"initial","rop_publish_now_accounts":[],"rop_publish_now_history":[],"rop_publish_now_status":"pending","footnotes":""},"categories":[188],"tags":[],"class_list":["post-22323","post","type-post","status-publish","format-standard","has-post-thumbnail","hentry","category-indaiatuba"],"amp_enabled":true,"_links":{"self":[{"href":"https:\/\/imais.online\/portal\/wp-json\/wp\/v2\/posts\/22323","targetHints":{"allow":["GET"]}}],"collection":[{"href":"https:\/\/imais.online\/portal\/wp-json\/wp\/v2\/posts"}],"about":[{"href":"https:\/\/imais.online\/portal\/wp-json\/wp\/v2\/types\/post"}],"author":[{"embeddable":true,"href":"https:\/\/imais.online\/portal\/wp-json\/wp\/v2\/users\/8"}],"replies":[{"embeddable":true,"href":"https:\/\/imais.online\/portal\/wp-json\/wp\/v2\/comments?post=22323"}],"version-history":[{"count":1,"href":"https:\/\/imais.online\/portal\/wp-json\/wp\/v2\/posts\/22323\/revisions"}],"predecessor-version":[{"id":22325,"href":"https:\/\/imais.online\/portal\/wp-json\/wp\/v2\/posts\/22323\/revisions\/22325"}],"wp:featuredmedia":[{"embeddable":true,"href":"https:\/\/imais.online\/portal\/wp-json\/wp\/v2\/media\/22324"}],"wp:attachment":[{"href":"https:\/\/imais.online\/portal\/wp-json\/wp\/v2\/media?parent=22323"}],"wp:term":[{"taxonomy":"category","embeddable":true,"href":"https:\/\/imais.online\/portal\/wp-json\/wp\/v2\/categories?post=22323"},{"taxonomy":"post_tag","embeddable":true,"href":"https:\/\/imais.online\/portal\/wp-json\/wp\/v2\/tags?post=22323"}],"curies":[{"name":"wp","href":"https:\/\/api.w.org\/{rel}","templated":true}]}}