{"id":22378,"date":"2024-04-03T09:45:59","date_gmt":"2024-04-03T12:45:59","guid":{"rendered":"https:\/\/imais.online\/portal\/?p=22378"},"modified":"2024-04-03T09:46:00","modified_gmt":"2024-04-03T12:46:00","slug":"fiec-abre-inscricoes-para-o-curso-imposto-de-renda-pessoa-fisica-nocoes-basicas","status":"publish","type":"post","link":"https:\/\/imais.online\/portal\/fiec-abre-inscricoes-para-o-curso-imposto-de-renda-pessoa-fisica-nocoes-basicas\/","title":{"rendered":"Fiec abre inscri\u00e7\u00f5es para o curso Imposto de Renda Pessoa F\u00edsica &#8211; No\u00e7\u00f5es B\u00e1sicas"},"content":{"rendered":"<div class=\"imais-before-content-placement\" id=\"imais-3168691710\"><script async src=\"\/\/pagead2.googlesyndication.com\/pagead\/js\/adsbygoogle.js?client=ca-pub-8787528412751566\" crossorigin=\"anonymous\"><\/script><ins class=\"adsbygoogle\" style=\"display:block;\" data-ad-client=\"ca-pub-8787528412751566\" \ndata-ad-slot=\"\" \ndata-ad-format=\"auto\"><\/ins>\n<script> \n(adsbygoogle = window.adsbygoogle || []).push({}); \n<\/script>\n<\/div>\n<p><em><small>Curso \u00e9 de curta dura\u00e7\u00e3o e acontece aos s\u00e1bados<\/small><\/em><\/p>\n\n\n\n<p>A Funda\u00e7\u00e3o Indaiatubana de Educa\u00e7\u00e3o e Cultura (Fiec) abre no dia 12 de abril as inscri\u00e7\u00f5es para o&nbsp;curso&nbsp;extracurricular&nbsp;de Imposto de Renda Pessoa F\u00edsica \u2013 No\u00e7\u00f5es B\u00e1sicas. O objetivo \u00e9 atender as necessidades dos contribuintes, que desejam compreender melhor suas obriga\u00e7\u00f5es fiscais, atrav\u00e9s de uma introdu\u00e7\u00e3o abrangente aos princ\u00edpios b\u00e1sicos do Imposto de Renda. &nbsp;<a>Os interessados poder\u00e3o se inscrever at\u00e9 o dia 30 de abril ou at\u00e9 o preenchimento das vagas no&nbsp;<\/a><a href=\"https:\/\/www.fiec.com.br\/site\/procsel\/listar.do\">site da Fiec<\/a>.<\/p>\n\n\n\n<p>Ser\u00e3o disponibilizadas apenas 40 vagas, sendo distribu\u00eddas por ordem de inscri\u00e7\u00e3o e a efetiva\u00e7\u00e3o da matr\u00edcula, realizada somente ap\u00f3s o pagamento da taxa do curso, via boleto banc\u00e1rio, que ser\u00e1 gerado&nbsp;pelo sistema de inscri\u00e7\u00e3o.<\/p>\n\n\n\n<p><strong>As aulas acontecem aos s\u00e1bados, nos dias 4 e 11 de maio, das 8h \u00e0s 12h. O investimento \u00e9 de R$100,00. O curso visa c<\/strong>apacitar os contribuintes, Pessoas F\u00edsicas, a realizar o preenchimento de sua Declara\u00e7\u00e3o do Imposto de Renda. Nos encontros ser\u00e3o apresentados os seguintes conte\u00fados: legisla\u00e7\u00e3o e normas, tipos e modelos de declara\u00e7\u00e3o, dependentes e alimentados; isen\u00e7\u00f5es e abatimentos, rendimentos isentos tribut\u00e1veis e no exterior; opera\u00e7\u00f5es em bolsa de valores e criptomoedas; carn\u00ea le\u00e3o; livro caixa e alugu\u00e9is; ganho de capital; heran\u00e7a e benfeitorias; acompanhamento do processamento da declara\u00e7\u00e3o; ganho de capital; heran\u00e7a e benfeitorias; declara\u00e7\u00e3o retificadora e notifica\u00e7\u00f5es p\u00f3s entrega da declara\u00e7\u00e3o.<\/p>\n\n\n\n<p class=\"has-small-font-size\"><strong>#PraTodosVerem:\u00a0<\/strong>Foto colorida mostrando os alunos sentados no laborat\u00f3rio de computadores da Fiec, eles est\u00e3o sentados em frente aos computadores, enquanto acontece a aula do curso. Fim da descri\u00e7\u00e3o.<\/p>\n","protected":false},"excerpt":{"rendered":"<p>Curso \u00e9 de curta dura\u00e7\u00e3o e acontece aos s\u00e1bados A Funda\u00e7\u00e3o Indaiatubana de Educa\u00e7\u00e3o e Cultura (Fiec) abre no dia 12 de abril as inscri\u00e7\u00f5es para o&nbsp;curso&nbsp;extracurricular&nbsp;de Imposto de Renda Pessoa F\u00edsica \u2013 No\u00e7\u00f5es B\u00e1sicas. O objetivo \u00e9 atender as necessidades dos contribuintes, que desejam compreender melhor suas obriga\u00e7\u00f5es fiscais, atrav\u00e9s de uma introdu\u00e7\u00e3o abrangente [&hellip;]<\/p>\n","protected":false},"author":8,"featured_media":22379,"comment_status":"closed","ping_status":"open","sticky":false,"template":"","format":"standard","meta":{"rop_custom_images_group":[],"rop_custom_messages_group":[],"rop_publish_now":"initial","rop_publish_now_accounts":[],"rop_publish_now_history":[],"rop_publish_now_status":"pending","footnotes":""},"categories":[188],"tags":[],"class_list":["post-22378","post","type-post","status-publish","format-standard","has-post-thumbnail","hentry","category-indaiatuba"],"amp_enabled":true,"_links":{"self":[{"href":"https:\/\/imais.online\/portal\/wp-json\/wp\/v2\/posts\/22378","targetHints":{"allow":["GET"]}}],"collection":[{"href":"https:\/\/imais.online\/portal\/wp-json\/wp\/v2\/posts"}],"about":[{"href":"https:\/\/imais.online\/portal\/wp-json\/wp\/v2\/types\/post"}],"author":[{"embeddable":true,"href":"https:\/\/imais.online\/portal\/wp-json\/wp\/v2\/users\/8"}],"replies":[{"embeddable":true,"href":"https:\/\/imais.online\/portal\/wp-json\/wp\/v2\/comments?post=22378"}],"version-history":[{"count":1,"href":"https:\/\/imais.online\/portal\/wp-json\/wp\/v2\/posts\/22378\/revisions"}],"predecessor-version":[{"id":22380,"href":"https:\/\/imais.online\/portal\/wp-json\/wp\/v2\/posts\/22378\/revisions\/22380"}],"wp:featuredmedia":[{"embeddable":true,"href":"https:\/\/imais.online\/portal\/wp-json\/wp\/v2\/media\/22379"}],"wp:attachment":[{"href":"https:\/\/imais.online\/portal\/wp-json\/wp\/v2\/media?parent=22378"}],"wp:term":[{"taxonomy":"category","embeddable":true,"href":"https:\/\/imais.online\/portal\/wp-json\/wp\/v2\/categories?post=22378"},{"taxonomy":"post_tag","embeddable":true,"href":"https:\/\/imais.online\/portal\/wp-json\/wp\/v2\/tags?post=22378"}],"curies":[{"name":"wp","href":"https:\/\/api.w.org\/{rel}","templated":true}]}}