{"id":22387,"date":"2024-04-04T07:08:13","date_gmt":"2024-04-04T10:08:13","guid":{"rendered":"https:\/\/imais.online\/portal\/?p=22387"},"modified":"2024-04-04T07:08:56","modified_gmt":"2024-04-04T10:08:56","slug":"brasil-supera-1-mil-mortes-por-dengue-este-ano","status":"publish","type":"post","link":"https:\/\/imais.online\/portal\/brasil-supera-1-mil-mortes-por-dengue-este-ano\/","title":{"rendered":"Brasil supera 1 mil mortes por dengue este ano"},"content":{"rendered":"<div class=\"imais-before-content-placement\" id=\"imais-415545937\"><script async src=\"\/\/pagead2.googlesyndication.com\/pagead\/js\/adsbygoogle.js?client=ca-pub-8787528412751566\" crossorigin=\"anonymous\"><\/script><ins class=\"adsbygoogle\" style=\"display:block;\" data-ad-client=\"ca-pub-8787528412751566\" \ndata-ad-slot=\"\" \ndata-ad-format=\"auto\"><\/ins>\n<script> \n(adsbygoogle = window.adsbygoogle || []).push({}); \n<\/script>\n<\/div>\n<p class=\"has-text-align-center\">Mais de 1,5 mil \u00f3bitos est\u00e3o em investiga\u00e7\u00e3o<\/p>\n\n\n\n<p>O Brasil superou mais de 1.000 mortes por dengue de janeiro at\u00e9 esta quarta-feira (3). De acordo com o Painel de Arboviroses do Minist\u00e9rio da Sa\u00fade, foram registrados 1.020 \u00f3bitos pela doen\u00e7a no pa\u00eds.&nbsp;Ao longo de 2023, o n\u00famero de mortes por dengue chegou a 1.079.<img decoding=\"async\" src=\"https:\/\/agenciabrasil.ebc.com.br\/ebc.png?id=1588815&amp;o=node\"><img decoding=\"async\" src=\"https:\/\/agenciabrasil.ebc.com.br\/ebc.gif?id=1588815&amp;o=node\"><\/p>\n\n\n\n<p>Conforme o painel, 1.531 mortes est\u00e3o sob investiga\u00e7\u00e3o e os casos somam 2,6 milh\u00f5es.&nbsp;<\/p>\n\n\n\n<p>Nessa ter\u00e7a-feira (2), o minist\u00e9rio informou que oito unidades federativas brasileiras est\u00e3o com\u00a0tend\u00eancia de queda no n\u00famero de casos de dengue. S\u00e3o eles: Acre, Amazonas, Esp\u00edrito Santo, Goi\u00e1s, Minas Gerais, Piau\u00ed, Roraima e Distrito Federal.\u00a0<\/p>\n\n\n\n<p>\u201cOs estados que est\u00e3o com queda foi onde houve o in\u00edcio da epidemia. Para esses, a gente pode dizer que o pior j\u00e1 passou\u201d, disse a secret\u00e1ria de Vigil\u00e2ncia em Sa\u00fade e Ambiente do Minist\u00e9rio da Sa\u00fade, Ethel Maciel, em entrevista coletiva.<\/p>\n\n\n\n<p>Outros sete estados ainda permanecem com tend\u00eancia de aumento: Alagoas, Bahia, Maranh\u00e3o, Mato Grosso do Sul, Pernambuco, Rio Grande do Norte e Sergipe. Em 12 estados, os n\u00fameros est\u00e3o est\u00e1veis.&nbsp;<\/p>\n\n\n\n<p>Apesar do cen\u00e1rio, o Minist\u00e9rio da Sa\u00fade diz que \u00e9 preciso continuar a vigil\u00e2ncia contra a doen\u00e7a.\u00a0<\/p>\n\n\n\n<figure class=\"wp-block-image size-large\"><img loading=\"lazy\" decoding=\"async\" width=\"319\" height=\"1024\" src=\"https:\/\/imais.online\/portal\/wp-content\/uploads\/2024\/04\/dengue_1-1-319x1024.webp\" alt=\"\" class=\"wp-image-22388\" srcset=\"https:\/\/imais.online\/portal\/wp-content\/uploads\/2024\/04\/dengue_1-1-319x1024.webp 319w, https:\/\/imais.online\/portal\/wp-content\/uploads\/2024\/04\/dengue_1-1-93x300.webp 93w, https:\/\/imais.online\/portal\/wp-content\/uploads\/2024\/04\/dengue_1-1-478x1536.webp 478w, https:\/\/imais.online\/portal\/wp-content\/uploads\/2024\/04\/dengue_1-1.webp 754w\" sizes=\"auto, (max-width: 319px) 100vw, 319px\" \/><\/figure>\n","protected":false},"excerpt":{"rendered":"<p>Mais de 1,5 mil \u00f3bitos est\u00e3o em investiga\u00e7\u00e3o O Brasil superou mais de 1.000 mortes por dengue de janeiro at\u00e9 esta quarta-feira (3). De acordo com o Painel de Arboviroses do Minist\u00e9rio da Sa\u00fade, foram registrados 1.020 \u00f3bitos pela doen\u00e7a no pa\u00eds.&nbsp;Ao longo de 2023, o n\u00famero de mortes por dengue chegou a 1.079. Conforme [&hellip;]<\/p>\n","protected":false},"author":7,"featured_media":22389,"comment_status":"closed","ping_status":"open","sticky":false,"template":"","format":"standard","meta":{"rop_custom_images_group":[],"rop_custom_messages_group":[],"rop_publish_now":"initial","rop_publish_now_accounts":[],"rop_publish_now_history":[],"rop_publish_now_status":"pending","footnotes":""},"categories":[189],"tags":[73],"class_list":["post-22387","post","type-post","status-publish","format-standard","has-post-thumbnail","hentry","category-brasil","tag-featured"],"amp_enabled":true,"_links":{"self":[{"href":"https:\/\/imais.online\/portal\/wp-json\/wp\/v2\/posts\/22387","targetHints":{"allow":["GET"]}}],"collection":[{"href":"https:\/\/imais.online\/portal\/wp-json\/wp\/v2\/posts"}],"about":[{"href":"https:\/\/imais.online\/portal\/wp-json\/wp\/v2\/types\/post"}],"author":[{"embeddable":true,"href":"https:\/\/imais.online\/portal\/wp-json\/wp\/v2\/users\/7"}],"replies":[{"embeddable":true,"href":"https:\/\/imais.online\/portal\/wp-json\/wp\/v2\/comments?post=22387"}],"version-history":[{"count":2,"href":"https:\/\/imais.online\/portal\/wp-json\/wp\/v2\/posts\/22387\/revisions"}],"predecessor-version":[{"id":22391,"href":"https:\/\/imais.online\/portal\/wp-json\/wp\/v2\/posts\/22387\/revisions\/22391"}],"wp:featuredmedia":[{"embeddable":true,"href":"https:\/\/imais.online\/portal\/wp-json\/wp\/v2\/media\/22389"}],"wp:attachment":[{"href":"https:\/\/imais.online\/portal\/wp-json\/wp\/v2\/media?parent=22387"}],"wp:term":[{"taxonomy":"category","embeddable":true,"href":"https:\/\/imais.online\/portal\/wp-json\/wp\/v2\/categories?post=22387"},{"taxonomy":"post_tag","embeddable":true,"href":"https:\/\/imais.online\/portal\/wp-json\/wp\/v2\/tags?post=22387"}],"curies":[{"name":"wp","href":"https:\/\/api.w.org\/{rel}","templated":true}]}}