{"id":22395,"date":"2024-04-04T09:51:13","date_gmt":"2024-04-04T12:51:13","guid":{"rendered":"https:\/\/imais.online\/portal\/?p=22395"},"modified":"2024-04-04T09:51:14","modified_gmt":"2024-04-04T12:51:14","slug":"com-volta-da-desoneracao-dos-municipios-governo-articula-texto-para-criar-aumento-da-contribuicao","status":"publish","type":"post","link":"https:\/\/imais.online\/portal\/com-volta-da-desoneracao-dos-municipios-governo-articula-texto-para-criar-aumento-da-contribuicao\/","title":{"rendered":"Com volta da desonera\u00e7\u00e3o dos munic\u00edpios, governo articula texto para criar aumento da contribui\u00e7\u00e3o"},"content":{"rendered":"<div class=\"imais-before-content-placement\" id=\"imais-896774306\"><script async src=\"\/\/pagead2.googlesyndication.com\/pagead\/js\/adsbygoogle.js?client=ca-pub-8787528412751566\" crossorigin=\"anonymous\"><\/script><ins class=\"adsbygoogle\" style=\"display:block;\" data-ad-client=\"ca-pub-8787528412751566\" \ndata-ad-slot=\"\" \ndata-ad-format=\"auto\"><\/ins>\n<script> \n(adsbygoogle = window.adsbygoogle || []).push({}); \n<\/script>\n<\/div>\n<h2 class=\"wp-block-heading\">Presidente do Congresso retirou reonera\u00e7\u00e3o das cidades de medida provis\u00f3ria; l\u00edderes sugerem em proposta volta gradual da cobran\u00e7a<\/h2>\n\n\n\n<p>Ap\u00f3s o presidente do Congresso Nacional, senador Rodrigo Pacheco (PSD-MG),\u00a0<a rel=\"noreferrer noopener\" href=\"https:\/\/noticias.r7.com\/brasilia\/pacheco-cita-separacao-dos-poderes-e-exclui-reoneracao-dos-municipios-02042024\" target=\"_blank\">manter a desonera\u00e7\u00e3o dos munic\u00edpios<\/a>\u00a0ao\u00a0<a rel=\"noreferrer noopener\" href=\"https:\/\/noticias.r7.com\/brasilia\/pacheco-desoneracao-folha-de-pagamento-haddad-02042024\" target=\"_blank\">desidratar a medida provis\u00f3ria do presidente Luiz In\u00e1cio Lula da Silva<\/a>, l\u00edderes do governo tentam emplacar um projeto para estabelecer aumento gradual da contribui\u00e7\u00e3o previdenci\u00e1ria das cidades.<\/p>\n\n\n\n<p>A proposta recai sobre munic\u00edpios com at\u00e9 50 mil habitantes e receita corrente l\u00edquida per capita de at\u00e9 R$ 3.895 e \u00e9 assinada pelos deputados Jos\u00e9 Guimar\u00e3es (PT-CE) e Odair Cunha (PT-MG).<\/p>\n\n\n\n<p>&#8220;Segundo estimativas realizadas, esse benef\u00edcio alcan\u00e7aria as cidades mais pobres do pa\u00eds, contemplando cerca de 2,5 mil munic\u00edpios, que representa 45% de todas as cidades do pa\u00eds&#8221;, alegam os autores.<\/p>\n\n\n\n<p>A proposta abarcaria apenas cidades sem d\u00e9bitos tribut\u00e1rios e pro\u00edbe que munic\u00edpios com regime pr\u00f3prio de previd\u00eancia e beneficiados pela medida migrem para o regime geral.<\/p>\n\n\n\n<p>Atualmente, a contribui\u00e7\u00e3o previdenci\u00e1ria para munic\u00edpios com at\u00e9 156 mil habitantes est\u00e1 em 8% e essa proposta do governo quer aumentar o percentual para 18% em 2026. Pela medida provis\u00f3ria, o percentual de cobran\u00e7a era de 20%.<\/p>\n\n\n\n<p>Guimar\u00e3es e Cunha reconhecem que a diminui\u00e7\u00e3o desafoga as&nbsp;contas p\u00fablicas de mais de 5,3 mil munic\u00edpios brasileiros, que representa 96% de todas as cidades do pa\u00eds.<\/p>\n\n\n\n<p>&#8220;N\u00e3o se pode olvidar, todavia, que a contribui\u00e7\u00e3o sobre a folha \u00e9 relevante fonte de receitas da Seguridade Social, sendo fundamental para garantir o pagamento dos benef\u00edcios concedidos aos segurados do Regime Geral de Previd\u00eancia Social&#8221;, ponderam, justificando que a manuten\u00e7\u00e3o da desonera\u00e7\u00e3o nos moldes atuais geraria um impacto fiscal anual da ordem de R$ 4 bilh\u00f5es.<\/p>\n\n\n\n<p>O projeto prev\u00ea al\u00edquotas de 14% em 2024, 16% em 2025, chegando a 18% em 2026. Tamb\u00e9m h\u00e1 a oferta de refinanciamento das d\u00edvidas n\u00e3o pagas com a Previd\u00eancia em at\u00e9 60 meses, mediante um desconto de at\u00e9 70% de multas e juros. A d\u00edvida dos munic\u00edpios com o INSS gira em torno de R$ 240 bilh\u00f5es, segundo dados fornecidos pelos representantes dos prefeitos.<\/p>\n\n\n\n<p>A articula\u00e7\u00e3o em torno do projeto est\u00e1 no in\u00edcio e n\u00e3o avan\u00e7ou esta semana, j\u00e1 que v\u00e1rios parlamentares permaneceram nos estados focados nas elei\u00e7\u00f5es municipais. Al\u00e9m da proposta, o&nbsp;<a href=\"https:\/\/noticias.r7.com\/brasilia\/haddad-afirma-que-agu-estuda-judicializar-desoneracao-dos-municipios-03042024\" target=\"_blank\" rel=\"noreferrer noopener\">governo estuda judicializar o tema<\/a>.<\/p>\n\n\n\n<p>O ministro da Fazenda, Fernando Haddad, afirmou nessa quarta (3) que a Advocacia-Geral da Uni\u00e3o (AGU) avalia contestar a&nbsp;retomada da desonera\u00e7\u00e3o da folha de pagamento dos munic\u00edpios.<\/p>\n\n\n\n<h3 class=\"wp-block-heading\">Entenda<\/h3>\n\n\n\n<p>Em agosto do ano passado, o Congresso aprovou a extens\u00e3o da desonera\u00e7\u00e3o da folha de pagamento para 17 setores e para munic\u00edpios de at\u00e9 156 mil habitantes. O presidente Lula vetou essa medida, mas o Congresso derrubou o veto, garantindo a continuidade da desonera\u00e7\u00e3o.<\/p>\n\n\n\n<p>Com isso, o governo editou uma medida provis\u00f3ria para reonerar a folha de pagamento, mas sofreu press\u00e3o do Legislativo e de entidades representantes das prefeituras e dos setores desonerados.<\/p>\n\n\n\n<p>Pacheco retirou da MP nessa segunda (1\u00ba) a decis\u00e3o do governo de reonerar a contribui\u00e7\u00e3o previdenci\u00e1ria das prefeituras, ao contr\u00e1rio do que defende o ministro da Fazenda. Ele classificou a decis\u00e3o do governo de discutir o assunto por medida provis\u00f3ria como &#8220;descabida&#8221; e reafirmou que a desonera\u00e7\u00e3o da folha de pagamento para munic\u00edpios e 17 setores da economia foi uma decis\u00e3o do Congresso Nacional que deve ser respeitada.<\/p>\n\n\n\n<p>&#8220;Se h\u00e1 algum erro [na desonera\u00e7\u00e3o da folha de pagamento], que se discuta por meio de um projeto de lei que busque mudar o modelo estabelecido pela lei&#8221;, completou Pacheco.<\/p>\n\n\n\n<p>Fonte R7<\/p>\n","protected":false},"excerpt":{"rendered":"<p>Presidente do Congresso retirou reonera\u00e7\u00e3o das cidades de medida provis\u00f3ria; l\u00edderes sugerem em proposta volta gradual da cobran\u00e7a Ap\u00f3s o presidente do Congresso Nacional, senador Rodrigo Pacheco (PSD-MG),\u00a0manter a desonera\u00e7\u00e3o dos munic\u00edpios\u00a0ao\u00a0desidratar a medida provis\u00f3ria do presidente Luiz In\u00e1cio Lula da Silva, l\u00edderes do governo tentam emplacar um projeto para estabelecer aumento gradual da contribui\u00e7\u00e3o [&hellip;]<\/p>\n","protected":false},"author":8,"featured_media":22396,"comment_status":"closed","ping_status":"open","sticky":false,"template":"","format":"standard","meta":{"rop_custom_images_group":[],"rop_custom_messages_group":[],"rop_publish_now":"initial","rop_publish_now_accounts":[],"rop_publish_now_history":[],"rop_publish_now_status":"pending","footnotes":""},"categories":[192],"tags":[],"class_list":["post-22395","post","type-post","status-publish","format-standard","has-post-thumbnail","hentry","category-economia"],"amp_enabled":true,"_links":{"self":[{"href":"https:\/\/imais.online\/portal\/wp-json\/wp\/v2\/posts\/22395","targetHints":{"allow":["GET"]}}],"collection":[{"href":"https:\/\/imais.online\/portal\/wp-json\/wp\/v2\/posts"}],"about":[{"href":"https:\/\/imais.online\/portal\/wp-json\/wp\/v2\/types\/post"}],"author":[{"embeddable":true,"href":"https:\/\/imais.online\/portal\/wp-json\/wp\/v2\/users\/8"}],"replies":[{"embeddable":true,"href":"https:\/\/imais.online\/portal\/wp-json\/wp\/v2\/comments?post=22395"}],"version-history":[{"count":1,"href":"https:\/\/imais.online\/portal\/wp-json\/wp\/v2\/posts\/22395\/revisions"}],"predecessor-version":[{"id":22397,"href":"https:\/\/imais.online\/portal\/wp-json\/wp\/v2\/posts\/22395\/revisions\/22397"}],"wp:featuredmedia":[{"embeddable":true,"href":"https:\/\/imais.online\/portal\/wp-json\/wp\/v2\/media\/22396"}],"wp:attachment":[{"href":"https:\/\/imais.online\/portal\/wp-json\/wp\/v2\/media?parent=22395"}],"wp:term":[{"taxonomy":"category","embeddable":true,"href":"https:\/\/imais.online\/portal\/wp-json\/wp\/v2\/categories?post=22395"},{"taxonomy":"post_tag","embeddable":true,"href":"https:\/\/imais.online\/portal\/wp-json\/wp\/v2\/tags?post=22395"}],"curies":[{"name":"wp","href":"https:\/\/api.w.org\/{rel}","templated":true}]}}