{"id":22424,"date":"2024-04-07T20:24:17","date_gmt":"2024-04-07T23:24:17","guid":{"rendered":"https:\/\/imais.online\/portal\/?p=22424"},"modified":"2024-04-07T20:24:18","modified_gmt":"2024-04-07T23:24:18","slug":"isabeli-fontana-tieta-demi-moore-anitta-e-cher-em-evento-de-moda-na-italia","status":"publish","type":"post","link":"https:\/\/imais.online\/portal\/isabeli-fontana-tieta-demi-moore-anitta-e-cher-em-evento-de-moda-na-italia\/","title":{"rendered":"Isabeli Fontana tieta Demi Moore, Anitta e Cher em evento de moda na It\u00e1lia"},"content":{"rendered":"<div class=\"imais-before-content-placement\" id=\"imais-1792985792\"><script async src=\"\/\/pagead2.googlesyndication.com\/pagead\/js\/adsbygoogle.js?client=ca-pub-8787528412751566\" crossorigin=\"anonymous\"><\/script><ins class=\"adsbygoogle\" style=\"display:block;\" data-ad-client=\"ca-pub-8787528412751566\" \ndata-ad-slot=\"\" \ndata-ad-format=\"auto\"><\/ins>\n<script> \n(adsbygoogle = window.adsbygoogle || []).push({}); \n<\/script>\n<\/div>\n<h2 class=\"wp-block-heading\">Modelou participou de evento da grife Dolce &amp; Gabbana na noite de s\u00e1bado (6)<\/h2>\n\n\n\n<p>Encontro de divas! Isabelli Fontana abriu um \u00e1lbum de fotos na manh\u00e3 deste domingo (7) tietando&nbsp;<a class=\"\" href=\"https:\/\/gshow.globo.com\/artistas\/anitta\">Anitta<\/a>, Demi Moore e Cher durante um evento da grife italiana&nbsp;<strong>Dolce &amp; Gabbana<\/strong>&nbsp;em Mil\u00e3o, na It\u00e1lia. A modelo brasileira posou ao lado das cantoras e da atriz americana e mostrou um pouco como foi o evento.<\/p>\n\n\n\n<blockquote class=\"wp-block-quote is-layout-flow wp-block-quote-is-layout-flow\">\n<p>&#8220;Que momento ic\u00f4nico a exibi\u00e7\u00e3o \u201cFrom the heart to the Hands\u201d da @dolcegabbana em Mil\u00e3o&#8221;, compartilhou.<\/p>\n<\/blockquote>\n\n\n\n<figure class=\"wp-block-image\"><img decoding=\"async\" src=\"https:\/\/s2-gshow.glbimg.com\/IR7japQYikoVCk87JGPRk5HzcXY=\/0x0:1440x1795\/984x0\/smart\/filters:strip_icc()\/i.s3.glbimg.com\/v1\/AUTH_e84042ef78cb4708aeebdf1c68c6cbd6\/internal_photos\/bs\/2024\/I\/F\/teqqBtQO2IHnSb68MkIQ\/isabelifontana-436603013-3859580307594735-5787414210308632208-n.jpg\" alt=\"Isabeli Fontana \u2014 Foto: Instagram\"\/><\/figure>\n\n\n\n<p class=\"has-small-font-size\">Isabeli Fontana \u2014 Foto: Instagram<\/p>\n\n\n\n<figure class=\"wp-block-image\"><img decoding=\"async\" src=\"https:\/\/s2-gshow.glbimg.com\/4wgR1BAA824C05mgXuInkzP58LE=\/0x0:1440x1800\/984x0\/smart\/filters:strip_icc()\/i.s3.glbimg.com\/v1\/AUTH_e84042ef78cb4708aeebdf1c68c6cbd6\/internal_photos\/bs\/2024\/W\/Q\/lm3mSxTKAmAsZSFLuQ9g\/isabelifontana-436636985-730385195746587-599934335449513049-n.jpg\" alt=\"Isabeli Fontana e Demi Moore \u2014 Foto: Instagram\"\/><\/figure>\n\n\n\n<p class=\"has-small-font-size\">Isabeli Fontana e Demi Moore \u2014 Foto: Instagram<\/p>\n\n\n\n<figure class=\"wp-block-image\"><img decoding=\"async\" src=\"https:\/\/s2-gshow.glbimg.com\/niF9iAZeE0RHqmJCYjMZTlhA90M=\/0x0:1440x1800\/984x0\/smart\/filters:strip_icc()\/i.s3.glbimg.com\/v1\/AUTH_e84042ef78cb4708aeebdf1c68c6cbd6\/internal_photos\/bs\/2024\/v\/z\/VsoR4rS4AOT9eFhBkkAg\/isabelifontana-436603009-947735233695972-9145445679653330003-n.jpg\" alt=\"Isabeli Fontana, Anitta e Cher  \u2014 Foto: Instagram\"\/><\/figure>\n\n\n\n<p class=\"has-small-font-size\">Isabeli Fontana, Anitta e Cher \u2014 Foto: Instagram<\/p>\n\n\n\n<figure class=\"wp-block-image\"><img decoding=\"async\" src=\"https:\/\/s2-gshow.glbimg.com\/UvN9d8p6aAOX77_MAUFOklzpZ0g=\/0x0:1440x1800\/984x0\/smart\/filters:strip_icc()\/i.s3.glbimg.com\/v1\/AUTH_e84042ef78cb4708aeebdf1c68c6cbd6\/internal_photos\/bs\/2024\/3\/e\/SKxMAASFS5C1AQi8DSYg\/isabelifontana-436467131-7388079887934279-4654093567990877657-n.jpg\" alt=\"Isabeli Fontana \u2014 Foto: Instagram\"\/><\/figure>\n\n\n\n<p class=\"has-small-font-size\">Isabeli Fontana \u2014 Foto: Instagram<\/p>\n\n\n\n<p>Fonte G1<\/p>\n","protected":false},"excerpt":{"rendered":"<p>Modelou participou de evento da grife Dolce &amp; Gabbana na noite de s\u00e1bado (6) Encontro de divas! Isabelli Fontana abriu um \u00e1lbum de fotos na manh\u00e3 deste domingo (7) tietando&nbsp;Anitta, Demi Moore e Cher durante um evento da grife italiana&nbsp;Dolce &amp; Gabbana&nbsp;em Mil\u00e3o, na It\u00e1lia. A modelo brasileira posou ao lado das cantoras e da [&hellip;]<\/p>\n","protected":false},"author":8,"featured_media":22425,"comment_status":"closed","ping_status":"open","sticky":false,"template":"","format":"standard","meta":{"rop_custom_images_group":[],"rop_custom_messages_group":[],"rop_publish_now":"initial","rop_publish_now_accounts":[],"rop_publish_now_history":[],"rop_publish_now_status":"pending","footnotes":""},"categories":[16],"tags":[],"class_list":["post-22424","post","type-post","status-publish","format-standard","has-post-thumbnail","hentry","category-entertainment"],"amp_enabled":true,"_links":{"self":[{"href":"https:\/\/imais.online\/portal\/wp-json\/wp\/v2\/posts\/22424","targetHints":{"allow":["GET"]}}],"collection":[{"href":"https:\/\/imais.online\/portal\/wp-json\/wp\/v2\/posts"}],"about":[{"href":"https:\/\/imais.online\/portal\/wp-json\/wp\/v2\/types\/post"}],"author":[{"embeddable":true,"href":"https:\/\/imais.online\/portal\/wp-json\/wp\/v2\/users\/8"}],"replies":[{"embeddable":true,"href":"https:\/\/imais.online\/portal\/wp-json\/wp\/v2\/comments?post=22424"}],"version-history":[{"count":1,"href":"https:\/\/imais.online\/portal\/wp-json\/wp\/v2\/posts\/22424\/revisions"}],"predecessor-version":[{"id":22426,"href":"https:\/\/imais.online\/portal\/wp-json\/wp\/v2\/posts\/22424\/revisions\/22426"}],"wp:featuredmedia":[{"embeddable":true,"href":"https:\/\/imais.online\/portal\/wp-json\/wp\/v2\/media\/22425"}],"wp:attachment":[{"href":"https:\/\/imais.online\/portal\/wp-json\/wp\/v2\/media?parent=22424"}],"wp:term":[{"taxonomy":"category","embeddable":true,"href":"https:\/\/imais.online\/portal\/wp-json\/wp\/v2\/categories?post=22424"},{"taxonomy":"post_tag","embeddable":true,"href":"https:\/\/imais.online\/portal\/wp-json\/wp\/v2\/tags?post=22424"}],"curies":[{"name":"wp","href":"https:\/\/api.w.org\/{rel}","templated":true}]}}