{"id":22493,"date":"2024-04-14T14:22:08","date_gmt":"2024-04-14T17:22:08","guid":{"rendered":"https:\/\/imais.online\/portal\/?p=22493"},"modified":"2024-04-14T14:22:08","modified_gmt":"2024-04-14T17:22:08","slug":"israel-bombardeia-fabrica-de-armas-do-hezbollah-no-libano-diz-porta-voz-do-exercito-israelense","status":"publish","type":"post","link":"https:\/\/imais.online\/portal\/israel-bombardeia-fabrica-de-armas-do-hezbollah-no-libano-diz-porta-voz-do-exercito-israelense\/","title":{"rendered":"Israel bombardeia f\u00e1brica de armas do Hezbollah no L\u00edbano, diz porta-voz do ex\u00e9rcito israelense"},"content":{"rendered":"<div class=\"imais-before-content-placement\" id=\"imais-1930725545\"><script async src=\"\/\/pagead2.googlesyndication.com\/pagead\/js\/adsbygoogle.js?client=ca-pub-8787528412751566\" crossorigin=\"anonymous\"><\/script><ins class=\"adsbygoogle\" style=\"display:block;\" data-ad-client=\"ca-pub-8787528412751566\" \ndata-ad-slot=\"\" \ndata-ad-format=\"auto\"><\/ins>\n<script> \n(adsbygoogle = window.adsbygoogle || []).push({}); \n<\/script>\n<\/div>\n<h2 class=\"wp-block-heading\">Segundo Avichay Adraee, trata-se de uma resposta a ataques sofridos; regi\u00e3o atingida n\u00e3o faz fronteira entre o L\u00edbano e Israel<\/h2>\n\n\n\n<p>O porta-voz das For\u00e7as de Defesa de Israel (FDI), Avichay Adraee, afirmou neste domingo (14) que o\u00a0<strong>ex\u00e9rcito israelense<\/strong>\u00a0bombardeou uma f\u00e1brica de armas pertencente ao grupo terrorista Hezbollah em resposta aos \u00faltimos ataques sofridos. O ataque ocorreu na \u00e1rea de Nabi Sheet, no L\u00edbano, regi\u00e3o que n\u00e3o faz fronteira entre Israel e o L\u00edbano.<\/p>\n\n\n\n<p>Segundo Andraee, a invas\u00e3o ocorreu em \u201cuma importante f\u00e1brica de armas\u201d do Hezbollah. \u201cA opera\u00e7\u00e3o foi realizada em resposta aos lan\u00e7amentos que violaram as fronteiras do territ\u00f3rio liban\u00eas em dire\u00e7\u00e3o ao norte do pa\u00eds durante a noite de ontem\u201d, completou.<\/p>\n\n\n\n<p>A opera\u00e7\u00e3o ocorre em meio \u00e0 crescente tens\u00e3o no conflito do Oriente M\u00e9dio com os\u00a0<u><strong>ataques a m\u00edsseis e drones liderados pelo ex\u00e9rcito do Ir\u00e3 contra Israel<\/strong><\/u>.<\/p>\n\n\n\n<p>A Ag\u00eancia Nacional de Not\u00edcias (ANN) libanesa confirmou que um pr\u00e9dio em Nabi Sheet foi atingido por proj\u00e9teis, mas n\u00e3o detalhou se o local se tratava de uma f\u00e1brica de armamentos. N\u00e3o houve relato de v\u00edtimas at\u00e9 a publica\u00e7\u00e3o desta mat\u00e9ria.<\/p>\n\n\n\n<p>O L\u00edbano \u00e9 um dos pa\u00edses que est\u00e1 no n\u00facleo de conflitos do Oriente M\u00e9dio. \u00c9 no pa\u00eds que surgiu o grupo terrorista liban\u00eas Hezbollah, que tem apoiado o Ir\u00e3 e se envolvido diretamente nos confrontos.<\/p>\n\n\n\n<p>Fonte R7<\/p>\n","protected":false},"excerpt":{"rendered":"<p>Segundo Avichay Adraee, trata-se de uma resposta a ataques sofridos; regi\u00e3o atingida n\u00e3o faz fronteira entre o L\u00edbano e Israel O porta-voz das For\u00e7as de Defesa de Israel (FDI), Avichay Adraee, afirmou neste domingo (14) que o\u00a0ex\u00e9rcito israelense\u00a0bombardeou uma f\u00e1brica de armas pertencente ao grupo terrorista Hezbollah em resposta aos \u00faltimos ataques sofridos. O ataque [&hellip;]<\/p>\n","protected":false},"author":8,"featured_media":22494,"comment_status":"closed","ping_status":"open","sticky":false,"template":"","format":"standard","meta":{"rop_custom_images_group":[],"rop_custom_messages_group":[],"rop_publish_now":"initial","rop_publish_now_accounts":[],"rop_publish_now_history":[],"rop_publish_now_status":"pending","footnotes":""},"categories":[265],"tags":[],"class_list":["post-22493","post","type-post","status-publish","format-standard","has-post-thumbnail","hentry","category-guerra"],"amp_enabled":true,"_links":{"self":[{"href":"https:\/\/imais.online\/portal\/wp-json\/wp\/v2\/posts\/22493","targetHints":{"allow":["GET"]}}],"collection":[{"href":"https:\/\/imais.online\/portal\/wp-json\/wp\/v2\/posts"}],"about":[{"href":"https:\/\/imais.online\/portal\/wp-json\/wp\/v2\/types\/post"}],"author":[{"embeddable":true,"href":"https:\/\/imais.online\/portal\/wp-json\/wp\/v2\/users\/8"}],"replies":[{"embeddable":true,"href":"https:\/\/imais.online\/portal\/wp-json\/wp\/v2\/comments?post=22493"}],"version-history":[{"count":1,"href":"https:\/\/imais.online\/portal\/wp-json\/wp\/v2\/posts\/22493\/revisions"}],"predecessor-version":[{"id":22495,"href":"https:\/\/imais.online\/portal\/wp-json\/wp\/v2\/posts\/22493\/revisions\/22495"}],"wp:featuredmedia":[{"embeddable":true,"href":"https:\/\/imais.online\/portal\/wp-json\/wp\/v2\/media\/22494"}],"wp:attachment":[{"href":"https:\/\/imais.online\/portal\/wp-json\/wp\/v2\/media?parent=22493"}],"wp:term":[{"taxonomy":"category","embeddable":true,"href":"https:\/\/imais.online\/portal\/wp-json\/wp\/v2\/categories?post=22493"},{"taxonomy":"post_tag","embeddable":true,"href":"https:\/\/imais.online\/portal\/wp-json\/wp\/v2\/tags?post=22493"}],"curies":[{"name":"wp","href":"https:\/\/api.w.org\/{rel}","templated":true}]}}