{"id":22511,"date":"2024-04-15T10:21:52","date_gmt":"2024-04-15T13:21:52","guid":{"rendered":"https:\/\/imais.online\/portal\/?p=22511"},"modified":"2024-04-15T10:21:53","modified_gmt":"2024-04-15T13:21:53","slug":"petroleo-pode-chegar-a-us-100-o-barril-se-crise-no-oriente-medio-se-agravar","status":"publish","type":"post","link":"https:\/\/imais.online\/portal\/petroleo-pode-chegar-a-us-100-o-barril-se-crise-no-oriente-medio-se-agravar\/","title":{"rendered":"Petr\u00f3leo pode chegar a US$ 100 o barril, se crise no Oriente M\u00e9dio se agravar"},"content":{"rendered":"<div class=\"imais-before-content-placement\" id=\"imais-3713725849\"><script async src=\"\/\/pagead2.googlesyndication.com\/pagead\/js\/adsbygoogle.js?client=ca-pub-8787528412751566\" crossorigin=\"anonymous\"><\/script><ins class=\"adsbygoogle\" style=\"display:block;\" data-ad-client=\"ca-pub-8787528412751566\" \ndata-ad-slot=\"\" \ndata-ad-format=\"auto\"><\/ins>\n<script> \n(adsbygoogle = window.adsbygoogle || []).push({}); \n<\/script>\n<\/div>\n<h2 class=\"wp-block-heading\">Para analistas, cen\u00e1rio eleva press\u00e3o sobre Petrobras por reajuste dos combust\u00edveis, mas alta dos pre\u00e7os n\u00e3o ser\u00e1 imediata, dizem. D\u00f3lar deve subir, e espa\u00e7o para corte de juros no Brasil deve cair<\/h2>\n\n\n\n<p>O aumento da tens\u00e3o no Oriente M\u00e9dio,<a class=\"\" href=\"https:\/\/oglobo.globo.com\/mundo\/noticia\/2024\/04\/14\/ministro-da-defesa-de-israel-diz-que-confronto-nao-acabou-apos-ira-atacar-com-350-drones-e-misseis-entenda-acao-iraniana.ghtml\">\u00a0ap\u00f3s o ataque do Ir\u00e3 com drones e m\u00edsseis contra Israel no fim de semana<\/a>, deve provocar o aumento do pre\u00e7o internacional do barril de petr\u00f3leo, elevando a press\u00e3o sobre a\u00a0<a class=\"\" href=\"https:\/\/oglobo.globo.com\/tudo-sobre\/empresa\/petrobras\">Petrobras<\/a>\u00a0por um reajuste nos combust\u00edveis, dizem economistas e executivos do setor.<\/p>\n\n\n\n<p>A defasagem da gasolina no Brasil em rela\u00e7\u00e3o \u00e0 cota\u00e7\u00e3o no exterior fechou a semana passada em 17%, segundo a Associa\u00e7\u00e3o Brasileira dos Importadores de Combust\u00edveis (Abicom). Um eventual ajuste nos pre\u00e7os dos combust\u00edveis, por\u00e9m, n\u00e3o seria imediato, dizem.<\/p>\n\n\n\n<p>O impacto do conflito sobre o valor do petr\u00f3leo vai depender da resposta de Israel ao ataque iraniano. Para analistas, o acirramento da tens\u00e3o torna o cen\u00e1rio do barril a US$ 100 mais pr\u00f3ximo. O Brent, refer\u00eancia no mercado internacional, fechou a \u00faltima sexta-feira em torno de US$ 90, com valoriza\u00e7\u00e3o de 17% no ano.<\/p>\n\n\n\n<p>O conflito tamb\u00e9m tende a pressionar o d\u00f3lar e deixar o Federal Reserve (Fed, o banco central americano) mais cauteloso na esperada queda de juros, diminuindo o espa\u00e7o para as redu\u00e7\u00f5es da Selic no Brasil.<\/p>\n\n\n\n<p>\u2014 O pre\u00e7o do petr\u00f3leo vai subir com a expectativa do que pode acontecer nos pr\u00f3ximos dias e se o conflito vai escalar. O temor \u00e9 que uma guerra possa afetar a oferta de petr\u00f3leo, j\u00e1 que o Ir\u00e3 conta com refinarias, por exemplo \u2014 disse Cleveland Prates, professor de Economia da FGV Direito SP.<\/p>\n\n\n\n<figure class=\"wp-block-image\"><img decoding=\"async\" src=\"https:\/\/s2-oglobo.glbimg.com\/dAJMySS6dpVk1eQjdLLG_TppJCg=\/0x0:648x488\/984x0\/smart\/filters:strip_icc()\/i.s3.glbimg.com\/v1\/AUTH_da025474c0c44edd99332dddb09cabe8\/internal_photos\/bs\/2024\/a\/X\/soEMZHQZOztS897TmBAg\/whatsapp-image-2024-04-14-at-22.33.21.jpeg\" alt=\"\"\/><\/figure>\n\n\n\n<h2 class=\"wp-block-heading\">Ir\u00e3 \u00e9 um dos dez maiores produtores do mundo<\/h2>\n\n\n\n<p>Marcos D&#8217;Elia, s\u00f3cio da consultoria Leggio, diz que a tens\u00e3o afeta diretamente o pre\u00e7o do petr\u00f3leo. Parte deste efeito, segundo ele, j\u00e1 vem sendo sentido desde o in\u00edcio de abril, e ainda h\u00e1 espa\u00e7o para aumentos no pre\u00e7o do barril. Ele avalia que a cota\u00e7\u00e3o do petr\u00f3leo n\u00e3o supere US$ 100, a n\u00e3o ser que haja um envolvimento de outros pa\u00edses da regi\u00e3o e amplia\u00e7\u00e3o do conflito.<\/p>\n\n\n\n<p>O Ir\u00e3 est\u00e1 entre os dez maiores produtores de petr\u00f3leo do mundo, com m\u00e9dia de 4 milh\u00f5es de barris di\u00e1rios em 2023, segundo dados da Administra\u00e7\u00e3o de Informa\u00e7\u00f5es de Energia do Departamento de Energia dos EUA. Responde por 4% da produ\u00e7\u00e3o global, mesma fatia do Brasil.<\/p>\n\n\n\n<p>Al\u00e9m disso, parte de seu territ\u00f3rio \u00e9 margeado pelo Estreito de Ormuz, via mar\u00edtima por onde passa um quinto do volume de petr\u00f3leo consumido no mundo, segundo a Bloomberg.<\/p>\n\n\n\n<p>\u2014 Um conflito entre Israel e Ir\u00e3 pode gerar mais restri\u00e7\u00f5es nas movimenta\u00e7\u00f5es de petr\u00f3leo e de derivados, e isso deve pressionar sim um aumento de pre\u00e7o. Vai elevar a press\u00e3o para que a Petrobras fa\u00e7a ajustes \u2014 disse Sergio Araujo, presidente-executivo da Abicom.<\/p>\n\n\n\n<h2 class=\"wp-block-heading\">Defasagem de 17% sobre pre\u00e7o internacional<\/h2>\n\n\n\n<p>Dados da associa\u00e7\u00e3o apontam que os pre\u00e7os praticados no Brasil da gasolina e do diesel est\u00e3o 17% e 10% mais baratos que no exterior, respectivamente. Considerando apenas as vendas nos polos da Petrobras, essa disparidade \u00e9 elevada para 19% no caso da gasolina. Dados internos da estatal, segundo fontes, apontam para uma defasagem de 12% no combust\u00edvel.<\/p>\n\n\n\n<p>A press\u00e3o por um eventual reajuste seria mais um fator na pol\u00eamica em que a empresa est\u00e1 envolvida. O ministro de Minas e Energia, Alexandre Silveira, e o presidente da estatal, Jean Paul Prates, est\u00e3o em lados opostos em quest\u00f5es como distribui\u00e7\u00e3o de dividendos e defini\u00e7\u00e3o de estrat\u00e9gias para investimento em energia renov\u00e1vel, o que levou a especula\u00e7\u00f5es de que Prates deixaria a presid\u00eancia da companhia, cen\u00e1rio que perdeu for\u00e7a na \u00faltima semana.<\/p>\n\n\n\n<p>Al\u00e9m disso, semana passada, dois membros do Conselho de Administra\u00e7\u00e3o da companhia, que representavam a Uni\u00e3o,\u00a0<a class=\"\" href=\"https:\/\/oglobo.globo.com\/economia\/noticia\/2024\/04\/11\/justica-suspende-presidente-do-conselho-de-administracao-da-petrobras.ghtml\">foram afastados da petroleira pela Justi\u00e7a<\/a>.<\/p>\n\n\n\n<p>Fl\u00e1vio Conde, analista da Levante Investimentos, descarta aumentos de pre\u00e7os pela Petrobras no curto prazo, em parte devido \u00e0s disputas pol\u00edticas e em parte porque ele considera que o n\u00edvel de defasagem ainda est\u00e1 dentro de um limite aceit\u00e1vel:<\/p>\n\n\n\n<p>\u2014 O que n\u00e3o pode \u00e9 ir para 20% (no caso do diesel).<\/p>\n\n\n\n<h2 class=\"wp-block-heading\">Analistas veem escalada limitada por enquanto<\/h2>\n\n\n\n<p>Os analistas ponderam que uma escalada do conflito deve ser limitada, pois n\u00e3o h\u00e1 sinais de que grandes pot\u00eancias ocidentais se envolvam diretamente. O presidente americano,&nbsp;<a class=\"\" href=\"https:\/\/oglobo.globo.com\/mundo\/noticia\/2024\/04\/14\/biden-comunica-netanyahu-que-eua-nao-vai-se-envolver-em-uma-ofensiva-contra-o-ira.ghtml\">Joe Biden, afirmou no domingo que n\u00e3o vai se envolver em uma ofensiva contra o Ir\u00e3<\/a>&nbsp;e que busca uma resposta diplom\u00e1tica. Biden pretende disputar a reelei\u00e7\u00e3o, e uma guerra impactaria a economia americana, afetando a sua popularidade.<\/p>\n\n\n\n<p>\u2014 Os Estados Unidos sabem que, mesmo sendo aliados de Israel, n\u00e3o querem uma press\u00e3o sobre o pre\u00e7o do petr\u00f3leo neste momento, o que pode afetar em cheio a infla\u00e7\u00e3o americana. E isso pode ser ruim para as elei\u00e7\u00f5es nos EUA \u2014 disse Prates, da FVG.<\/p>\n\n\n\n<h2 class=\"wp-block-heading\">D\u00f3lar e juros mais altos<\/h2>\n\n\n\n<p>Para especialistas, por\u00e9m, a alta do d\u00f3lar ser\u00e1 inevit\u00e1vel. Em meio \u00e0s incertezas, a tend\u00eancia natural \u00e9 que o cen\u00e1rio de maior risco leve investidores a uma corrida pelos t\u00edtulos dos EUA. Com a alta da moeda americana, a tend\u00eancia \u00e9 que a queda nos juros no pa\u00eds demore ainda mais, e o espa\u00e7o para redu\u00e7\u00e3o da Selic no Brasil fique menor.<\/p>\n\n\n\n<p>\u2014 Nossa percep\u00e7\u00e3o \u00e9 que os eventos no Oriente M\u00e9dio aumentar\u00e3o os motivos para o Fed adotar uma abordagem mais cautelosa em rela\u00e7\u00e3o aos cortes de taxa \u2014 disse \u00e0 Bloomberg Neil Shearing, economista-chefe da Capital Economics, em Londres.<\/p>\n\n\n\n<p>Ex-diretor do Banco Central no Brasil, o economista Tony Volpon destacou que o principal efeito do conflito, at\u00e9 agora, \u00e9 um petr\u00f3leo mais caro no mercado internacional. Esta alta, segundo Volpon, tende a dar menos liberdade aos bancos centrais \u2014 seja o brasileiro para continuar o ciclo de corte, seja o americano para iniciar o seu.<\/p>\n\n\n\n<p>\u2014 N\u00e3o h\u00e1 uma rela\u00e7\u00e3o mec\u00e2nica, mas h\u00e1 uma rela\u00e7\u00e3o condicional entre o que acontece nos juros americanos e nos juros brasileiros. Isso constrange o Banco Central, e acho que o m\u00e1ximo que podem fazer na situa\u00e7\u00e3o atual, sem causar grande estresse no c\u00e2mbio e reverter numa infla\u00e7\u00e3o mais alta, seria a Selic cair para 9,5% (at\u00e9 o fim do ano).<\/p>\n\n\n\n<p>Hoje, a taxa b\u00e1sica de juros est\u00e1 em 10,75% ao ano. As proje\u00e7\u00f5es de analistas apontam para uma taxa de 9% no fim do ano, segundo a edi\u00e7\u00e3o da semana passada do Boletim Focus, compilado de estimativas feito pelo Banco Central.<\/p>\n\n\n\n<p>Fonte O Globo<\/p>\n","protected":false},"excerpt":{"rendered":"<p>Para analistas, cen\u00e1rio eleva press\u00e3o sobre Petrobras por reajuste dos combust\u00edveis, mas alta dos pre\u00e7os n\u00e3o ser\u00e1 imediata, dizem. D\u00f3lar deve subir, e espa\u00e7o para corte de juros no Brasil deve cair O aumento da tens\u00e3o no Oriente M\u00e9dio,\u00a0ap\u00f3s o ataque do Ir\u00e3 com drones e m\u00edsseis contra Israel no fim de semana, deve provocar [&hellip;]<\/p>\n","protected":false},"author":8,"featured_media":22512,"comment_status":"closed","ping_status":"open","sticky":false,"template":"","format":"standard","meta":{"rop_custom_images_group":[],"rop_custom_messages_group":[],"rop_publish_now":"initial","rop_publish_now_accounts":[],"rop_publish_now_history":[],"rop_publish_now_status":"pending","footnotes":""},"categories":[265],"tags":[73],"class_list":["post-22511","post","type-post","status-publish","format-standard","has-post-thumbnail","hentry","category-guerra","tag-featured"],"amp_enabled":true,"_links":{"self":[{"href":"https:\/\/imais.online\/portal\/wp-json\/wp\/v2\/posts\/22511","targetHints":{"allow":["GET"]}}],"collection":[{"href":"https:\/\/imais.online\/portal\/wp-json\/wp\/v2\/posts"}],"about":[{"href":"https:\/\/imais.online\/portal\/wp-json\/wp\/v2\/types\/post"}],"author":[{"embeddable":true,"href":"https:\/\/imais.online\/portal\/wp-json\/wp\/v2\/users\/8"}],"replies":[{"embeddable":true,"href":"https:\/\/imais.online\/portal\/wp-json\/wp\/v2\/comments?post=22511"}],"version-history":[{"count":1,"href":"https:\/\/imais.online\/portal\/wp-json\/wp\/v2\/posts\/22511\/revisions"}],"predecessor-version":[{"id":22513,"href":"https:\/\/imais.online\/portal\/wp-json\/wp\/v2\/posts\/22511\/revisions\/22513"}],"wp:featuredmedia":[{"embeddable":true,"href":"https:\/\/imais.online\/portal\/wp-json\/wp\/v2\/media\/22512"}],"wp:attachment":[{"href":"https:\/\/imais.online\/portal\/wp-json\/wp\/v2\/media?parent=22511"}],"wp:term":[{"taxonomy":"category","embeddable":true,"href":"https:\/\/imais.online\/portal\/wp-json\/wp\/v2\/categories?post=22511"},{"taxonomy":"post_tag","embeddable":true,"href":"https:\/\/imais.online\/portal\/wp-json\/wp\/v2\/tags?post=22511"}],"curies":[{"name":"wp","href":"https:\/\/api.w.org\/{rel}","templated":true}]}}