{"id":22638,"date":"2024-04-26T10:20:04","date_gmt":"2024-04-26T13:20:04","guid":{"rendered":"https:\/\/imais.online\/portal\/?p=22638"},"modified":"2024-04-26T10:20:05","modified_gmt":"2024-04-26T13:20:05","slug":"saude-de-charles-iii-piora-e-detalhes-do-funeral-sao-refeitos-diz-site","status":"publish","type":"post","link":"https:\/\/imais.online\/portal\/saude-de-charles-iii-piora-e-detalhes-do-funeral-sao-refeitos-diz-site\/","title":{"rendered":"Sa\u00fade de Charles III piora e detalhes do funeral s\u00e3o refeitos, diz site"},"content":{"rendered":"<div class=\"imais-before-content-placement\" id=\"imais-3860974456\"><script async src=\"\/\/pagead2.googlesyndication.com\/pagead\/js\/adsbygoogle.js?client=ca-pub-8787528412751566\" crossorigin=\"anonymous\"><\/script><ins class=\"adsbygoogle\" style=\"display:block;\" data-ad-client=\"ca-pub-8787528412751566\" \ndata-ad-slot=\"\" \ndata-ad-format=\"auto\"><\/ins>\n<script> \n(adsbygoogle = window.adsbygoogle || []).push({}); \n<\/script>\n<\/div>\n<h2 class=\"wp-block-heading\">O planejamento meticuloso do funeral real inclui uma vasta opera\u00e7\u00e3o de seguran\u00e7a, dada a presen\u00e7a de personalidades globais de destaque, com medidas que v\u00e3o desde defesa antim\u00edsseis at\u00e9 prote\u00e7\u00e3o contra amea\u00e7as isoladas<\/h2>\n\n\n\n<p><strong>S<\/strong>egundo informa\u00e7\u00f5es do site The Daily Beast, o rei Charles III, de 75 anos, enfrenta uma significativa deteriora\u00e7\u00e3o em seu estado de sa\u00fade durante o tratamento contra o c\u00e2ncer de pr\u00f3stata, conforme revelado anteriormente pelo pr\u00f3prio monarca.<\/p>\n\n\n\n<p>Uma fonte pr\u00f3xima \u00e0 fam\u00edlia real brit\u00e2nica revelou ao Daily Beast que a sa\u00fade do rei tem gerado preocupa\u00e7\u00f5es, levando a atualiza\u00e7\u00f5es frequentes nos detalhes do seu funeral. Desde o falecimento da rainha Elizabeth II, m\u00e3e de Charles, no dia 8 de setembro de 2022, o roteiro do funeral, composto por centenas de p\u00e1ginas, tem sido meticulosamente elaborado, recebendo o t\u00edtulo de Opera\u00e7\u00e3o Ponte Menai. Este nome segue a tradi\u00e7\u00e3o de batizar os planos funer\u00e1rios com pontes, sendo que no caso de Elizabeth II, o roteiro foi chamado de Opera\u00e7\u00e3o Ponte de Londres. A Ponte Menai, que liga a ilha de Anglesey ao continente gal\u00eas, foi escolhida como refer\u00eancia para os planos de Charles III.<\/p>\n\n\n\n<p>A fonte ressaltou que os planos funer\u00e1rios est\u00e3o em constante revis\u00e3o e atualiza\u00e7\u00e3o, visando garantir que tudo seja organizado e seguro, evitando imprevistos durante a cerim\u00f4nia. Oficiais militares confirmaram a frequente atualiza\u00e7\u00e3o do dossi\u00ea Opera\u00e7\u00e3o Ponte Menai, destacando que se trata de um procedimento padr\u00e3o, n\u00e3o indicando qualquer mudan\u00e7a iminente.<\/p>\n\n\n\n<p>O planejamento meticuloso do funeral real inclui uma vasta opera\u00e7\u00e3o de seguran\u00e7a, dada a presen\u00e7a de personalidades globais de destaque, com medidas que v\u00e3o desde defesa antim\u00edsseis at\u00e9 prote\u00e7\u00e3o contra amea\u00e7as isoladas. Os detalhes s\u00e3o planejados com anteced\u00eancia para garantir uma cerim\u00f4nia impec\u00e1vel, e qualquer altera\u00e7\u00e3o \u00e9 realizada com o m\u00e1ximo cuidado e preparo.<\/p>\n\n\n\n<p>Fonte Fama ao Minuto <\/p>\n","protected":false},"excerpt":{"rendered":"<p>O planejamento meticuloso do funeral real inclui uma vasta opera\u00e7\u00e3o de seguran\u00e7a, dada a presen\u00e7a de personalidades globais de destaque, com medidas que v\u00e3o desde defesa antim\u00edsseis at\u00e9 prote\u00e7\u00e3o contra amea\u00e7as isoladas Segundo informa\u00e7\u00f5es do site The Daily Beast, o rei Charles III, de 75 anos, enfrenta uma significativa deteriora\u00e7\u00e3o em seu estado de sa\u00fade [&hellip;]<\/p>\n","protected":false},"author":8,"featured_media":22639,"comment_status":"closed","ping_status":"open","sticky":false,"template":"","format":"standard","meta":{"rop_custom_images_group":[],"rop_custom_messages_group":[],"rop_publish_now":"initial","rop_publish_now_accounts":[],"rop_publish_now_history":[],"rop_publish_now_status":"pending","footnotes":""},"categories":[212],"tags":[],"class_list":["post-22638","post","type-post","status-publish","format-standard","has-post-thumbnail","hentry","category-internacional"],"amp_enabled":true,"_links":{"self":[{"href":"https:\/\/imais.online\/portal\/wp-json\/wp\/v2\/posts\/22638","targetHints":{"allow":["GET"]}}],"collection":[{"href":"https:\/\/imais.online\/portal\/wp-json\/wp\/v2\/posts"}],"about":[{"href":"https:\/\/imais.online\/portal\/wp-json\/wp\/v2\/types\/post"}],"author":[{"embeddable":true,"href":"https:\/\/imais.online\/portal\/wp-json\/wp\/v2\/users\/8"}],"replies":[{"embeddable":true,"href":"https:\/\/imais.online\/portal\/wp-json\/wp\/v2\/comments?post=22638"}],"version-history":[{"count":1,"href":"https:\/\/imais.online\/portal\/wp-json\/wp\/v2\/posts\/22638\/revisions"}],"predecessor-version":[{"id":22640,"href":"https:\/\/imais.online\/portal\/wp-json\/wp\/v2\/posts\/22638\/revisions\/22640"}],"wp:featuredmedia":[{"embeddable":true,"href":"https:\/\/imais.online\/portal\/wp-json\/wp\/v2\/media\/22639"}],"wp:attachment":[{"href":"https:\/\/imais.online\/portal\/wp-json\/wp\/v2\/media?parent=22638"}],"wp:term":[{"taxonomy":"category","embeddable":true,"href":"https:\/\/imais.online\/portal\/wp-json\/wp\/v2\/categories?post=22638"},{"taxonomy":"post_tag","embeddable":true,"href":"https:\/\/imais.online\/portal\/wp-json\/wp\/v2\/tags?post=22638"}],"curies":[{"name":"wp","href":"https:\/\/api.w.org\/{rel}","templated":true}]}}