{"id":22644,"date":"2024-04-26T10:24:59","date_gmt":"2024-04-26T13:24:59","guid":{"rendered":"https:\/\/imais.online\/portal\/?p=22644"},"modified":"2024-04-26T10:25:00","modified_gmt":"2024-04-26T13:25:00","slug":"reveladas-as-marcas-e-os-produtos-mais-desejadas-da-moda-os-precos-sao-de-cair-da-cadeira","status":"publish","type":"post","link":"https:\/\/imais.online\/portal\/reveladas-as-marcas-e-os-produtos-mais-desejadas-da-moda-os-precos-sao-de-cair-da-cadeira\/","title":{"rendered":"Reveladas As Marcas E Os Produtos Mais Desejadas Da Moda; Os Pre\u00e7os S\u00e3o De Cair Da Cadeira"},"content":{"rendered":"<div class=\"imais-before-content-placement\" id=\"imais-4120984846\"><script async src=\"\/\/pagead2.googlesyndication.com\/pagead\/js\/adsbygoogle.js?client=ca-pub-8787528412751566\" crossorigin=\"anonymous\"><\/script><ins class=\"adsbygoogle\" style=\"display:block;\" data-ad-client=\"ca-pub-8787528412751566\" \ndata-ad-slot=\"\" \ndata-ad-format=\"auto\"><\/ins>\n<script> \n(adsbygoogle = window.adsbygoogle || []).push({}); \n<\/script>\n<\/div>\n<p>A Miu Miu reivindica mais uma vez seu lugar de destaque como uma das marcas mais cobi\u00e7adas do mundo. De acordo com os dados divulgados pela renomada plataforma de moda e tecnologia, \u201cLyst\u201d, nesta quarta-feira (24), a casa de moda italiana liderada por Miuccia Prada encabe\u00e7a o ranking das marcas mais desejadas do primeiro trimestre de 2024.<\/p>\n\n\n\n<p>Com uma base de mais de 200 milh\u00f5es de usu\u00e1rios, a \u201cLyst\u201d \u00e9 uma refer\u00eancia no mundo da moda, fornecendo insights valiosos sobre as tend\u00eancias e prefer\u00eancias dos consumidores globais.<\/p>\n\n\n\n<h2 class=\"wp-block-heading\">Miu Miu domina o cen\u00e1rio da moda<\/h2>\n\n\n\n<p>Esta n\u00e3o \u00e9 a primeira vez que a Miu Miu domina o cen\u00e1rio da moda. No terceiro trimestre de 2023, a marca j\u00e1 havia conquistado o primeiro lugar, por\u00e9m, foi temporariamente superada pela Prada, sua \u201cirm\u00e3 mais velha\u201d, ao final do ano.<\/p>\n\n\n\n<p>Segundo os dados revelados pela plataforma, as pesquisas por produtos da Miu Miu registraram um aumento significativo de 8% no primeiro trimestre deste ano. Destaca-se que tr\u00eas produtos da marca figuram entre os dez mais populares at\u00e9 o momento.<\/p>\n\n\n\n<h2 class=\"wp-block-heading\">Veja os itens mais cobi\u00e7ados das marcas<\/h2>\n\n\n\n<ul class=\"wp-block-list\">\n<li>T\u00eanis Miu Miu x New Balance 530 L R$ 6.700;<\/li>\n\n\n\n<li>Brinco \u201cThe Small Julius Panel\u201d, da Khaite R$ 3.445;<\/li>\n\n\n\n<li>Micro mini shorts \u201cSwin Brief\u201d, da Miu Miu R$ 5.400;<\/li>\n\n\n\n<li>\u201cJewelled Ballet Flats\u201d, da Ala\u00efa R$ 6.925;<\/li>\n\n\n\n<li>\u201cDetroit Jacket\u201d, da Carhartt R$ 615;<\/li>\n\n\n\n<li>Bolsa \u201cRodeo\u201d, da Balenciaga R$ 24.766;<\/li>\n\n\n\n<li>Camisa polo da Miu Miu R$ 12.000;<\/li>\n\n\n\n<li>\u201cProng Down Dress\u201d, da Rick Owens R$ 7.513;<\/li>\n\n\n\n<li>Jeans cut-out com strass, da Area R$ 12.500;<\/li>\n\n\n\n<li>\u00d3culos de sol \u201cPanthos\u201d, da Saint Laurent R$ 3.500<\/li>\n<\/ul>\n\n\n\n<p>Fonte Coluna Financeira <\/p>\n","protected":false},"excerpt":{"rendered":"<p>A Miu Miu reivindica mais uma vez seu lugar de destaque como uma das marcas mais cobi\u00e7adas do mundo. De acordo com os dados divulgados pela renomada plataforma de moda e tecnologia, \u201cLyst\u201d, nesta quarta-feira (24), a casa de moda italiana liderada por Miuccia Prada encabe\u00e7a o ranking das marcas mais desejadas do primeiro trimestre [&hellip;]<\/p>\n","protected":false},"author":8,"featured_media":22645,"comment_status":"closed","ping_status":"open","sticky":false,"template":"","format":"standard","meta":{"rop_custom_images_group":[],"rop_custom_messages_group":[],"rop_publish_now":"initial","rop_publish_now_accounts":[],"rop_publish_now_history":[],"rop_publish_now_status":"pending","footnotes":""},"categories":[192],"tags":[],"class_list":["post-22644","post","type-post","status-publish","format-standard","has-post-thumbnail","hentry","category-economia"],"amp_enabled":true,"_links":{"self":[{"href":"https:\/\/imais.online\/portal\/wp-json\/wp\/v2\/posts\/22644","targetHints":{"allow":["GET"]}}],"collection":[{"href":"https:\/\/imais.online\/portal\/wp-json\/wp\/v2\/posts"}],"about":[{"href":"https:\/\/imais.online\/portal\/wp-json\/wp\/v2\/types\/post"}],"author":[{"embeddable":true,"href":"https:\/\/imais.online\/portal\/wp-json\/wp\/v2\/users\/8"}],"replies":[{"embeddable":true,"href":"https:\/\/imais.online\/portal\/wp-json\/wp\/v2\/comments?post=22644"}],"version-history":[{"count":1,"href":"https:\/\/imais.online\/portal\/wp-json\/wp\/v2\/posts\/22644\/revisions"}],"predecessor-version":[{"id":22646,"href":"https:\/\/imais.online\/portal\/wp-json\/wp\/v2\/posts\/22644\/revisions\/22646"}],"wp:featuredmedia":[{"embeddable":true,"href":"https:\/\/imais.online\/portal\/wp-json\/wp\/v2\/media\/22645"}],"wp:attachment":[{"href":"https:\/\/imais.online\/portal\/wp-json\/wp\/v2\/media?parent=22644"}],"wp:term":[{"taxonomy":"category","embeddable":true,"href":"https:\/\/imais.online\/portal\/wp-json\/wp\/v2\/categories?post=22644"},{"taxonomy":"post_tag","embeddable":true,"href":"https:\/\/imais.online\/portal\/wp-json\/wp\/v2\/tags?post=22644"}],"curies":[{"name":"wp","href":"https:\/\/api.w.org\/{rel}","templated":true}]}}