{"id":22663,"date":"2024-04-29T09:51:59","date_gmt":"2024-04-29T12:51:59","guid":{"rendered":"https:\/\/imais.online\/portal\/?p=22663"},"modified":"2024-04-29T09:52:00","modified_gmt":"2024-04-29T12:52:00","slug":"funssol-realiza-a-doacao-de-850-cobertores-para-a-secretaria-de-assistencia-social","status":"publish","type":"post","link":"https:\/\/imais.online\/portal\/funssol-realiza-a-doacao-de-850-cobertores-para-a-secretaria-de-assistencia-social\/","title":{"rendered":"Funssol realiza a doa\u00e7\u00e3o de 850 cobertores para a Secretaria de Assist\u00eancia Social"},"content":{"rendered":"<div class=\"imais-before-content-placement\" id=\"imais-2195192073\"><script async src=\"\/\/pagead2.googlesyndication.com\/pagead\/js\/adsbygoogle.js?client=ca-pub-8787528412751566\" crossorigin=\"anonymous\"><\/script><ins class=\"adsbygoogle\" style=\"display:block;\" data-ad-client=\"ca-pub-8787528412751566\" \ndata-ad-slot=\"\" \ndata-ad-format=\"auto\"><\/ins>\n<script> \n(adsbygoogle = window.adsbygoogle || []).push({}); \n<\/script>\n<\/div>\n<p><em><small>Cobertores ser\u00e3o doados para pessoas inscritas nos Centros de Refer\u00eancia de Assist\u00eancia Social<\/small><\/em><\/p>\n\n\n\n<p>O Fundo Social de Solidariedade (Funssol) realizou, nesta sexta-feira (26), a doa\u00e7\u00e3o de 850 cobertores para a Secretaria de Assist\u00eancia Social. A partir do dia 6 de maio os Centros de Refer\u00eancia de Assist\u00eancia Social (Cras) estar\u00e3o realizando a triagem para que sejam repassadas as pessoas que s\u00e3o atendidas em estado de vulnerabilidade social.<\/p>\n\n\n\n<p>Os repasses ser\u00e3o realizados pela Secretaria de Assist\u00eancia Social atrav\u00e9s dos Cras I, CrasII, Cras III, Cras IV, Cras V e Cras VI, ap\u00f3s a an\u00e1lise feita na triagem. Para mais informa\u00e7\u00f5es, entrar em contato pelo telefone (19) 3834-9190.<\/p>\n\n\n\n<p><strong>Campanha do Agasalho<\/strong><\/p>\n\n\n\n<p>A Campanha do Agasalho 2024 acontece em parceria com a EPTV at\u00e9 o dia 31 de julho, das 8h \u00e0s 17h, no &nbsp;Funssol,&nbsp; localizado no Pa\u00e7o Municipal. Neste ano, o projeto receber\u00e1 doa\u00e7\u00f5es &nbsp;de roupas de frio em bom estado e cobertores.&nbsp;No dia 25 de maio ser\u00e1 realizado o \u201cDia D\u201d em modelo Drive Thru, das 9h \u00e0s 17h, em frente a Prefeitura de Indaiatuba.&nbsp;<\/p>\n\n\n\n<p><strong>Distribui\u00e7\u00e3o de roupas e agasalhos<\/strong><\/p>\n\n\n\n<p>A distribui\u00e7\u00e3o de roupas e agasalhos para a popula\u00e7\u00e3o em vulnerabilidade social ser\u00e1 realizada na antiga Subprefeitura das 8h \u00e0s 11h&nbsp; e das 13h \u00e0s 16h, nos dias 2, 9, 16 e 23 de maio. No m\u00eas de junho acontecer\u00e1 o repasse das roupas nos dias 6, 13 e 20. J\u00e1 no m\u00eas de julho as pe\u00e7as ser\u00e3o entregues nos dias 4,11, 18 e 25 de julho.&nbsp; Para a retirar os agasalhos \u00e9 necess\u00e1rio a apresenta\u00e7\u00e3o do RG.<\/p>\n\n\n\n<p><strong>Servi\u00e7o<\/strong><\/p>\n\n\n\n<p><strong>Triagem para doa\u00e7\u00e3o de cobertores<\/strong><\/p>\n\n\n\n<p><strong>Data:<\/strong>&nbsp; a partir de 6 de maio.<\/p>\n\n\n\n<p><strong>Telefone:&nbsp;<\/strong>(19) 3834-9190.<\/p>\n\n\n\n<p><strong>Campanha do Agasalho<\/strong><\/p>\n\n\n\n<p><strong>Data: &nbsp;<\/strong>at\u00e9 31 de julho.<\/p>\n\n\n\n<p><strong>Hor\u00e1rio:&nbsp;<\/strong>8h \u00e0s 17h.<\/p>\n\n\n\n<p><strong>Local:&nbsp;<\/strong>Funssol (Prefeitura de Indaiatuba) \u2013 Av. F\u00e1bio Roberto Barnab\u00e9, 2.800.<\/p>\n\n\n\n<p><strong>Doa\u00e7\u00f5es aceitas:&nbsp;<\/strong>Roupas de frio em bom estado.<\/p>\n\n\n\n<p><strong>Dia&nbsp; D (Drive Thru)<\/strong><\/p>\n\n\n\n<p><strong>Data:&nbsp;<\/strong>25 de maio.<strong><\/strong><\/p>\n\n\n\n<p><strong>Hor\u00e1rio:&nbsp;<\/strong>9h \u00e0s 17h.<strong><\/strong><\/p>\n\n\n\n<p><strong>Local:&nbsp;&nbsp;<\/strong>estacionamento da frente da Prefeitura de Indaiatuba \u2013 Av. F\u00e1bio Roberto Barnab\u00e9, 2.800.<strong><\/strong><\/p>\n\n\n\n<p><strong>Doa\u00e7\u00f5es aceitas<\/strong>: cobertores, agasalhos de frio, sapatos, luvas, toucas e meias&nbsp; ( Femininas, masculinas e infantis).<\/p>\n\n\n\n<p><strong>Distribui\u00e7\u00e3o de roupas e agasalhos<\/strong><\/p>\n\n\n\n<p><strong>Datas (maio):&nbsp;<\/strong>2, 9, 16 e 23\/05.<strong><\/strong><\/p>\n\n\n\n<p><strong>Datas (junho):&nbsp;<\/strong>6,13 e 20\/06.<strong><\/strong><\/p>\n\n\n\n<p><strong>Datas (julho):&nbsp;<\/strong>04, 11, 18 e 25\/07.<strong><\/strong><\/p>\n\n\n\n<p><strong>Hor\u00e1rio:&nbsp;<\/strong>8h \u00e0s 11h\/13h \u00e0s 16h.<strong><\/strong><\/p>\n\n\n\n<p><strong>Local:&nbsp;&nbsp;<\/strong>Antiga subprefeitura &#8211; Rua Zephiro Puccinelli, s\/n\u00ba.<strong><\/strong><\/p>\n\n\n\n<p><strong>Obrigat\u00f3rio apresentar o RG.<\/strong><\/p>\n\n\n\n<p><strong>Telefone:&nbsp;<\/strong>(19) 3875-6144.<\/p>\n","protected":false},"excerpt":{"rendered":"<p>Cobertores ser\u00e3o doados para pessoas inscritas nos Centros de Refer\u00eancia de Assist\u00eancia Social O Fundo Social de Solidariedade (Funssol) realizou, nesta sexta-feira (26), a doa\u00e7\u00e3o de 850 cobertores para a Secretaria de Assist\u00eancia Social. A partir do dia 6 de maio os Centros de Refer\u00eancia de Assist\u00eancia Social (Cras) estar\u00e3o realizando a triagem para que [&hellip;]<\/p>\n","protected":false},"author":8,"featured_media":22664,"comment_status":"closed","ping_status":"open","sticky":false,"template":"","format":"standard","meta":{"rop_custom_images_group":[],"rop_custom_messages_group":[],"rop_publish_now":"initial","rop_publish_now_accounts":[],"rop_publish_now_history":[],"rop_publish_now_status":"pending","footnotes":""},"categories":[188],"tags":[73],"class_list":["post-22663","post","type-post","status-publish","format-standard","has-post-thumbnail","hentry","category-indaiatuba","tag-featured"],"amp_enabled":true,"_links":{"self":[{"href":"https:\/\/imais.online\/portal\/wp-json\/wp\/v2\/posts\/22663","targetHints":{"allow":["GET"]}}],"collection":[{"href":"https:\/\/imais.online\/portal\/wp-json\/wp\/v2\/posts"}],"about":[{"href":"https:\/\/imais.online\/portal\/wp-json\/wp\/v2\/types\/post"}],"author":[{"embeddable":true,"href":"https:\/\/imais.online\/portal\/wp-json\/wp\/v2\/users\/8"}],"replies":[{"embeddable":true,"href":"https:\/\/imais.online\/portal\/wp-json\/wp\/v2\/comments?post=22663"}],"version-history":[{"count":1,"href":"https:\/\/imais.online\/portal\/wp-json\/wp\/v2\/posts\/22663\/revisions"}],"predecessor-version":[{"id":22665,"href":"https:\/\/imais.online\/portal\/wp-json\/wp\/v2\/posts\/22663\/revisions\/22665"}],"wp:featuredmedia":[{"embeddable":true,"href":"https:\/\/imais.online\/portal\/wp-json\/wp\/v2\/media\/22664"}],"wp:attachment":[{"href":"https:\/\/imais.online\/portal\/wp-json\/wp\/v2\/media?parent=22663"}],"wp:term":[{"taxonomy":"category","embeddable":true,"href":"https:\/\/imais.online\/portal\/wp-json\/wp\/v2\/categories?post=22663"},{"taxonomy":"post_tag","embeddable":true,"href":"https:\/\/imais.online\/portal\/wp-json\/wp\/v2\/tags?post=22663"}],"curies":[{"name":"wp","href":"https:\/\/api.w.org\/{rel}","templated":true}]}}