{"id":22666,"date":"2024-04-29T09:53:16","date_gmt":"2024-04-29T12:53:16","guid":{"rendered":"https:\/\/imais.online\/portal\/?p=22666"},"modified":"2024-04-29T09:53:17","modified_gmt":"2024-04-29T12:53:17","slug":"inscricoes-para-o-encceja-podem-ser-realizadas-de-29-de-abril-a-10-de-maio","status":"publish","type":"post","link":"https:\/\/imais.online\/portal\/inscricoes-para-o-encceja-podem-ser-realizadas-de-29-de-abril-a-10-de-maio\/","title":{"rendered":"Inscri\u00e7\u00f5es para o Encceja podem ser realizadas de 29 de abril a 10 de maio"},"content":{"rendered":"<div class=\"imais-before-content-placement\" id=\"imais-4071170430\"><script async src=\"\/\/pagead2.googlesyndication.com\/pagead\/js\/adsbygoogle.js?client=ca-pub-8787528412751566\" crossorigin=\"anonymous\"><\/script><ins class=\"adsbygoogle\" style=\"display:block;\" data-ad-client=\"ca-pub-8787528412751566\" \ndata-ad-slot=\"\" \ndata-ad-format=\"auto\"><\/ins>\n<script> \n(adsbygoogle = window.adsbygoogle || []).push({}); \n<\/script>\n<\/div>\n<p><em><small>Para participar do exame \u00e9 necess\u00e1rio ter no m\u00ednimo 15 anos para o Ensino Fundamental e 18 anos para o Ensino M\u00e9dio<\/small><\/em><\/p>\n\n\n\n<p>A partir de segunda-feira, dia 29 de abril, at\u00e9 dia 10 de maio, estar\u00e3o abertas as inscri\u00e7\u00f5es para os interessados em realizar o Encceja (Exame Nacional para Certifica\u00e7\u00e3o de Jovens e Adultos) 2024. Para participar do exame \u00e9 necess\u00e1rio ter no m\u00ednimo 15 anos para o Ensino Fundamental e 18 anos para o Ensino M\u00e9dio. As inscri\u00e7\u00f5es podem ser feitas on-line pelo link&nbsp;<a href=\"http:\/\/enccejanacional.inep.gov.br\/encceja\/#!\/inicial\">http:\/\/enccejanacional.inep.gov.br\/encceja\/#!\/inicial<\/a>. Mais informa\u00e7\u00f5es podem ser esclarecidas pelo telefone 19 9805 0151.<\/p>\n\n\n\n<p><strong>Encceja<\/strong><\/p>\n\n\n\n<p>O Exame Nacional para Certifica\u00e7\u00e3o de Compet\u00eancias de Jovens e Adultos (Encceja) foi realizado pela primeira vez em 2002 para aferir compet\u00eancias, habilidades e saberes de jovens e adultos que n\u00e3o conclu\u00edram o Ensino Fundamental ou Ensino M\u00e9dio na idade adequada.&nbsp;<\/p>\n\n\n\n<p>O Encceja \u00e9 realizado pelo Inep em colabora\u00e7\u00e3o com as secretarias estaduais e municipais de educa\u00e7\u00e3o.&nbsp;O Exame \u00e9 aplicado pelo Inep, mas a emiss\u00e3o do certificado e declara\u00e7\u00e3o de profici\u00eancia \u00e9 responsabilidade das Secretarias Estaduais de Educa\u00e7\u00e3o&nbsp;e Institutos Federais de Educa\u00e7\u00e3o, Ci\u00eancia e Tecnologia, que firmam Termo de Ades\u00e3o ao Encceja.<\/p>\n\n\n\n<p>O Exame tem quatro aplica\u00e7\u00f5es, com editais e cronogramas distintos: Encceja Nacional para residentes no Brasil, Encceja Nacional PPL, para residentes no Brasil privados de liberdade ou que cumprem medidas socioeducativas, Encceja Exterior, para brasileiros residentes no exterior, e Encceja Exterior PPL, para residentes no exterior privados de liberdade ou que cumprem medidas socioeducativas. As aplica\u00e7\u00f5es fora do Brasil s\u00e3o realizadas em parceria com o Minist\u00e9rio das Rela\u00e7\u00f5es Exteriores (MRE).<\/p>\n\n\n\n<p>S\u00e3o finalidades do Encceja: construir uma refer\u00eancia nacional de autoavalia\u00e7\u00e3o para jovens e adultos por meio de avalia\u00e7\u00e3o de compet\u00eancias, habilidades e saberes adquiridos em processo escolar ou extraescolar; estruturar uma avalia\u00e7\u00e3o direcionada a jovens e adultos que sirva \u00e0s Secretarias de Educa\u00e7\u00e3o para que estabele\u00e7am o processo de certifica\u00e7\u00e3o dos participantes, em n\u00edvel de conclus\u00e3o do Ensino Fundamental ou Ensino M\u00e9dio, por meio da utiliza\u00e7\u00e3o dos resultados do Exame; oferecer uma avalia\u00e7\u00e3o para fins de corre\u00e7\u00e3o do fluxo escolar; construir, consolidar e divulgar seus resultados para que possam ser utilizados na melhoria da qualidade na oferta da Educa\u00e7\u00e3o de Jovens e Adultos e no processo de certifica\u00e7\u00e3o; construir par\u00e2metros para a&nbsp;autoavalia\u00e7\u00e3o do participante, visando a continuidade de sua forma\u00e7\u00e3o e sua inser\u00e7\u00e3o no mundo do trabalho; possibilitar o desenvolvimento de estudos e indicadores sobre educa\u00e7\u00e3o brasileira.&nbsp;<\/p>\n\n\n\n<p>O Encceja \u00e9 direcionado aos jovens e adultos residentes no Brasil ou no exterior que n\u00e3o tiveram a oportunidade de concluir seus estudos em idade pr\u00f3pria e que atendam ao art. 38, \u00a71\u00ba e \u00a72\u00ba da Lei de Diretrizes e Base (LDB), a Lei 9.394 de 20 de dezembro de 1996: tenham, no m\u00ednimo, 15 anos completos na data de realiza\u00e7\u00e3o do Exame, para quem busca a certifica\u00e7\u00e3o do ensino fundamental; ou tenham, no m\u00ednimo, 18 anos completos na data de realiza\u00e7\u00e3o do Exame, para quem busca a certifica\u00e7\u00e3o do ensino m\u00e9dio.&nbsp;Para realizar a inscri\u00e7\u00e3o \u00e9 necess\u00e1rio ter registro no Cadastro de Pessoas F\u00edsicas (CPF) emitido pela Receita Federal do Brasil.<\/p>\n\n\n\n<p>As provas do Encceja obedecem aos requisitos b\u00e1sicos, estabelecidos pela legisla\u00e7\u00e3o em vigor, para o Ensino Fundamental e Ensino M\u00e9dio. S\u00e3o aplicadas em um \u00fanico dia, nos turnos matutino e vespertino. As datas de aplica\u00e7\u00e3o no Brasil e no exterior s\u00e3o distintas, assim como as provas para pessoas privadas de liberdade ou que cumprem medidas socioeducativas.<\/p>\n","protected":false},"excerpt":{"rendered":"<p>Para participar do exame \u00e9 necess\u00e1rio ter no m\u00ednimo 15 anos para o Ensino Fundamental e 18 anos para o Ensino M\u00e9dio A partir de segunda-feira, dia 29 de abril, at\u00e9 dia 10 de maio, estar\u00e3o abertas as inscri\u00e7\u00f5es para os interessados em realizar o Encceja (Exame Nacional para Certifica\u00e7\u00e3o de Jovens e Adultos) 2024. [&hellip;]<\/p>\n","protected":false},"author":8,"featured_media":22667,"comment_status":"closed","ping_status":"open","sticky":false,"template":"","format":"standard","meta":{"rop_custom_images_group":[],"rop_custom_messages_group":[],"rop_publish_now":"initial","rop_publish_now_accounts":[],"rop_publish_now_history":[],"rop_publish_now_status":"pending","footnotes":""},"categories":[188],"tags":[],"class_list":["post-22666","post","type-post","status-publish","format-standard","has-post-thumbnail","hentry","category-indaiatuba"],"amp_enabled":true,"_links":{"self":[{"href":"https:\/\/imais.online\/portal\/wp-json\/wp\/v2\/posts\/22666","targetHints":{"allow":["GET"]}}],"collection":[{"href":"https:\/\/imais.online\/portal\/wp-json\/wp\/v2\/posts"}],"about":[{"href":"https:\/\/imais.online\/portal\/wp-json\/wp\/v2\/types\/post"}],"author":[{"embeddable":true,"href":"https:\/\/imais.online\/portal\/wp-json\/wp\/v2\/users\/8"}],"replies":[{"embeddable":true,"href":"https:\/\/imais.online\/portal\/wp-json\/wp\/v2\/comments?post=22666"}],"version-history":[{"count":1,"href":"https:\/\/imais.online\/portal\/wp-json\/wp\/v2\/posts\/22666\/revisions"}],"predecessor-version":[{"id":22668,"href":"https:\/\/imais.online\/portal\/wp-json\/wp\/v2\/posts\/22666\/revisions\/22668"}],"wp:featuredmedia":[{"embeddable":true,"href":"https:\/\/imais.online\/portal\/wp-json\/wp\/v2\/media\/22667"}],"wp:attachment":[{"href":"https:\/\/imais.online\/portal\/wp-json\/wp\/v2\/media?parent=22666"}],"wp:term":[{"taxonomy":"category","embeddable":true,"href":"https:\/\/imais.online\/portal\/wp-json\/wp\/v2\/categories?post=22666"},{"taxonomy":"post_tag","embeddable":true,"href":"https:\/\/imais.online\/portal\/wp-json\/wp\/v2\/tags?post=22666"}],"curies":[{"name":"wp","href":"https:\/\/api.w.org\/{rel}","templated":true}]}}