{"id":22704,"date":"2024-05-03T07:24:45","date_gmt":"2024-05-03T10:24:45","guid":{"rendered":"https:\/\/imais.online\/portal\/?p=22704"},"modified":"2024-05-03T07:24:46","modified_gmt":"2024-05-03T10:24:46","slug":"prefeitura-de-indaiatuba-passa-a-vacinar-contra-gripe-toda-populacao-a-partir-de-seis-meses-de-idade","status":"publish","type":"post","link":"https:\/\/imais.online\/portal\/prefeitura-de-indaiatuba-passa-a-vacinar-contra-gripe-toda-populacao-a-partir-de-seis-meses-de-idade\/","title":{"rendered":"Prefeitura de Indaiatuba passa a vacinar contra gripe toda popula\u00e7\u00e3o a partir de seis meses de idade"},"content":{"rendered":"<div class=\"imais-before-content-placement\" id=\"imais-1429471271\"><script async src=\"\/\/pagead2.googlesyndication.com\/pagead\/js\/adsbygoogle.js?client=ca-pub-8787528412751566\" crossorigin=\"anonymous\"><\/script><ins class=\"adsbygoogle\" style=\"display:block;\" data-ad-client=\"ca-pub-8787528412751566\" \ndata-ad-slot=\"\" \ndata-ad-format=\"auto\"><\/ins>\n<script> \n(adsbygoogle = window.adsbygoogle || []).push({}); \n<\/script>\n<\/div>\n<p class=\"has-text-align-center\"><em>Imuniza\u00e7\u00e3o foi liberada pelo Minist\u00e9rio da Sa\u00fade e j\u00e1 pode ser ampliada em Indaiatuba<\/em><\/p>\n\n\n\n<p>A Prefeitura de Indaiatuba, seguindo determina\u00e7\u00e3o do Minist\u00e9rio da Sa\u00fade, abriu para toda a popula\u00e7\u00e3o a partir de seis meses de idade a vacina\u00e7\u00e3o contra gripe. A amplia\u00e7\u00e3o do p\u00fablico j\u00e1 est\u00e1 autorizada e pode ser procurada a partir desta quinta-feira (2) por todos os interessados na unidade b\u00e1sica de sa\u00fade de refer\u00eancia, das 7h30 \u00e0s 16h30 de segunda a sexta-feira.<\/p>\n\n\n\n<p>Em Indaiatuba 29.440 doses j\u00e1 foram aplicadas, o que corresponde a 41% do p\u00fablico-alvo. Os dois grupos com maior imuniza\u00e7\u00e3o \u00e9 o de idosos, com 15.173 doses (37% do p\u00fablico esperado), e o das crian\u00e7as, com 4.953 (32%) em raz\u00e3o da busca ativa da Secretaria de Sa\u00fade nas escolas municipais, estaduais e particulares.<\/p>\n\n\n\n<p>Segundo estudos a vacina da gripe \u00e9 importante por v\u00e1rias raz\u00f5es, entre elas a redu\u00e7\u00e3o do risco de contrair a gripe, uma doen\u00e7a viral que pode causar sintomas graves e, em alguns casos, at\u00e9 levar \u00e0 hospitaliza\u00e7\u00e3o. Ao se vacinar, voc\u00ea n\u00e3o s\u00f3 protege a si mesmo, mas tamb\u00e9m ajuda a proteger os outros ao reduzir a propaga\u00e7\u00e3o da doen\u00e7a na comunidade. Isso \u00e9 especialmente importante para grupos de alto risco, como idosos, crian\u00e7as pequenas e pessoas com condi\u00e7\u00f5es m\u00e9dicas subjacentes. A vacina\u00e7\u00e3o pode tamb\u00e9m reduzir o risco de complica\u00e7\u00f5es graves da gripe, como pneumonia e exacerba\u00e7\u00e3o de condi\u00e7\u00f5es m\u00e9dicas cr\u00f4nicas, como doen\u00e7as card\u00edacas e pulmonares. Ao evitar ficar doente com a gripe, voc\u00ea pode manter sua produtividade no trabalho, na escola ou em outras atividades, o que \u00e9 importante tanto para voc\u00ea quanto para a sociedade como um todo.<\/p>\n\n\n\n<p>As UBSs de Indaiatuba aplicam a vacina da gripe de segunda a sexta-feira, das 7h30 \u00e0s 16h30, exceto em feriados.<\/p>\n\n\n\n<p><strong>#PraTodosVerem:&nbsp;<\/strong>Foto colorida em uma pra\u00e7a de Indaiatuba, um senhor est\u00e1 \u00e0 esquerda utilizando m\u00e1scara preta recebe a vacina contra gripe de uma enfermeira \u00e0 direita, usando jaleco e m\u00e1scara azul. Fim da descri\u00e7\u00e3o.<\/p>\n","protected":false},"excerpt":{"rendered":"<p>Imuniza\u00e7\u00e3o foi liberada pelo Minist\u00e9rio da Sa\u00fade e j\u00e1 pode ser ampliada em Indaiatuba A Prefeitura de Indaiatuba, seguindo determina\u00e7\u00e3o do Minist\u00e9rio da Sa\u00fade, abriu para toda a popula\u00e7\u00e3o a partir de seis meses de idade a vacina\u00e7\u00e3o contra gripe. A amplia\u00e7\u00e3o do p\u00fablico j\u00e1 est\u00e1 autorizada e pode ser procurada a partir desta quinta-feira [&hellip;]<\/p>\n","protected":false},"author":7,"featured_media":22705,"comment_status":"closed","ping_status":"open","sticky":false,"template":"","format":"standard","meta":{"rop_custom_images_group":[],"rop_custom_messages_group":[],"rop_publish_now":"initial","rop_publish_now_accounts":[],"rop_publish_now_history":[],"rop_publish_now_status":"pending","footnotes":""},"categories":[188],"tags":[73],"class_list":["post-22704","post","type-post","status-publish","format-standard","has-post-thumbnail","hentry","category-indaiatuba","tag-featured"],"amp_enabled":true,"_links":{"self":[{"href":"https:\/\/imais.online\/portal\/wp-json\/wp\/v2\/posts\/22704","targetHints":{"allow":["GET"]}}],"collection":[{"href":"https:\/\/imais.online\/portal\/wp-json\/wp\/v2\/posts"}],"about":[{"href":"https:\/\/imais.online\/portal\/wp-json\/wp\/v2\/types\/post"}],"author":[{"embeddable":true,"href":"https:\/\/imais.online\/portal\/wp-json\/wp\/v2\/users\/7"}],"replies":[{"embeddable":true,"href":"https:\/\/imais.online\/portal\/wp-json\/wp\/v2\/comments?post=22704"}],"version-history":[{"count":1,"href":"https:\/\/imais.online\/portal\/wp-json\/wp\/v2\/posts\/22704\/revisions"}],"predecessor-version":[{"id":22706,"href":"https:\/\/imais.online\/portal\/wp-json\/wp\/v2\/posts\/22704\/revisions\/22706"}],"wp:featuredmedia":[{"embeddable":true,"href":"https:\/\/imais.online\/portal\/wp-json\/wp\/v2\/media\/22705"}],"wp:attachment":[{"href":"https:\/\/imais.online\/portal\/wp-json\/wp\/v2\/media?parent=22704"}],"wp:term":[{"taxonomy":"category","embeddable":true,"href":"https:\/\/imais.online\/portal\/wp-json\/wp\/v2\/categories?post=22704"},{"taxonomy":"post_tag","embeddable":true,"href":"https:\/\/imais.online\/portal\/wp-json\/wp\/v2\/tags?post=22704"}],"curies":[{"name":"wp","href":"https:\/\/api.w.org\/{rel}","templated":true}]}}