{"id":22716,"date":"2024-05-03T09:44:22","date_gmt":"2024-05-03T12:44:22","guid":{"rendered":"https:\/\/imais.online\/portal\/?p=22716"},"modified":"2024-05-03T09:44:23","modified_gmt":"2024-05-03T12:44:23","slug":"juros-do-cartao-de-credito-voltam-a-subir-em-marco-apos-dois-meses-de-queda","status":"publish","type":"post","link":"https:\/\/imais.online\/portal\/juros-do-cartao-de-credito-voltam-a-subir-em-marco-apos-dois-meses-de-queda\/","title":{"rendered":"Juros do cart\u00e3o de cr\u00e9dito voltam a subir em mar\u00e7o ap\u00f3s dois meses de queda"},"content":{"rendered":"<div class=\"imais-before-content-placement\" id=\"imais-2959554498\"><script async src=\"\/\/pagead2.googlesyndication.com\/pagead\/js\/adsbygoogle.js?client=ca-pub-8787528412751566\" crossorigin=\"anonymous\"><\/script><ins class=\"adsbygoogle\" style=\"display:block;\" data-ad-client=\"ca-pub-8787528412751566\" \ndata-ad-slot=\"\" \ndata-ad-format=\"auto\"><\/ins>\n<script> \n(adsbygoogle = window.adsbygoogle || []).push({}); \n<\/script>\n<\/div>\n<h2 class=\"wp-block-heading\">Taxa do cheque especial, segunda linha de cr\u00e9dito mais cara, voltou a cair e chegou a 127,6% ao ano, informou o Banco Central<\/h2>\n\n\n\n<p>A taxa m\u00e9dia de\u00a0<a href=\"https:\/\/renda-extra.r7.com\/limite-no-rotativo-do-cartao-de-credito-comeca-hoje-entenda-o-que-muda-01012024\">juros do rotativo do cart\u00e3o de cr\u00e9dito<\/a>\u00a0voltou a subir em mar\u00e7o ap\u00f3s dois meses seguidos de queda e chegou a 421,3% ao ano, maior n\u00edvel desde o in\u00edcio de 2024. O indicador teve alta de 9,4 pontos percentuais de fevereiro para mar\u00e7o. A informa\u00e7\u00e3o consta das\u00a0<a href=\"https:\/\/renda-extra.r7.com\/entenda-o-que-o-limite-no-rotativo-do-cartao-de-credito-muda-na-sua-vida-27122023\">Estat\u00edsticas Monet\u00e1rias e de Cr\u00e9dito<\/a>, divulgadas nesta sexta-feira (3) pelo Banco Central.<\/p>\n\n\n\n<p>Na pr\u00e1tica, qualquer d\u00edvida no cart\u00e3o de cr\u00e9dito feita h\u00e1 um ano cresce cinco vezes se o consumidor n\u00e3o pagar a fatura no dia do vencimento.<\/p>\n\n\n\n<p>Por exemplo, o consumidor que devia R$ 800 em janeiro do ano passado precisa desembolsar um adicional de R$ 3.370,40 para quitar o saldo devedor com a institui\u00e7\u00e3o financeira ap\u00f3s um ano, totalizando uma d\u00edvida de R$ 4.170,40.<\/p>\n\n\n\n<p>Em dezembro do ano passado, o\u00a0Conselho Monet\u00e1rio Nacional determinou um limite de 100% para as\u00a0<a href=\"https:\/\/noticias.r7.com\/brasilia\/juros-do-rotativo-do-cartao-nao-poderao-exceder-100-ao-mes-afirma-haddad-21122023\">taxas de juros do rotativo<\/a>. Essa decis\u00e3o entrou em vigor este ano e vale para as d\u00edvidas contra\u00eddas a partir de janeiro.<\/p>\n\n\n\n<p>Sendo assim, com a nova norma, se a d\u00edvida for de R$ 200, por exemplo, o valor total, com a cobran\u00e7a de juros e encargos, n\u00e3o poder\u00e1 exceder R$ 400.<\/p>\n\n\n\n<h3 class=\"wp-block-heading\"><strong>Cheque especial<\/strong><\/h3>\n\n\n\n<p>O cheque especial, segunda linha de cr\u00e9dito mais cara dispon\u00edvel no mercado, que est\u00e1 embutida na conta-corrente dos brasileiros, voltou a cair em mar\u00e7o. Os juros m\u00e9dios chegaram a 127,6% ao ano, 4,5 pontos percentuais a mais do que o registrado em fevereiro.<\/p>\n\n\n\n<p>No cheque especial, a mesma d\u00edvida do exemplo acima, mantida por um ano sem pagamento, salta para R$ 1.820,80.<\/p>\n\n\n\n<p>As varia\u00e7\u00f5es ocorrem diante do recente movimento de cortes seguidos da taxa b\u00e1sica de juros. As redu\u00e7\u00f5es de 0,5 ponto percentual levaram a taxa Selic a 10,75% ao ano, ante o patamar de 13,75% ao ano, que permaneceu vigente por um ano.<\/p>\n\n\n\n<h3 class=\"wp-block-heading\"><strong>Cr\u00e9dito consignado<\/strong><\/h3>\n\n\n\n<p>Para driblar os \u00edndices das modalidades com as maiores taxas de juros do mercado, os consumidores podem aderir ao empr\u00e9stimo consignado, que oferece desconto direto na folha de pagamento. A taxa da linha de cr\u00e9dito recuou 0,3 ponto percentual em mar\u00e7o e figura em 23,5% ao ano, a menor desde fevereiro de 2022 (23,1% ao ano).<\/p>\n\n\n\n<p>Dentro do consignado, as taxas variam entre os grupos de profissionais, com a menor delas cobrada aos\u00a0benefici\u00e1rios do INSS (Instituto Nacional do Seguro Social), 22,4% ao ano. Para os servidores p\u00fablicos\u00a0e trabalhadores do setor privado,\u00a0as cobran\u00e7as figuram em, respectivamente, 22,7% e 38% ao ano.<\/p>\n\n\n\n<p>Fonte R7<\/p>\n","protected":false},"excerpt":{"rendered":"<p>Taxa do cheque especial, segunda linha de cr\u00e9dito mais cara, voltou a cair e chegou a 127,6% ao ano, informou o Banco Central A taxa m\u00e9dia de\u00a0juros do rotativo do cart\u00e3o de cr\u00e9dito\u00a0voltou a subir em mar\u00e7o ap\u00f3s dois meses seguidos de queda e chegou a 421,3% ao ano, maior n\u00edvel desde o in\u00edcio de [&hellip;]<\/p>\n","protected":false},"author":8,"featured_media":22717,"comment_status":"closed","ping_status":"open","sticky":false,"template":"","format":"standard","meta":{"rop_custom_images_group":[],"rop_custom_messages_group":[],"rop_publish_now":"initial","rop_publish_now_accounts":[],"rop_publish_now_history":[],"rop_publish_now_status":"pending","footnotes":""},"categories":[192],"tags":[],"class_list":["post-22716","post","type-post","status-publish","format-standard","has-post-thumbnail","hentry","category-economia"],"amp_enabled":true,"_links":{"self":[{"href":"https:\/\/imais.online\/portal\/wp-json\/wp\/v2\/posts\/22716","targetHints":{"allow":["GET"]}}],"collection":[{"href":"https:\/\/imais.online\/portal\/wp-json\/wp\/v2\/posts"}],"about":[{"href":"https:\/\/imais.online\/portal\/wp-json\/wp\/v2\/types\/post"}],"author":[{"embeddable":true,"href":"https:\/\/imais.online\/portal\/wp-json\/wp\/v2\/users\/8"}],"replies":[{"embeddable":true,"href":"https:\/\/imais.online\/portal\/wp-json\/wp\/v2\/comments?post=22716"}],"version-history":[{"count":1,"href":"https:\/\/imais.online\/portal\/wp-json\/wp\/v2\/posts\/22716\/revisions"}],"predecessor-version":[{"id":22718,"href":"https:\/\/imais.online\/portal\/wp-json\/wp\/v2\/posts\/22716\/revisions\/22718"}],"wp:featuredmedia":[{"embeddable":true,"href":"https:\/\/imais.online\/portal\/wp-json\/wp\/v2\/media\/22717"}],"wp:attachment":[{"href":"https:\/\/imais.online\/portal\/wp-json\/wp\/v2\/media?parent=22716"}],"wp:term":[{"taxonomy":"category","embeddable":true,"href":"https:\/\/imais.online\/portal\/wp-json\/wp\/v2\/categories?post=22716"},{"taxonomy":"post_tag","embeddable":true,"href":"https:\/\/imais.online\/portal\/wp-json\/wp\/v2\/tags?post=22716"}],"curies":[{"name":"wp","href":"https:\/\/api.w.org\/{rel}","templated":true}]}}